{"id":576288,"date":"2025-12-03T22:33:15","date_gmt":"2025-12-03T22:33:15","guid":{"rendered":"https:\/\/www.europesays.com\/fr\/576288\/"},"modified":"2025-12-03T22:33:15","modified_gmt":"2025-12-03T22:33:15","slug":"la-piste-dune-vengeance-contre-le-fils-aine-de-la-famille-exploree","status":"publish","type":"post","link":"https:\/\/www.europesays.com\/fr\/576288\/","title":{"rendered":"La piste d\u2019une vengeance contre le fils a\u00een\u00e9 de la famille explor\u00e9e"},"content":{"rendered":"<p>Le parquet de Nancy a confirm\u00e9 ce mercredi 3\u00a0d\u00e9cembre que l\u2019enqu\u00eate sur <a href=\"https:\/\/www.20minutes.fr\/faits_divers\/4188765-20251130-meurthe-moselle-quatre-personnes-meurent-incendie\" class=\"c-link c-link--is-underlined\" target=\"_blank\" rel=\"noopener\">l\u2019incendie volontaire qui a fait cinq morts<\/a> dimanche \u00e0 Neuves-Maisons (<a href=\"https:\/\/www.20minutes.fr\/dossier\/meurthe-et-moselle\" class=\"c-link c-link--is-underlined\" target=\"_blank\" rel=\"noopener\">Meurthe-et-Moselle<\/a>) reste ouverte \u00e0 \u00ab\u00a0toutes les pistes\u00a0\u00bb, qu\u2019il s\u2019agisse du mobile ou du (ou des) auteur(s). Dans un court communiqu\u00e9, le procureur Fran\u00e7ois Capin-Dulhoste a annonc\u00e9 avoir requis l\u2019ouverture d\u2019une information judiciaire pour \u00ab\u00a0incendie volontaire ayant entra\u00een\u00e9 la mort\u00a0\u00bb.<\/p>\n<p>Dans la nuit de dimanche, vers 3h20, un incendie s\u2019est d\u00e9clar\u00e9 dans le pavillon familial. Les parents, \u00e2g\u00e9s de 59 et 60 ans, un adolescent de 16 ans et deux amis des enfants, \u00e2g\u00e9s de 16 et 20 ans, ont p\u00e9ri dans les flammes.<\/p>\n<p>Une possible vengeance<\/p>\n<p>Selon <a href=\"https:\/\/www.rtl.fr\/actu\/justice-faits-divers\/info-rtl-incendie-volontaire-en-meurthe-et-moselle-la-piste-d-une-vengeance-ou-d-une-intimidation-visant-le-fils-aine-de-la-famille-7900573392\" rel=\"nofollow noopener\" target=\"_blank\" class=\"c-link c-link--is-underlined\">RTL<\/a>, les gendarmes ont retrouv\u00e9 sur le point d\u2019origine du feu un produit \u00ab\u00a0acc\u00e9l\u00e9rant\u00a0\u00bb, confirmant le caract\u00e8re criminel de l\u2019incendie, d\u00e9j\u00e0 \u00e9voqu\u00e9 lundi soir par le parquet.<\/p>\n<p>L\u2019enqu\u00eate se penche \u00e9galement sur la piste d\u2019une possible vengeance ou intimidation visant le fils a\u00een\u00e9 de la famille, \u00e2g\u00e9 de 22 ans et r\u00e9cemment sorti de prison. Les raisons de son incarc\u00e9ration n\u2019ont pas \u00e9t\u00e9 pr\u00e9cis\u00e9es. Il est le seul survivant du drame, apr\u00e8s avoir r\u00e9ussi \u00e0 s\u2019extraire de la maison en grimpant sur les toits. Le <a href=\"https:\/\/www.estrepublicain.fr\/faits-divers-justice\/2025\/12\/03\/cinq-morts-a-neuves-maisons-la-piste-d-un-reglement-de-comptes-sur-fond-de-trafic-de-drogues\" rel=\"nofollow noopener\" target=\"_blank\" class=\"c-link c-link--is-underlined\">quotidien L\u2019Est R\u00e9publicain<\/a> \u00e9voque la piste d\u2019un r\u00e8glement de comptes li\u00e9 \u00e0 des trafics, une hypoth\u00e8se que le parquet ne confirme pas \u00e0 ce stade mais qui n\u2019est pas \u00e9cart\u00e9e.<\/p>\n","protected":false},"excerpt":{"rendered":"Le parquet de Nancy a confirm\u00e9 ce mercredi 3\u00a0d\u00e9cembre que l\u2019enqu\u00eate sur l\u2019incendie volontaire qui a fait cinq&hellip;\n","protected":false},"author":2,"featured_media":576289,"comment_status":"","ping_status":"","sticky":false,"template":"","format":"standard","meta":{"footnotes":""},"categories":[2],"tags":[47,11,1084,118,1011,27,775,1310,23559,776,3457,12,5511],"class_list":{"0":"post-576288","1":"post","2":"type-post","3":"status-publish","4":"format-standard","5":"has-post-thumbnail","7":"category-actualites","8":"tag-actualite","9":"tag-actualites","10":"tag-adolescent","11":"tag-faits-divers","12":"tag-fr","13":"tag-france","14":"tag-grand-est","15":"tag-incendie","16":"tag-incendie-criminel","17":"tag-lorraine","18":"tag-meurthe-et-moselle","19":"tag-news","20":"tag-procureur"},"share_on_mastodon":{"url":"https:\/\/pubeurope.com\/@fr\/115658018265183323","error":""},"_links":{"self":[{"href":"https:\/\/www.europesays.com\/fr\/wp-json\/wp\/v2\/posts\/576288","targetHints":{"allow":["GET"]}}],"collection":[{"href":"https:\/\/www.europesays.com\/fr\/wp-json\/wp\/v2\/posts"}],"about":[{"href":"https:\/\/www.europesays.com\/fr\/wp-json\/wp\/v2\/types\/post"}],"author":[{"embeddable":true,"href":"https:\/\/www.europesays.com\/fr\/wp-json\/wp\/v2\/users\/2"}],"replies":[{"embeddable":true,"href":"https:\/\/www.europesays.com\/fr\/wp-json\/wp\/v2\/comments?post=576288"}],"version-history":[{"count":0,"href":"https:\/\/www.europesays.com\/fr\/wp-json\/wp\/v2\/posts\/576288\/revisions"}],"wp:featuredmedia":[{"embeddable":true,"href":"https:\/\/www.europesays.com\/fr\/wp-json\/wp\/v2\/media\/576289"}],"wp:attachment":[{"href":"https:\/\/www.europesays.com\/fr\/wp-json\/wp\/v2\/media?parent=576288"}],"wp:term":[{"taxonomy":"category","embeddable":true,"href":"https:\/\/www.europesays.com\/fr\/wp-json\/wp\/v2\/categories?post=576288"},{"taxonomy":"post_tag","embeddable":true,"href":"https:\/\/www.europesays.com\/fr\/wp-json\/wp\/v2\/tags?post=576288"}],"curies":[{"name":"wp","href":"https:\/\/api.w.org\/{rel}","templated":true}]}}