{"id":576292,"date":"2025-12-03T22:35:21","date_gmt":"2025-12-03T22:35:21","guid":{"rendered":"https:\/\/www.europesays.com\/fr\/576292\/"},"modified":"2025-12-03T22:35:21","modified_gmt":"2025-12-03T22:35:21","slug":"huis-clos-total-pour-nice-saint-etienne-en-coupe-de-france-coupe-de-france-32es-de-finale-nice-saint-etienne","status":"publish","type":"post","link":"https:\/\/www.europesays.com\/fr\/576292\/","title":{"rendered":"Huis clos total pour Nice-Saint-\u00c9tienne en Coupe de France &#8211; Coupe de France &#8211; 32es de finale &#8211; Nice-Saint-\u00c9tienne"},"content":{"rendered":"<p><a target=\"_blank\" href=\"https:\/\/www.sofoot.com\/breves\/les-joueurs-de-nice-prennent-la-parole-apres-les-violences-de-dimanche\" rel=\"noopener\">Parce qu\u2019un malheur ne vient jamais seul.<\/a><\/p>\n<p>Encore sonn\u00e9 apr\u00e8s <a target=\"_blank\" href=\"https:\/\/www.sofoot.com\/articles\/crise-sportive-et-violence-des-supporters-une-descente-aux-enfers-de-logc-nice\" rel=\"noopener\">les incidents de dimanche<\/a>, <strong>l\u2019OGC Nice a vu la commission de discipline de la LFP lui infliger un huis clos total<\/strong> \u00e0 la suite du comportement de ses supporters lors de la d\u00e9faite face \u00e0 l\u2019Olympique de Marseille (1-5), le 21 novembre dernier. La liste des infractions est la suivante : \u00ab\u00a0un jet d\u2019un objet ayant atteint un acteur entra\u00eenant une premi\u00e8re interruption temporaire de la rencontre, l\u2019usage massif d\u2019engins pyrotechniques ayant entra\u00een\u00e9 une seconde interruption temporaire de la rencontre, et des expressions orales constat\u00e9es\u00a0\u00bb.\u00a0<\/p>\n<p>La f\u00eate est g\u00e2ch\u00e9e<\/p>\n<p>Cons\u00e9quence :<strong> la rencontre des 32es\u00a0de finale de la Coupe de France entre Nice et Saint-\u00c9tienne (Ligue 2), programm\u00e9e le 21 d\u00e9cembre prochain, se jouera dans un stade vide<\/strong>. De plus,<strong> la tribune Populaire Sud sera ferm\u00e9e pour la r\u00e9ception de Strasbourg, le 3 janvier prochain<\/strong>, puisque le club a aussi \u00e9cop\u00e9 d\u2019un huis clos partiel pour le m\u00eame motif.<\/p>\n<p>Quand est-ce que \u00e7a s\u2019arr\u00eate ?<\/p>\n<p>\t\t\t\t\t\t\t\t\t\t<a class=\"lien-connexe\" href=\"https:\/\/www.sofoot.com\/breves\/les-joueurs-de-nice-prennent-la-parole-apres-les-violences-de-dimanche\" target=\"_blank\" rel=\"noopener\">Les joueurs de Nice prennent la parole apr\u00e8s les violences de dimanche<\/a>\t\t\t\t\t<\/p>\n","protected":false},"excerpt":{"rendered":"Parce qu\u2019un malheur ne vient jamais seul. Encore sonn\u00e9 apr\u00e8s les incidents de dimanche, l\u2019OGC Nice a vu&hellip;\n","protected":false},"author":2,"featured_media":576293,"comment_status":"","ping_status":"","sticky":false,"template":"","format":"standard","meta":{"footnotes":""},"categories":[9653],"tags":[1111,47,11,61,2430,69,65,64,1777,674,63,1011,27,68,66,12,62,70,25,4001,67],"class_list":{"0":"post-576292","1":"post","2":"type-post","3":"status-publish","4":"format-standard","5":"has-post-thumbnail","7":"category-saint-etienne","8":"tag-actu","9":"tag-actualite","10":"tag-actualites","11":"tag-actus-football","12":"tag-auvergne-rhone-alpes","13":"tag-bundesliga","14":"tag-championnats-europeens","15":"tag-equipe-de-france","16":"tag-eu","17":"tag-europe","18":"tag-football","19":"tag-fr","20":"tag-france","21":"tag-ligua","22":"tag-ligue-1","23":"tag-news","24":"tag-news-foot","25":"tag-premier-league","26":"tag-republique-francaise","27":"tag-saint-etienne","28":"tag-serie-a"},"share_on_mastodon":{"url":"https:\/\/pubeurope.com\/@fr\/115658026267940471","error":""},"_links":{"self":[{"href":"https:\/\/www.europesays.com\/fr\/wp-json\/wp\/v2\/posts\/576292","targetHints":{"allow":["GET"]}}],"collection":[{"href":"https:\/\/www.europesays.com\/fr\/wp-json\/wp\/v2\/posts"}],"about":[{"href":"https:\/\/www.europesays.com\/fr\/wp-json\/wp\/v2\/types\/post"}],"author":[{"embeddable":true,"href":"https:\/\/www.europesays.com\/fr\/wp-json\/wp\/v2\/users\/2"}],"replies":[{"embeddable":true,"href":"https:\/\/www.europesays.com\/fr\/wp-json\/wp\/v2\/comments?post=576292"}],"version-history":[{"count":0,"href":"https:\/\/www.europesays.com\/fr\/wp-json\/wp\/v2\/posts\/576292\/revisions"}],"wp:featuredmedia":[{"embeddable":true,"href":"https:\/\/www.europesays.com\/fr\/wp-json\/wp\/v2\/media\/576293"}],"wp:attachment":[{"href":"https:\/\/www.europesays.com\/fr\/wp-json\/wp\/v2\/media?parent=576292"}],"wp:term":[{"taxonomy":"category","embeddable":true,"href":"https:\/\/www.europesays.com\/fr\/wp-json\/wp\/v2\/categories?post=576292"},{"taxonomy":"post_tag","embeddable":true,"href":"https:\/\/www.europesays.com\/fr\/wp-json\/wp\/v2\/tags?post=576292"}],"curies":[{"name":"wp","href":"https:\/\/api.w.org\/{rel}","templated":true}]}}