{"id":576294,"date":"2025-12-03T22:36:14","date_gmt":"2025-12-03T22:36:14","guid":{"rendered":"https:\/\/www.europesays.com\/fr\/576294\/"},"modified":"2025-12-03T22:36:14","modified_gmt":"2025-12-03T22:36:14","slug":"dans-les-coulisses-du-concours-miss-grand-mere-2026-a-nancy","status":"publish","type":"post","link":"https:\/\/www.europesays.com\/fr\/576294\/","title":{"rendered":"dans les coulisses du concours Miss Grand-m\u00e8re 2026 \u00e0 Nancy"},"content":{"rendered":"<p>\u00ab\u00a0Merci, merci beaucoup\u2026 C\u2019est magnifique.\u00a0\u00bb Solange Macadr\u00e9, 95 ans, a les larmes aux yeux, saisie par une \u00e9motion qu\u2019elle n\u2019arrive pas \u00e0 contenir.<\/p>\n<p>Apr\u00e8s une s\u00e9ance de coiffure suivie d\u2019une s\u00e9ance de maquillage, la nonag\u00e9naire vient de se d\u00e9couvrir transform\u00e9e en se regardant dans une glace. Ses remerciements vont aux deux apprenties en coiffure et esth\u00e9tique qui ont pris soin d\u2019elle le temps d\u2019un apr\u00e8s-midi.<\/p>\n<p>  D\u00e9but du vote le 31\u00a0mars<\/p>\n<p>Solange Macadr\u00e9 fait partie des cinq r\u00e9sidentes de <a href=\"https:\/\/www.estrepublicain.fr\/societe\/2025\/03\/11\/quatre-residentes-de-l-ehpad-en-lice-pour-miss-grand-mere-en-fete\" target=\"_blank\" rel=\"noopener\">l\u2019Ehpad Saint-Charles, \u00e0 Bayon,<\/a> qui participent au concours national Miss Grand-m\u00e8re. Ce mardi 2\u00a0d\u00e9cembre, elle a pass\u00e9 un moment inoubliable \u00e0 la CMA (Chambre des m\u00e9tiers et de l\u2019artisanat) Formation Nancy, en compagnie d\u2019Annette Penet, 78 ans, de Thi-Duc Bellon, 93 ans, Marie-France Lochard, 82 ans, et Nicole Briba, 88 ans.<\/p>\n<p>Les cinq r\u00e9sidentes de l\u2019Ehpad Saint-Charles, accompagn\u00e9es par Nathalie G\u00e9rardin, ont \u00e9t\u00e9 confi\u00e9es \u00e0 cinq apprenties coiffeuses et cinq apprenties esth\u00e9ticiennes, en deuxi\u00e8me ann\u00e9e de CAP. \u00ab\u00a0Les apprenties ont pour mission de les mettre en beaut\u00e9 pour le <a href=\"https:\/\/www.estrepublicain.fr\/economie\/2025\/04\/14\/miss-grand-mere-jeanne-nicot-en-finale\" target=\"_blank\" rel=\"noopener\">concours de Miss Grand-m\u00e8re<\/a> \u00a0\u00bb, explique Nathalie G\u00e9rardin, coiffeuse salari\u00e9e \u00e0 l\u2019Ehpad Saint-Charles, \u00e0 Bayon. \u00ab\u00a0Une fois qu\u2019elles auront toutes \u00e9t\u00e9 coiff\u00e9es et maquill\u00e9es, on les prendra en photo. Pour le concours, il faut pr\u00e9senter un clich\u00e9 pris avant et un autre apr\u00e8s les s\u00e9ances de coiffure et de maquillage. Ce sont d\u2019apr\u00e8s ces photos que les gens pourront voter pour leur Miss Grand-m\u00e8re sp\u00e9cial Ehpad, \u00e0 partir du 31\u00a0mars 2026, premi\u00e8re \u00e9tape du concours\u00a0\u00bb.<\/p>\n<p>Pour Ir\u00e8ne Jouglard, responsable de la classe CAP deuxi\u00e8me ann\u00e9e de coiffure, c\u2019est une belle exp\u00e9rience pour les apprenties. \u00ab\u00a0Cette journ\u00e9e renforce le <a href=\"https:\/\/www.estrepublicain.fr\/insolite\/2025\/01\/19\/le-concours-miss-grand-mere-voit-huit-candidates-coiffees-et-maquillees-pour-la-seance-photo\" target=\"_blank\" rel=\"noopener\">lien interg\u00e9n\u00e9rationnel.<\/a> \u00a0Nous avons choisi les apprenties pour leur pratique mais aussi pour leur savoir-\u00eatre et leur personnalit\u00e9. Coiffer des personnes \u00e2g\u00e9es demande plus d\u2019attention et de douceur. Elles doivent s\u2019adapter, elles n\u2019ont pas l\u2019habitude de faire des coiffures telles que des mises en plis.\u00a0\u00bb<\/p>\n<p>  Du bonheur dans les yeux<\/p>\n<p>Sarah Bruant, conseill\u00e8re principale d\u2019\u00e9ducation, \u00e9voque quant \u00e0 elle une journ\u00e9e tourn\u00e9e vers l\u2019empathie et les \u00e9changes. \u00ab Nos filles ont plut\u00f4t l&rsquo;habitude qu\u2019on leur propose des concours o\u00f9 elles doivent travailler vite, avec la pression de la r\u00e9ussite. Aujourd\u2019hui, c\u2019est tout autre chose. Elles prennent le temps d\u2019\u00e9couter, d\u2019\u00e9changer, de rassurer leurs clientes.\u00a0\u00bb Marie Vinel, professeure d\u2019esth\u00e9tique, salue elle aussi les bienfaits de cette journ\u00e9e, autant pour les r\u00e9sidentes de l\u2019Ehpad que pour les apprenties. \u00ab\u00a0Dans leur carri\u00e8re, nos futures esth\u00e9ticiennes seront plus souvent amen\u00e9es \u00e0 faire du maquillage pour des mariages que de sublimer la beaut\u00e9 naturelle de personnes \u00e2g\u00e9es. Elles sont toutes tr\u00e8s enthousiastes.\u00a0\u00bb<\/p>\n<p>\u00c0 voir les sourires, il semble que le pari soit gagn\u00e9. \u00ab\u00a0Ce qui m\u2019\u00e9meut, confie L\u00e9a Perroux-Gay, 16 ans, en CAP esth\u00e9tique, c\u2019est de lire le bonheur dans les yeux de toutes ces dames \u00e2g\u00e9es.\u00a0\u00bb<\/p>\n","protected":false},"excerpt":{"rendered":"\u00ab\u00a0Merci, merci beaucoup\u2026 C\u2019est magnifique.\u00a0\u00bb Solange Macadr\u00e9, 95 ans, a les larmes aux yeux, saisie par une \u00e9motion&hellip;\n","protected":false},"author":2,"featured_media":576295,"comment_status":"","ping_status":"","sticky":false,"template":"","format":"standard","meta":{"footnotes":""},"categories":[9635],"tags":[1111,11,1707,1704,1706,1705,1777,674,1011,27,775,1757,3457,1702,1703,12,25,104],"class_list":{"0":"post-576294","1":"post","2":"type-post","3":"status-publish","4":"format-standard","5":"has-post-thumbnail","7":"category-nancy","8":"tag-actu","9":"tag-actualites","10":"tag-edition-luneville","11":"tag-edition-nancy-et-agglomeration","12":"tag-edition-pont-a-mousson","13":"tag-edition-toul","14":"tag-eu","15":"tag-europe","16":"tag-fr","17":"tag-france","18":"tag-grand-est","19":"tag-insolite","20":"tag-meurthe-et-moselle","21":"tag-nancy","22":"tag-nancy-ville-54b","23":"tag-news","24":"tag-republique-francaise","25":"tag-societe"},"share_on_mastodon":{"url":"https:\/\/pubeurope.com\/@fr\/115658030010775889","error":""},"_links":{"self":[{"href":"https:\/\/www.europesays.com\/fr\/wp-json\/wp\/v2\/posts\/576294","targetHints":{"allow":["GET"]}}],"collection":[{"href":"https:\/\/www.europesays.com\/fr\/wp-json\/wp\/v2\/posts"}],"about":[{"href":"https:\/\/www.europesays.com\/fr\/wp-json\/wp\/v2\/types\/post"}],"author":[{"embeddable":true,"href":"https:\/\/www.europesays.com\/fr\/wp-json\/wp\/v2\/users\/2"}],"replies":[{"embeddable":true,"href":"https:\/\/www.europesays.com\/fr\/wp-json\/wp\/v2\/comments?post=576294"}],"version-history":[{"count":0,"href":"https:\/\/www.europesays.com\/fr\/wp-json\/wp\/v2\/posts\/576294\/revisions"}],"wp:featuredmedia":[{"embeddable":true,"href":"https:\/\/www.europesays.com\/fr\/wp-json\/wp\/v2\/media\/576295"}],"wp:attachment":[{"href":"https:\/\/www.europesays.com\/fr\/wp-json\/wp\/v2\/media?parent=576294"}],"wp:term":[{"taxonomy":"category","embeddable":true,"href":"https:\/\/www.europesays.com\/fr\/wp-json\/wp\/v2\/categories?post=576294"},{"taxonomy":"post_tag","embeddable":true,"href":"https:\/\/www.europesays.com\/fr\/wp-json\/wp\/v2\/tags?post=576294"}],"curies":[{"name":"wp","href":"https:\/\/api.w.org\/{rel}","templated":true}]}}