{"id":576301,"date":"2025-12-03T22:42:19","date_gmt":"2025-12-03T22:42:19","guid":{"rendered":"https:\/\/www.europesays.com\/fr\/576301\/"},"modified":"2025-12-03T22:42:19","modified_gmt":"2025-12-03T22:42:19","slug":"changement-du-prefet-de-lherault-la-raison-du-depart-surprise-de-francois-xavier-lauch","status":"publish","type":"post","link":"https:\/\/www.europesays.com\/fr\/576301\/","title":{"rendered":"Changement du pr\u00e9fet de l\u2019H\u00e9rault\u00a0: la raison du d\u00e9part surprise de Fran\u00e7ois-Xavier Lauch"},"content":{"rendered":"<p>\n                                                                Fran\u00e7ois-Xavier Lauch, en poste dans l\u2019H\u00e9rault depuis octobre\u00a02023, a \u00e9t\u00e9 nomm\u00e9 ce mardi, pr\u00e9fet du Nord-Pas-de-Calais. Un d\u00e9part surprise.\n                            <\/p>\n<p>\u00c0 tous ceux, et ils sont nombreux, qui s\u2019interrogeaient sur le d\u00e9part assez rapide du pr\u00e9fet Fran\u00e7ois-Xavier Lauch pour le Nord Pas de Calais, le Canard Encha\u00een\u00e9 apporte sans doute une r\u00e9ponse. Dans sa derni\u00e8re \u00e9dition, l\u2019hebdomadaire satirique indique que l\u2019\u00c9lys\u00e9e n\u2019a pas du tout appr\u00e9ci\u00e9 le d\u00e9roulement d\u2019un voyage officiel organis\u00e9 \u00e0 Arras, dans le Pas-de-Calais, le 19\u00a0novembre dernier.<\/p>\n<p>L\u2019\u00c9lys\u00e9e contrari\u00e9<\/p>\n<p>En raison d\u2019une manifestation d\u2019agriculteurs, le cort\u00e8ge d\u2019Emmanuel Macron s\u2019est retrouv\u00e9 bloqu\u00e9 et le Pr\u00e9sident de la R\u00e9publique a \u00e9t\u00e9 contraint de finir son d\u00e9placement \u00e0 pieds et sous la pluie.<\/p>\n<p>Une d\u00e9sagr\u00e9able contrari\u00e9t\u00e9 pour l\u2019int\u00e9ress\u00e9, pour son service de s\u00e9curit\u00e9\u2026 et pour le pr\u00e9fet du d\u00e9partement, cens\u00e9 avoir pr\u00e9par\u00e9 le voyage et ses \u00e9ventuelles vicissitudes dans ses moindres d\u00e9tails.<br \/>Selon le Canard et d\u2019autres m\u00e9dias du Pas-de-Calais, le pr\u00e9fet du d\u00e9partement, Laurent Touvet, a directement fait les frais des difficult\u00e9s relev\u00e9es lors de ce voyage.<\/p>\n<p>Le haut fonctionnaire a \u00e9t\u00e9 mut\u00e9 le 26\u00a0novembre, sept mois seulement apr\u00e8s son arriv\u00e9e \u00e0 Arras. Et c\u2019est le pr\u00e9fet de l\u2019H\u00e9rault, Fran\u00e7ois-Xavier Lauch qui a donc \u00e9t\u00e9 nomm\u00e9, mardi en conseil des ministres, pour le remplacer. \u00c0 peine deux ans apr\u00e8s sa nomination \u00e0 Montpellier, o\u00f9 il semblait avoir pris ses marques, le repr\u00e9sentant de l\u2019\u00c9tat pare ainsi au plus press\u00e9 dans un d\u00e9partement particuli\u00e8rement concern\u00e9 par les questions migratoires.<\/p>\n<p>Fran\u00e7ois-Xavier Lauch est consid\u00e9r\u00e9 comme un proche d\u2019Emmanuel Macron pour lequel il a rempli les missions de directeur de cabinet adjoint avant de rejoindre pendant quelques mois la pr\u00e9fecture du Tarn. Ainsi va la vie des grands commis de l\u2019\u00c9tat parfois soumise aux al\u00e9as d\u2019un voyage officiel qui se passe mal.<\/p>\n","protected":false},"excerpt":{"rendered":"Fran\u00e7ois-Xavier Lauch, en poste dans l\u2019H\u00e9rault depuis octobre\u00a02023, a \u00e9t\u00e9 nomm\u00e9 ce mardi, pr\u00e9fet du Nord-Pas-de-Calais. Un d\u00e9part&hellip;\n","protected":false},"author":2,"featured_media":576302,"comment_status":"","ping_status":"","sticky":false,"template":"","format":"standard","meta":{"footnotes":""},"categories":[9599],"tags":[1111,11,1777,674,1011,27,7089,2208,12,2680,25,1857],"class_list":{"0":"post-576301","1":"post","2":"type-post","3":"status-publish","4":"format-standard","5":"has-post-thumbnail","7":"category-montpellier","8":"tag-actu","9":"tag-actualites","10":"tag-eu","11":"tag-europe","12":"tag-fr","13":"tag-france","14":"tag-herault","15":"tag-montpellier","16":"tag-news","17":"tag-occitanie","18":"tag-republique-francaise","19":"tag-sociu00e9tu00e9"},"share_on_mastodon":{"url":"https:\/\/pubeurope.com\/@fr\/115658053804312135","error":""},"_links":{"self":[{"href":"https:\/\/www.europesays.com\/fr\/wp-json\/wp\/v2\/posts\/576301","targetHints":{"allow":["GET"]}}],"collection":[{"href":"https:\/\/www.europesays.com\/fr\/wp-json\/wp\/v2\/posts"}],"about":[{"href":"https:\/\/www.europesays.com\/fr\/wp-json\/wp\/v2\/types\/post"}],"author":[{"embeddable":true,"href":"https:\/\/www.europesays.com\/fr\/wp-json\/wp\/v2\/users\/2"}],"replies":[{"embeddable":true,"href":"https:\/\/www.europesays.com\/fr\/wp-json\/wp\/v2\/comments?post=576301"}],"version-history":[{"count":0,"href":"https:\/\/www.europesays.com\/fr\/wp-json\/wp\/v2\/posts\/576301\/revisions"}],"wp:featuredmedia":[{"embeddable":true,"href":"https:\/\/www.europesays.com\/fr\/wp-json\/wp\/v2\/media\/576302"}],"wp:attachment":[{"href":"https:\/\/www.europesays.com\/fr\/wp-json\/wp\/v2\/media?parent=576301"}],"wp:term":[{"taxonomy":"category","embeddable":true,"href":"https:\/\/www.europesays.com\/fr\/wp-json\/wp\/v2\/categories?post=576301"},{"taxonomy":"post_tag","embeddable":true,"href":"https:\/\/www.europesays.com\/fr\/wp-json\/wp\/v2\/tags?post=576301"}],"curies":[{"name":"wp","href":"https:\/\/api.w.org\/{rel}","templated":true}]}}