{"id":576303,"date":"2025-12-03T22:43:23","date_gmt":"2025-12-03T22:43:23","guid":{"rendered":"https:\/\/www.europesays.com\/fr\/576303\/"},"modified":"2025-12-03T22:43:23","modified_gmt":"2025-12-03T22:43:23","slug":"la-plus-grande-creche-de-noel-de-france-aux-feeries-daniane","status":"publish","type":"post","link":"https:\/\/www.europesays.com\/fr\/576303\/","title":{"rendered":"la plus grande cr\u00e8che de No\u00ebl de France aux F\u00e9\u00e9ries d&rsquo;Aniane"},"content":{"rendered":"<p>                    Par<br \/>\n        <strong><br \/>\n            <a href=\"https:\/\/actu.fr\/auteur\/metropoop\" title=\"Consulter tous les articles de R\u00e9daction M\u00e9tropolitain\" target=\"_blank\" rel=\"noopener\">R\u00e9daction M\u00e9tropolitain<\/a><br \/>\n                    <\/strong><\/p>\n<p>        Publi\u00e9 le<\/p>\n<p>            3 d\u00e9c. 2025 \u00e0 17h45        <\/p>\n<p>C\u2019est la <strong>plus grande cr\u00e8che de No\u00ebl de France<\/strong> : magnifique et originale, elle\u00a0est propos\u00e9e, cette ann\u00e9e encore, aux <strong>F\u00e9\u00e9ries d\u2019Aniane<\/strong>, cette commune de la vall\u00e9e de l\u2019H\u00e9rault \u00e0 25km \u00e0 l\u2019ouest de Montpellier.<\/p>\n<p class=\" wall-content\">Un parcours unique et merveilleux est \u00e0 d\u00e9couvrir au c\u0153ur de la chapelle des P\u00e9nitents, o\u00f9 petits et grands peuvent d\u00e9couvrir <strong>une v\u00e9ritable cr\u00e8che \u00e0 taille humaine<\/strong>, remplie de sc\u00e8nes et de personnages plus vrais que nature. Et du cru, puisque la plupart repr\u00e9sentent le terroir.<\/p>\n<p>    <a href=\"https:\/\/www.google.com\/maps\/embed?pb=!1m18!1m12!1m3!1d4813.33760409128!2d3.5833013929429955!3d43.68423179927002!2m3!1f0!2f0!3f0!3m2!1i1024!2i768!4f13.1!3m3!1m2!1s0x12b157638219c5f9%3A0x7d4b1929f11a501!2sChapelle%20des%20P%C3%A9nitents%20Blancs!5e0!3m2!1sfr!2sfr!4v1764780131186!5m2!1sfr!2sfr\" title=\"Ouvrie le lien\" target=\"_blank\" rel=\"noopener\">Cliquez ici pour visualiser le contenu<\/a><\/p>\n<p class=\" wall-content\"><strong>\u00c0 voir<\/strong> du mercredi au samedi de 14h \u00e0 18h30.Le dimanche de 10h30 \u00e0 18h30. Ouvert lundi 22 et mardi 23 d\u00e9cembre 2025 de 14h \u00e0 18h30. Lundi 29 et mardi 30 d\u00e9cembre de 14h \u00e0 18h30. Le 25 d\u00e9cembre et 1er et janvier 2026 de 15h \u00e0 18h.<\/p>\n<p>    <img   decoding=\"async\" loading=\"lazy\" src=\"https:\/\/www.europesays.com\/fr\/wp-content\/uploads\/2025\/12\/590579164-1287483816744214-6235552243845376419-n-960x640.jpg\" alt=\"Le fameux Pont du Diable aux portes d'Aniane est reconstitu\u00e9 dans la cr\u00e8che\" width=\"960\" height=\"640\"\/><br \/>\n    Le fameux Pont du Diable aux portes d\u2019Aniane est reconstitu\u00e9 dans la cr\u00e8che (\u00a9St\u00e9phane Cambon)Vid\u00e9os : en ce moment sur Actu<\/p>\n<p class=\" wall-content\">Qui dit cr\u00e8che, dit <strong>santons<\/strong> bien s\u00fbr : la boutique aux santons est pr\u00e9sente sur le site, o\u00f9 on peut d\u00e9nicher des sanctions artisanaux de Provence aux stands Di Landro, Mayans, Rovech et C\u00f4t\u00e9 Santons. Un hommage est rendu aux viticulteurs, dont les caves et les domaines sont nombreux \u00e0 Aniane et alentour.<\/p>\n<p class=\" wall-content\">\n    <img   decoding=\"async\" loading=\"lazy\" src=\"https:\/\/www.europesays.com\/fr\/wp-content\/uploads\/2025\/12\/593605143-1287484380077491-4501529378390170703-n-960x640.jpg\" alt=\"Une magnifique cr!che, lap luis belle de France, \u00e0 Aniane\" width=\"960\" height=\"640\"\/><br \/>\n    Une magnifique cr\u00e8che, la plus belle de France, \u00e0 Aniane (\u00a9F\u00e9\u00e9ries Aniane)<br \/>\n    <img   decoding=\"async\" loading=\"lazy\" src=\"https:\/\/www.europesays.com\/fr\/wp-content\/uploads\/2025\/12\/592370910-1287484546744141-2282807019823048182-n-960x640.jpg\" alt=\"cr\u00e8che\" width=\"960\" height=\"640\"\/><br \/>\n    La cr\u00e8che traditionnelle reine des F\u00e9\u00e9ries d\u2019Aniane\u00a0(\u00a9St\u00e9phane Cambon)<br \/>\n    <img   decoding=\"async\" loading=\"lazy\" src=\"https:\/\/www.europesays.com\/fr\/wp-content\/uploads\/2025\/12\/592375512-1287483726744223-4964088702286127732-n-960x640.jpg\" alt=\"Cr!che\" width=\"960\" height=\"640\"\/><br \/>\n    L\u2019incontournable P\u00e8re No\u00ebl\u00a0(\u00a9St\u00e9phane Cambon)<br \/>\n    <img   decoding=\"async\" loading=\"lazy\" src=\"https:\/\/www.europesays.com\/fr\/wp-content\/uploads\/2025\/12\/590579164-1287483816744214-6235552243845376419-n-960x640.jpg\" alt=\"Le fameux Pont du Diable aux portes d'Aniane est reconstitu\u00e9 dans la cr\u00e8che\" width=\"960\" height=\"640\"\/><br \/>\n    Le fameux Pont du Diable aux portes d\u2019Aniane est reconstitu\u00e9 dans la cr\u00e8che (@F\u00e9\u00e9ries Aniane)<br \/>\n    <img   decoding=\"async\" loading=\"lazy\" src=\"https:\/\/www.europesays.com\/fr\/wp-content\/uploads\/2025\/12\/593669989-1287484523410810-2970595159903875534-n-1-960x640.jpg\" alt=\"Les Rois Mages ne sont pas oubli\u00e9s avec un superbe chameau\" width=\"960\" height=\"640\"\/><br \/>\n    Les Rois Mages ne sont pas oubli\u00e9s avec un superbe chameau (\u00a9F\u00e9\u00e9ries d\u2019Aniane)<\/p>\n<p class=\" wall-content\">Autre moment fort, le P\u00e8re No\u00ebl vous accueille dans sa toute nouvelle <strong>For\u00eat Magique,<\/strong> un d\u00e9cor 100 % in\u00e9dit. Un peut voir \u00e9galement le fameux et incontournable Pont du Diable qui enjambe le fleuve H\u00e9rault.<\/p>\n<p>Votre r\u00e9gion, votre actu !<\/p>\n<p>Recevez chaque jour les infos qui comptent pour vous.<\/p>\n<p>\t<a href=\"https:\/\/actu.fr\/newsletter\" class=\"ac-btn ac-btn--corner ac-btn--medium ac-btn--blue800\" target=\"_blank\" rel=\"noopener\">S&rsquo;incrire<\/a><\/p>\n<p class=\" wall-content\">D\u2019autres rendez-vous sont \u00e0 noter en famille ou entre amis jusqu\u2019au dimanche 4 janvier 2026 \u00e0 ces f\u00e9\u00e9ries magiques.<\/p>\n<p class=\" wall-content\">Personnalisez votre actualit\u00e9 en ajoutant vos villes et m\u00e9dias en favori avec <a href=\"https:\/\/moncompte.actu.fr\" title=\"D\u00e9couvez Mon Actu\" rel=\"nofollow noopener\" data-trk=\"{&quot;cta&quot;:{&quot;action&quot;:&quot;https:\\\/\\\/moncompte.actu.fr&quot;,&quot;category&quot;:&quot;mon compte&quot;,&quot;from&quot;:&quot;article footer&quot;,&quot;name&quot;:&quot;Mon actu&quot;,&quot;type&quot;:&quot;cta&quot;}}\" target=\"_blank\">Mon Actu<\/a>.<\/p>\n","protected":false},"excerpt":{"rendered":"Par R\u00e9daction M\u00e9tropolitain Publi\u00e9 le 3 d\u00e9c. 2025 \u00e0 17h45 C\u2019est la plus grande cr\u00e8che de No\u00ebl de&hellip;\n","protected":false},"author":2,"featured_media":576304,"comment_status":"","ping_status":"","sticky":false,"template":"","format":"standard","meta":{"footnotes":""},"categories":[9599],"tags":[1111,11,1867,1777,674,1011,27,1652,2208,12,15830,2680,25],"class_list":{"0":"post-576303","1":"post","2":"type-post","3":"status-publish","4":"format-standard","5":"has-post-thumbnail","7":"category-montpellier","8":"tag-actu","9":"tag-actualites","10":"tag-animaux","11":"tag-eu","12":"tag-europe","13":"tag-fr","14":"tag-france","15":"tag-loisirs-culture","16":"tag-montpellier","17":"tag-news","18":"tag-noel","19":"tag-occitanie","20":"tag-republique-francaise"},"share_on_mastodon":{"url":"https:\/\/pubeurope.com\/@fr\/115658059840817709","error":""},"_links":{"self":[{"href":"https:\/\/www.europesays.com\/fr\/wp-json\/wp\/v2\/posts\/576303","targetHints":{"allow":["GET"]}}],"collection":[{"href":"https:\/\/www.europesays.com\/fr\/wp-json\/wp\/v2\/posts"}],"about":[{"href":"https:\/\/www.europesays.com\/fr\/wp-json\/wp\/v2\/types\/post"}],"author":[{"embeddable":true,"href":"https:\/\/www.europesays.com\/fr\/wp-json\/wp\/v2\/users\/2"}],"replies":[{"embeddable":true,"href":"https:\/\/www.europesays.com\/fr\/wp-json\/wp\/v2\/comments?post=576303"}],"version-history":[{"count":0,"href":"https:\/\/www.europesays.com\/fr\/wp-json\/wp\/v2\/posts\/576303\/revisions"}],"wp:featuredmedia":[{"embeddable":true,"href":"https:\/\/www.europesays.com\/fr\/wp-json\/wp\/v2\/media\/576304"}],"wp:attachment":[{"href":"https:\/\/www.europesays.com\/fr\/wp-json\/wp\/v2\/media?parent=576303"}],"wp:term":[{"taxonomy":"category","embeddable":true,"href":"https:\/\/www.europesays.com\/fr\/wp-json\/wp\/v2\/categories?post=576303"},{"taxonomy":"post_tag","embeddable":true,"href":"https:\/\/www.europesays.com\/fr\/wp-json\/wp\/v2\/tags?post=576303"}],"curies":[{"name":"wp","href":"https:\/\/api.w.org\/{rel}","templated":true}]}}