{"id":576305,"date":"2025-12-03T22:45:42","date_gmt":"2025-12-03T22:45:42","guid":{"rendered":"https:\/\/www.europesays.com\/fr\/576305\/"},"modified":"2025-12-03T22:45:42","modified_gmt":"2025-12-03T22:45:42","slug":"metropole-rouen-normandie-rouen-76","status":"publish","type":"post","link":"https:\/\/www.europesays.com\/fr\/576305\/","title":{"rendered":"M\u00e9tropole Rouen Normandie (Rouen, 76)"},"content":{"rendered":"<p class=\"c-paragraph\"><b>La m\u00e9tropole vient de retenir l\u2019agence BIG pour le futur centre des congr\u00e8s baptis\u00e9 \u00ab La Voile \u00bb. Construit en bois massif et coiff\u00e9 d\u2019une toiture productrice d\u2019\u00e9nergie, le b\u00e2timent de 11 500 m2 est con\u00e7u pour obtenir la certification Passivhaus et le label biosourc\u00e9 niveau 3. Le montant global des travaux s\u2019\u00e9l\u00e8ve \u00e0 80 M\u20ac. Secteur d\u2019activit\u00e9 :<\/b> EPCI. <b>Zone d\u2019intervention :<\/b> 71 communes.<\/p>\n<p class=\"c-paragraph\"><b>Investissements 2025 : <\/b>372,2 M\u20ac. <b>Projets<\/b> : am\u00e9nagement urbain du quartier Saint-Sever Nouvelle Gare \u00e0 Rouen ; \u00e9tude fonci\u00e8re sur la localisation d\u2019un stade d\u00e9di\u00e9 au football et au rugby et d\u2019une patinoire olympique. <b>D\u00e9cideur<\/b> : Nicolas Mayer-Rossignol (pr\u00e9sident). <b>Contact <\/b>: perrine.binet@metropole-rouen-normandie.fr, t\u00e9l. : 02.35.52.68.10.<\/p>\n","protected":false},"excerpt":{"rendered":"La m\u00e9tropole vient de retenir l\u2019agence BIG pour le futur centre des congr\u00e8s baptis\u00e9 \u00ab La Voile \u00bb.&hellip;\n","protected":false},"author":2,"featured_media":576306,"comment_status":"","ping_status":"","sticky":false,"template":"","format":"standard","meta":{"footnotes":""},"categories":[9587],"tags":[1111,11,1777,674,1011,27,58877,12,5161,25,9590,5163],"class_list":{"0":"post-576305","1":"post","2":"type-post","3":"status-publish","4":"format-standard","5":"has-post-thumbnail","7":"category-rouen","8":"tag-actu","9":"tag-actualites","10":"tag-eu","11":"tag-europe","12":"tag-fr","13":"tag-france","14":"tag-le-maitre-douvrage-de-la-semaine","15":"tag-news","16":"tag-normandie","17":"tag-republique-francaise","18":"tag-rouen","19":"tag-seine-maritime"},"share_on_mastodon":{"url":"https:\/\/pubeurope.com\/@fr\/115658065450984025","error":""},"_links":{"self":[{"href":"https:\/\/www.europesays.com\/fr\/wp-json\/wp\/v2\/posts\/576305","targetHints":{"allow":["GET"]}}],"collection":[{"href":"https:\/\/www.europesays.com\/fr\/wp-json\/wp\/v2\/posts"}],"about":[{"href":"https:\/\/www.europesays.com\/fr\/wp-json\/wp\/v2\/types\/post"}],"author":[{"embeddable":true,"href":"https:\/\/www.europesays.com\/fr\/wp-json\/wp\/v2\/users\/2"}],"replies":[{"embeddable":true,"href":"https:\/\/www.europesays.com\/fr\/wp-json\/wp\/v2\/comments?post=576305"}],"version-history":[{"count":0,"href":"https:\/\/www.europesays.com\/fr\/wp-json\/wp\/v2\/posts\/576305\/revisions"}],"wp:featuredmedia":[{"embeddable":true,"href":"https:\/\/www.europesays.com\/fr\/wp-json\/wp\/v2\/media\/576306"}],"wp:attachment":[{"href":"https:\/\/www.europesays.com\/fr\/wp-json\/wp\/v2\/media?parent=576305"}],"wp:term":[{"taxonomy":"category","embeddable":true,"href":"https:\/\/www.europesays.com\/fr\/wp-json\/wp\/v2\/categories?post=576305"},{"taxonomy":"post_tag","embeddable":true,"href":"https:\/\/www.europesays.com\/fr\/wp-json\/wp\/v2\/tags?post=576305"}],"curies":[{"name":"wp","href":"https:\/\/api.w.org\/{rel}","templated":true}]}}