{"id":576311,"date":"2025-12-03T22:50:35","date_gmt":"2025-12-03T22:50:35","guid":{"rendered":"https:\/\/www.europesays.com\/fr\/576311\/"},"modified":"2025-12-03T22:50:35","modified_gmt":"2025-12-03T22:50:35","slug":"banquet-sauvage-ateliers-de-cuisine-nos-idees-de-sorties-gourmandes-en-decembre-en-bretagne","status":"publish","type":"post","link":"https:\/\/www.europesays.com\/fr\/576311\/","title":{"rendered":"Banquet sauvage, ateliers de cuisine\u2026 Nos id\u00e9es de sorties gourmandes en d\u00e9cembre en Bretagne"},"content":{"rendered":"<p>Le mois de d\u00e9cembre est l\u2019un des plus gourmands de l\u2019ann\u00e9e\u2026 Avant les f\u00eates, c\u2019est le moment de trouver de l\u2019inspiration pour \u00e9pater vos familles et amis\u00a0! Voici quelques id\u00e9es de sorties en Bretagne.<\/p>\n<p>Un banquet sauvage, des ateliers de cuisine ou de distillation\u2026 Alors que les f\u00eates approchent, voici quelques id\u00e9es de sorties gourmandes d\u00e9nich\u00e9es par <a rel=\"noopener\" target=\"_blank\" href=\"https:\/\/www.ouest-france.fr\/le-mag\/cuisine\/bretons-en-cuisine\/\">Bretons en Cuisine<\/a>  en d\u00e9cembre en Bretagne.<\/p>\n<p>1. Un banquet sauvage \u00e0 Rennes<\/p>\n<p>Milena Pavlovic et Anna Dadi, fondatrices de Par chemins, l\u2019\u00e9cole des plantes sauvages bas\u00e9e \u00e0 Saint-Jacques-de-la-Lande (Ille-et-Vilaine), organisent \u00e0 Rennes un r\u00e9veillon d\u2019avant r\u00e9veillon, jeudi 11\u00a0d\u00e9cembre. Mais un r\u00e9veillon pas comme les autres, compos\u00e9 de dix bouch\u00e9es ap\u00e9ritives sal\u00e9es et sucr\u00e9es autour des plantes sauvages, ainsi qu\u2019un ap\u00e9ritif sans alcool. Objectif\u00a0: se r\u00e9galer, bien s\u00fbr, mais aussi promouvoir une d\u00e9marche \u00e9coresponsable et locale gr\u00e2ce \u00e0 des ingr\u00e9dients souvent m\u00e9connus et peu valoris\u00e9s, et pourquoi pas trouver de l\u2019inspiration pour les repas de f\u00eates\u00a0!<\/p>\n<p><strong>Jeudi 11\u00a0d\u00e9cembre,<\/strong> \u00e0 19\u00a0h, aux Anciennes Cartoucheries, avenue Jules-Maniez, \u00e0 Rennes. Tarif\u00a0: 20\u00a0\u20ac. Inscription et renseignements\u00a0: <a rel=\"noopener\" target=\"_blank\" href=\"https:\/\/www.par-chemins.fr\/\">par-chemins.fr<\/a><\/p>\n<p>2. Ateliers distillation et cocktails \u00e0 Brest<\/p>\n<p>\t<img decoding=\"async\" src=\"https:\/\/www.europesays.com\/fr\/wp-content\/uploads\/2025\/12\/P35617372D7092075G_px_640_.jpg\" alt=\"photo la ferme des roseaux cultive la spiruline en bassins.  \u00a9  ferme des roseaux\" width=\"640\" title=\" La ferme des Roseaux cultive la spiruline en bassins.   Ferme des Roseaux \"\/><\/p>\n<p class=\"elmt-legende\"> La ferme des Roseaux cultive la spiruline en bassins.   Ferme des Roseaux <\/p>\n<p>Envie de jouer les alchimistes\u00a0? Direction la Distillerie de Brest pour un atelier de cr\u00e9ation de cocktails ou de distillation artisanale. Deux formats sont propos\u00e9s\u00a0: un atelier de mixologie pour d\u00e9couvrir les bases de l\u2019art du cocktail (dosage, assemblage, \u00e9quilibre\u2026) et un cours plus technique pour percer les secrets de la distillation. Des rendez-vous ludiques et instructifs, o\u00f9 le plaisir passe autant par la science que par les papilles\u00a0!<\/p>\n<p><strong>Distillerie de Brest,<\/strong> 75,\u00a0rue James-Cook, \u00e0 Brest (Finist\u00e8re). Cr\u00e9ation de cocktails\u00a0: 55\u00a0\u20ac par personne l\u2019atelier de deux heures. Ateliers distillation\u00a0: 90\u00a0\u20ac par personne le cours de trois heures. R\u00e9servations\u00a0: <a rel=\"noopener\" target=\"_blank\" href=\"http:\/\/ladistilleriedebrest.fr\/\">ladistilleriedebrest.fr<\/a><\/p>\n<p>3. Tout savoir sur la spiruline en Loire-Atlantique<\/p>\n<p>Pour tout savoir sur les superaliments de demain, direction la ferme des Roseaux, \u00e0\u00a0La Plaine-sur-Mer (Loire-Atlantique). Cette exploitation cultive la spiruline en bassins et propose aussi de d\u00e9couvrir la r\u00e9colte des algues comestibles. Des bassins de culture \u00e0 l\u2019atelier de transformation, vous saurez tout sur ce tr\u00e9sor nutritionnel local. Une immersion fascinante dans le monde des microalgues, alli\u00e9es d\u2019une alimentation saine et durable.<\/p>\n<p><strong>La ferme des Roseaux,<\/strong> chemin des Roseaux, lieu-dit Le Grand Pr\u00e9, \u00e0 La Plaine-sur-Mer (Loire-Atlantique). Visites les mercredis et vendredis, de 16\u00a0h \u00e0 18\u00a0h, uniquement sur rendez-vous de mi-d\u00e9cembre \u00e0 fin f\u00e9vrier. Gratuit. <a rel=\"noopener\" target=\"_blank\" href=\"https:\/\/www.spiruline-de-retz.fr\/\">spiruline-de-retz.fr<\/a><\/p>\n<p>\u00a0<\/p>\n<p>\u00a0<\/p>\n<p>\u00a0<\/p>\n<p>4. Des cours de cuisine dans le Morbihan<\/p>\n<p>Dans un \u00e9crin de verdure surplombant La Gacilly (Morbihan), La Bergerie est un lieu de vie hybride, chaleureux et engag\u00e9, o\u00f9 l\u2019on cuisine au rythme des saisons. Ici, les ateliers culinaires ne sont pas de simples cours, mais de v\u00e9ritables exp\u00e9riences sensorielles. Le laboratoire, nich\u00e9 \u00e0 deux pas du potager, invite \u00e0 d\u00e9couvrir une cuisine locale, v\u00e9g\u00e9tale et inventive. Saint-Jacques, b\u00fbche de No\u00ebl, cocktails, ap\u00e9ros d\u00eenatoires ou menus festifs\u2026 Les th\u00e9matiques varient, mais l\u2019esprit reste le m\u00eame\u00a0: valoriser les produits du terroir et transmettre le go\u00fbt du fait maison.<\/p>\n<p><strong>La Bergerie,<\/strong> 19,\u00a0chemin de la Bergerie, \u00e0 La Gacilly (Morbihan). Ateliers de deux heures\u00a0: \u00e0 partir de 65\u00a0\u20ac par personne. Dates et r\u00e9servations\u00a0: <a rel=\"noopener\" target=\"_blank\" href=\"https:\/\/labergerieyvesrocher.com\/fr\/les-ateliers-culinaires\/\">labergerieyvesrocher.com<\/a><\/p>\n<p>\u00a0<\/p>\n","protected":false},"excerpt":{"rendered":"Le mois de d\u00e9cembre est l\u2019un des plus gourmands de l\u2019ann\u00e9e\u2026 Avant les f\u00eates, c\u2019est le moment de&hellip;\n","protected":false},"author":2,"featured_media":576312,"comment_status":"","ping_status":"","sticky":false,"template":"","format":"standard","meta":{"footnotes":""},"categories":[2821],"tags":[1111,11,10036,24842,829,902,49832,1777,674,1011,27,38081,3246,12,584,25,31937,1669],"class_list":{"0":"post-576311","1":"post","2":"type-post","3":"status-publish","4":"format-standard","5":"has-post-thumbnail","7":"category-rennes","8":"tag-actu","9":"tag-actualites","10":"tag-ateliers","11":"tag-banquet","12":"tag-bretagne","13":"tag-cuisine","14":"tag-decembre","15":"tag-eu","16":"tag-europe","17":"tag-fr","18":"tag-france","19":"tag-gourmandes","20":"tag-idees","21":"tag-news","22":"tag-rennes","23":"tag-republique-francaise","24":"tag-sauvage","25":"tag-sorties"},"share_on_mastodon":{"url":"https:\/\/pubeurope.com\/@fr\/115658085879032554","error":""},"_links":{"self":[{"href":"https:\/\/www.europesays.com\/fr\/wp-json\/wp\/v2\/posts\/576311","targetHints":{"allow":["GET"]}}],"collection":[{"href":"https:\/\/www.europesays.com\/fr\/wp-json\/wp\/v2\/posts"}],"about":[{"href":"https:\/\/www.europesays.com\/fr\/wp-json\/wp\/v2\/types\/post"}],"author":[{"embeddable":true,"href":"https:\/\/www.europesays.com\/fr\/wp-json\/wp\/v2\/users\/2"}],"replies":[{"embeddable":true,"href":"https:\/\/www.europesays.com\/fr\/wp-json\/wp\/v2\/comments?post=576311"}],"version-history":[{"count":0,"href":"https:\/\/www.europesays.com\/fr\/wp-json\/wp\/v2\/posts\/576311\/revisions"}],"wp:featuredmedia":[{"embeddable":true,"href":"https:\/\/www.europesays.com\/fr\/wp-json\/wp\/v2\/media\/576312"}],"wp:attachment":[{"href":"https:\/\/www.europesays.com\/fr\/wp-json\/wp\/v2\/media?parent=576311"}],"wp:term":[{"taxonomy":"category","embeddable":true,"href":"https:\/\/www.europesays.com\/fr\/wp-json\/wp\/v2\/categories?post=576311"},{"taxonomy":"post_tag","embeddable":true,"href":"https:\/\/www.europesays.com\/fr\/wp-json\/wp\/v2\/tags?post=576311"}],"curies":[{"name":"wp","href":"https:\/\/api.w.org\/{rel}","templated":true}]}}