{"id":576323,"date":"2025-12-03T22:56:15","date_gmt":"2025-12-03T22:56:15","guid":{"rendered":"https:\/\/www.europesays.com\/fr\/576323\/"},"modified":"2025-12-03T22:56:15","modified_gmt":"2025-12-03T22:56:15","slug":"portevent-nouveau-lieu-culturel-de-musiques-tradactuelles-ouvrira-vendredi-23-janvier","status":"publish","type":"post","link":"https:\/\/www.europesays.com\/fr\/576323\/","title":{"rendered":"Portevent, nouveau lieu culturel de musiques \u00ab\u00a0trad\u2019actuelles\u00a0\u00bb, ouvrira vendredi 23\u00a0janvier"},"content":{"rendered":"<p><a href=\"https:\/\/nantes.maville.com\/actu\/actudet_-le-nouveau-pavillon-scene-de-musiques-traditionnelles-actuelle-a-bouguenais-reprend-espoir-_52716-6559056_actu.Htm\" target=\"_self\" rel=\"noopener\">Apr\u00e8s deux ans d\u2019incertitude,<\/a> l\u2019association le Nouveau Pavillon, pr\u00e9sid\u00e9 par Ma\u00ebl Hougron, voit son avenir s\u2019\u00e9claircir et s\u2019affaire pour pr\u00e9parer l\u2019ouverture vendredi 23\u00a0janvier, de <a href=\"https:\/\/rennes.maville.com\/actu\/actudet_-le-nouveau-pavillon-quitte-cette-commune-pres-de-nantes-_8-6884117_actu.Htm\" target=\"_self\" rel=\"noopener\">Portevent,<\/a> nouveau lieu culturel nantais qui prend place dans <a href=\"https:\/\/nantes.maville.com\/actu\/actudet_-quartier-michelet-a-nantes-le-nouveau-pavillon-va-remplacer-decadanse-_52716-6864829_actu.Htm\" target=\"_self\" rel=\"noopener\">les anciens locaux de la Sc\u00e8ne Michelet, devenue par la suite D\u00e9cadanse.<\/a><\/p>\n<p>Apr\u00e8s plusieurs mois de travaux de r\u00e9novation, les locaux, sis 1,\u00a0rue boulevard Henry-Orion, \u00e0 Nantes, vont pouvoir accueillir une nouvelle aventure culturelle port\u00e9e par l\u2019\u00e9quipe du Nouveau Pavillon, sp\u00e9cialis\u00e9e dans les musiques \u00ab\u00a0trad\u2019actuelles\u00a0\u00bb, contraction de \u00ab\u00a0traditionnelles\u00a0\u00bb et \u00ab\u00a0actuelles\u00a0\u00bb.<\/p>\n<p>Deux jours festifs en janvier<\/p>\n<p>Portevent proposera notamment un bar de quartier, une programmation diversifi\u00e9e, avec musique trad\u2019actuelle, arts de la parole, r\u00e9sidences d\u2019artistes, concerts\u2026<\/p>\n<p>Vendredi\u00a023 et samedi 24\u00a0janvier, deux jours festifs sont pr\u00e9vus pour inaugurer Portevent, mais le programme sera d\u00e9voil\u00e9 ult\u00e9rieurement.<\/p>\n<p>\u00c0 noter que le festival Eurofonik ne pourra pas \u00eatre organis\u00e9 dans sa forme habituelle en mars\u00a02026, mais <strong>\u00ab\u00a0un format hybride sera propos\u00e9 pour satisfaire les amateurs de musique trad\u2019actuelle\u00a0\u00bb,<\/strong> pr\u00e9cise Ma\u00ebl Hougron.<\/p>\n<p>\u00a0<\/p>\n","protected":false},"excerpt":{"rendered":"Apr\u00e8s deux ans d\u2019incertitude, l\u2019association le Nouveau Pavillon, pr\u00e9sid\u00e9 par Ma\u00ebl Hougron, voit son avenir s\u2019\u00e9claircir et s\u2019affaire&hellip;\n","protected":false},"author":2,"featured_media":576324,"comment_status":"","ping_status":"","sticky":false,"template":"","format":"standard","meta":{"footnotes":""},"categories":[2818],"tags":[5734,9337,1111,11,69051,7019,1777,674,1011,27,25104,7018,1698,766,12,4565,16089,2636,69049,25,69050,6949],"class_list":{"0":"post-576323","1":"post","2":"type-post","3":"status-publish","4":"format-standard","5":"has-post-thumbnail","7":"category-nantes","8":"tag-5734","9":"tag-9337","10":"tag-actu","11":"tag-actualites","12":"tag-actuelles","13":"tag-culturel","14":"tag-eu","15":"tag-europe","16":"tag-fr","17":"tag-france","18":"tag-janvier","19":"tag-lieu","20":"tag-musiques","21":"tag-nantes","22":"tag-news","23":"tag-nouveau","24":"tag-ouvrira","25":"tag-pays-de-la-loire","26":"tag-portevent","27":"tag-republique-francaise","28":"tag-trad","29":"tag-vendredi"},"share_on_mastodon":{"url":"https:\/\/pubeurope.com\/@fr\/115658108945451727","error":""},"_links":{"self":[{"href":"https:\/\/www.europesays.com\/fr\/wp-json\/wp\/v2\/posts\/576323","targetHints":{"allow":["GET"]}}],"collection":[{"href":"https:\/\/www.europesays.com\/fr\/wp-json\/wp\/v2\/posts"}],"about":[{"href":"https:\/\/www.europesays.com\/fr\/wp-json\/wp\/v2\/types\/post"}],"author":[{"embeddable":true,"href":"https:\/\/www.europesays.com\/fr\/wp-json\/wp\/v2\/users\/2"}],"replies":[{"embeddable":true,"href":"https:\/\/www.europesays.com\/fr\/wp-json\/wp\/v2\/comments?post=576323"}],"version-history":[{"count":0,"href":"https:\/\/www.europesays.com\/fr\/wp-json\/wp\/v2\/posts\/576323\/revisions"}],"wp:featuredmedia":[{"embeddable":true,"href":"https:\/\/www.europesays.com\/fr\/wp-json\/wp\/v2\/media\/576324"}],"wp:attachment":[{"href":"https:\/\/www.europesays.com\/fr\/wp-json\/wp\/v2\/media?parent=576323"}],"wp:term":[{"taxonomy":"category","embeddable":true,"href":"https:\/\/www.europesays.com\/fr\/wp-json\/wp\/v2\/categories?post=576323"},{"taxonomy":"post_tag","embeddable":true,"href":"https:\/\/www.europesays.com\/fr\/wp-json\/wp\/v2\/tags?post=576323"}],"curies":[{"name":"wp","href":"https:\/\/api.w.org\/{rel}","templated":true}]}}