{"id":576329,"date":"2025-12-03T22:59:23","date_gmt":"2025-12-03T22:59:23","guid":{"rendered":"https:\/\/www.europesays.com\/fr\/576329\/"},"modified":"2025-12-03T22:59:23","modified_gmt":"2025-12-03T22:59:23","slug":"puy-foot-bordeaux-le-jour-et-lheure-du-match-de-coupe-de-france-fixes","status":"publish","type":"post","link":"https:\/\/www.europesays.com\/fr\/576329\/","title":{"rendered":"Puy Foot-Bordeaux : le jour et l&rsquo;heure du match de Coupe de France fix\u00e9s"},"content":{"rendered":"<p>\t\t\t\t\t\t\t\t\t\t\t\t\t\t\t\t\t\t\t\t\t\t\t\t\t\t\t\t\t\t\t\t\t\t\t\t\t\t\t\t\t\t\t\t\t\t\t\t\t\t\t\t\t\t\t\t\t\t\t\t\t\t\t<a href=\"https:\/\/www.lacommere43.fr\/component\/banners\/click\/1862.html\" target=\"_blank\" title=\"Tence Rural Master d\u00e9cembre 2025\" rel=\"noopener\"><br \/>\n\t\t\t\t\t\t\t<img decoding=\"async\" loading=\"lazy\" src=\"https:\/\/www.europesays.com\/fr\/wp-content\/uploads\/2025\/12\/rural2025-6.gif\" alt=\"Tence Rural Master d\u00e9cembre 2025\"\/><br \/>\n\t\t\t\t\t\t<\/a><\/p>\n<p>\t\t\t\t\t\t\t\t\t\t\t\t\t\t\t\t\t\t\t\t\t\t\t\t\t\t\t\t\t\t\t\t\t\t\t\t\t\t\t\t\t\t\t\t\t\t\t\t\t\t\t\t\t\t\t\t\t\t\t\t\t\t\t<a href=\"https:\/\/www.lacommere43.fr\/component\/banners\/click\/1861.html\" target=\"_blank\" title=\"HPV No\u00ebl d\u00e9cembre 2025\" rel=\"noopener\"><br \/>\n\t\t\t\t\t\t\t<img decoding=\"async\" loading=\"lazy\" src=\"https:\/\/www.europesays.com\/fr\/wp-content\/uploads\/2025\/11\/Pub_la_Commre_-_NOEL_Haut_PAYS_DU_VELAY.gif\" alt=\"HPV No\u00ebl d\u00e9cembre 2025\"\/><br \/>\n\t\t\t\t\t\t<\/a><\/p>\n<p>Apr\u00e8s le tirage au sort effectu\u00e9 lundi, les diffuseurs ont communiqu\u00e9 ce mercredi sur la r\u00e9partition de la retransmission des matches comptant pour les 32e de finale de la Coupe de France.<\/p>\n<p>Le Puy Foot recevra les Girondins de Bordeaux. Ce match entre l&rsquo;\u00e9quipe de National et de National 2 se disputera au stade Massot au Puy-en-Velay le dimanche 21 d\u00e9cembre. Le coup d&rsquo;envoi sera donn\u00e9 \u00e0 17 h 30.<\/p>\n<p>Il faudra encore patienter pour conna\u00eetre les modalit\u00e9s sur la billetterie.<\/p>\n","protected":false},"excerpt":{"rendered":"Apr\u00e8s le tirage au sort effectu\u00e9 lundi, les diffuseurs ont communiqu\u00e9 ce mercredi sur la r\u00e9partition de la&hellip;\n","protected":false},"author":2,"featured_media":576330,"comment_status":"","ping_status":"","sticky":false,"template":"","format":"standard","meta":{"footnotes":""},"categories":[2817],"tags":[1111,2281,11,1997,1777,674,2282,1011,27,2280,2284,2285,2283,12,2219,25],"class_list":{"0":"post-576329","1":"post","2":"type-post","3":"status-publish","4":"format-standard","5":"has-post-thumbnail","7":"category-bordeaux","8":"tag-actu","9":"tag-actualite-43","10":"tag-actualites","11":"tag-bordeaux","12":"tag-eu","13":"tag-europe","14":"tag-faits-divers-auvergne","15":"tag-fr","16":"tag-france","17":"tag-information-haute-loire","18":"tag-infos-43","19":"tag-journal-haute-loire","20":"tag-la-commere-43","21":"tag-news","22":"tag-nouvelle-aquitaine","23":"tag-republique-francaise"},"share_on_mastodon":{"url":"https:\/\/pubeurope.com\/@fr\/115658125468407114","error":""},"_links":{"self":[{"href":"https:\/\/www.europesays.com\/fr\/wp-json\/wp\/v2\/posts\/576329","targetHints":{"allow":["GET"]}}],"collection":[{"href":"https:\/\/www.europesays.com\/fr\/wp-json\/wp\/v2\/posts"}],"about":[{"href":"https:\/\/www.europesays.com\/fr\/wp-json\/wp\/v2\/types\/post"}],"author":[{"embeddable":true,"href":"https:\/\/www.europesays.com\/fr\/wp-json\/wp\/v2\/users\/2"}],"replies":[{"embeddable":true,"href":"https:\/\/www.europesays.com\/fr\/wp-json\/wp\/v2\/comments?post=576329"}],"version-history":[{"count":0,"href":"https:\/\/www.europesays.com\/fr\/wp-json\/wp\/v2\/posts\/576329\/revisions"}],"wp:featuredmedia":[{"embeddable":true,"href":"https:\/\/www.europesays.com\/fr\/wp-json\/wp\/v2\/media\/576330"}],"wp:attachment":[{"href":"https:\/\/www.europesays.com\/fr\/wp-json\/wp\/v2\/media?parent=576329"}],"wp:term":[{"taxonomy":"category","embeddable":true,"href":"https:\/\/www.europesays.com\/fr\/wp-json\/wp\/v2\/categories?post=576329"},{"taxonomy":"post_tag","embeddable":true,"href":"https:\/\/www.europesays.com\/fr\/wp-json\/wp\/v2\/tags?post=576329"}],"curies":[{"name":"wp","href":"https:\/\/api.w.org\/{rel}","templated":true}]}}