{"id":57633,"date":"2025-04-27T20:32:20","date_gmt":"2025-04-27T20:32:20","guid":{"rendered":"https:\/\/www.europesays.com\/fr\/57633\/"},"modified":"2025-04-27T20:32:20","modified_gmt":"2025-04-27T20:32:20","slug":"depuis-2023-une-scene-ouverte-celebre-les-artistes-queers-de-strasbourg","status":"publish","type":"post","link":"https:\/\/www.europesays.com\/fr\/57633\/","title":{"rendered":"depuis 2023, une sc\u00e8ne ouverte c\u00e9l\u00e8bre les artistes queers de Strasbourg !"},"content":{"rendered":"<p>    <img loading=\"lazy\" width=\"1800\" height=\"900\" src=\"https:\/\/www.europesays.com\/fr\/wp-content\/uploads\/2025\/04\/jeanne-callthepolice.jpg\" class=\"attachment-full size-full\" alt=\"\" id=\"imageLove\" decoding=\"async\"  \/><\/p>\n<p id=\"breadcrumbs\"><a href=\"https:\/\/pokaa.fr\/\" rel=\"nofollow noopener\" target=\"_blank\">Accueil<\/a> \/ <a href=\"https:\/\/pokaa.fr\/categories\/ses-sorties\/\" rel=\"nofollow noopener\" target=\"_blank\">Sorties<\/a> \/ \u00ab You are the Star \u00bb : depuis 2023, une sc\u00e8ne ouverte c\u00e9l\u00e8bre les artistes queers de Strasbourg !<\/p>\n<p>                    Sorties<\/p>\n<p><b>Depuis 2023, le Canap\u00e9 Queer donne rendez-vous aux Strasbourgeois(es) le premier jeudi de chaque mois pour la soir\u00e9e \u00ab You are the Star \u00bb. Drag queens, chanteurs\/ses ou encore danseurs\/ses r\u00e9pondent \u00e0 l\u2019appel pour performer sur cette sc\u00e8ne ouverte anim\u00e9e par N\u00f6x\u00efm\u00e4 Marley.<\/b><\/p>\n<p><b>\u00ab Je trouve que dans la communaut\u00e9 LGBTQIA+, les gens ont beaucoup de talent, j\u2019ai voulu les mettre en lumi\u00e8re \u00bb, <\/b>raconte Cl\u00e9ment Rose, g\u00e9rant du Canap\u00e9 Queer. C\u2019est de cette envie qu\u2019est n\u00e9e, en 2023, la sc\u00e8ne ouverte \u00ab You are the Star \u00bb, devenue un rendez-vous incontournable de la vie nocturne queer strasbourgeoise.<\/p>\n<p>                <img width=\"667\" height=\"500\" src=\"https:\/\/www.europesays.com\/fr\/wp-content\/uploads\/2025\/04\/tempimagesldn7d-667x500.jpg\" class=\"attachment-gallery size-gallery\" alt=\"Devanture Canap\u00e9 Queer\" data-full-url=\"https:\/\/pokaa.fr\/wp-content\/uploads\/2025\/04\/22\/tempimagesldn7d-1500x1125.jpg\" decoding=\"async\" loading=\"lazy\"  \/>            <\/p>\n<p>                <img width=\"750\" height=\"500\" src=\"https:\/\/www.europesays.com\/fr\/wp-content\/uploads\/2025\/04\/img_9138.jpg\" class=\"attachment-gallery size-gallery\" alt=\"canap\u00e9 queer lgbtqi+\" data-full-url=\"https:\/\/www.europesays.com\/fr\/wp-content\/uploads\/2025\/04\/img_9138.jpg\" decoding=\"async\" loading=\"lazy\"  \/>            <\/p>\n<p>                    1. \u00a9 Romain Fournier \/ Pokaa ; 2. \u00a9 Mathilde Piaud \/ Pokaa<\/p>\n<p>    <img width=\"800\" height=\"600\" src=\"https:\/\/www.europesays.com\/fr\/wp-content\/uploads\/2025\/04\/img-3882-800x600.jpeg\" class=\"attachment-image-size-L size-image-size-L\" alt=\"You are the star \u2013 Canap\u00e9 Queer N\u00f6x\u00efm\u00e4 Marley\" decoding=\"async\" loading=\"lazy\"  \/>         \u00a9 Romain Fournier \/ Pokaa <\/p>\n<p>Avec ou sans maquillage, en talons ou en baskets, chacun(e) peut monter sur sc\u00e8ne pour livrer une performance : lipsync, chant, danse, stand-up\u2026 <b>Chaque premier jeudi du mois, le Canap\u00e9 Queer devient un espace d\u2019expression libre<\/b>, port\u00e9 par une ambiance bienveillante. Surtout, si le bar est d\u00e9di\u00e9 \u00e0 la culture LGBTQIA+, <strong>il est ouvert \u00e0 toutes et tous !\u00a0<\/strong><\/p>\n<p>Les artistes se succ\u00e8dent sur la sc\u00e8ne, pr\u00e9sent\u00e9(e)s avec humour et tendresse par <strong><a href=\"https:\/\/www.instagram.com\/noxima_marley\/\" target=\"_blank\" rel=\"noopener nofollow\">N\u00f6x\u00efm\u00e4\u00a0Marley<\/a><\/strong>, drag queen, mother de la House of Marley et ma\u00eetresse de c\u00e9r\u00e9monie. <b>\u00ab Je r\u00e9p\u00e8te souvent que le plus important, ce n\u2019est pas forc\u00e9ment la performance, c\u2019est surtout de s\u2019amuser \u00bb<\/b>, ajoute-t-elle.<\/p>\n<p>    <img width=\"800\" height=\"600\" src=\"https:\/\/www.europesays.com\/fr\/wp-content\/uploads\/2025\/04\/img-3908-2-800x600.jpeg\" class=\"attachment-image-size-L size-image-size-L\" alt=\"You are the star \u2013 Canap\u00e9 Queer N\u00f6x\u00efm\u00e4 Marley\" decoding=\"async\" loading=\"lazy\"  \/>         N\u00f6x\u00efm\u00e4\u00a0Marley, ma\u00eetresse de c\u00e9r\u00e9monie. \u00a9 Romain Fournier \/ Pokaa <\/p>\n<p>Entre performance et libert\u00e9<\/p>\n<p class=\"p1\"><b>\u00ab En tant que drag queen, \u00e7a me permet de me d\u00e9voiler telle que je suis vraiment. Ce soir-l\u00e0, je viens comme je suis \u00bb, confie <a href=\"https:\/\/www.instagram.com\/scolopendrag\/\" target=\"_blank\" rel=\"noopener nofollow\">Scolopendra<\/a>.<\/b> Habitu\u00e9e de l\u2019\u00e9v\u00e9nement, elle y a fait ses premiers pas sur sc\u00e8ne. Pour elle, l\u2019\u00e9v\u00e9nement cr\u00e9e \u00e0 chaque \u00e9dition un cadre unique : <b>\u00ab On a l\u2019impression qu\u2019une communaut\u00e9 bienveillante se recr\u00e9e \u00e0 chaque fois \u00bb, ajoute-t-elle.<\/b><b\/><\/p>\n<p class=\"p3\">Pour <strong><a href=\"https:\/\/www.instagram.com\/pastelle2nada\/\" target=\"_blank\" rel=\"noopener nofollow\">Pastelle de Nada<\/a><\/strong>, une autre habitu\u00e9e, c\u2019est aussi un terrain d\u2019exp\u00e9rimentation pr\u00e9cieux : <b>\u00ab Cette sc\u00e8ne m\u2019a permis de perfectionner mon drag, de trouver ce que je voulais exprimer \u00bb, explique-t-elle. <\/b>Plus qu\u2019un simple rendez-vous festif, le Canap\u00e9 Queer offre aux artistes un espace pour s\u2019exprimer librement et prendre du plaisir \u00e0 performer.<\/p>\n<p>                <a href=\"https:\/\/pokaa.fr\/2022\/09\/22\/strasbourg-ville-safe-pour-la-communaute-lgbtqi\/\" rel=\"nofollow noopener\" target=\"_blank\"><br \/>\n                    <img width=\"450\" height=\"270\" src=\"https:\/\/www.europesays.com\/fr\/wp-content\/uploads\/2025\/04\/strasbourg-alsace-ville-safe-lgbtqi-1-450x270.jpg\" class=\"attachment-card-horizontal--same-subject size-card-horizontal--same-subject wp-post-image\" alt=\"\" decoding=\"async\" loading=\"lazy\"\/>                <\/a><\/p>\n<p>                <img width=\"500\" height=\"500\" src=\"https:\/\/www.europesays.com\/fr\/wp-content\/uploads\/2025\/04\/img-3970-4-2-500x500.jpeg\" class=\"attachment-gallery size-gallery\" alt=\"You are the star \u2013 Canap\u00e9 Queer\" data-full-url=\"https:\/\/pokaa.fr\/wp-content\/uploads\/2025\/04\/25\/img-3970-4-2.jpeg\" decoding=\"async\" loading=\"lazy\"  \/>            <\/p>\n<p>                <img width=\"666\" height=\"500\" src=\"https:\/\/www.europesays.com\/fr\/wp-content\/uploads\/2025\/04\/6ed58e0b-8557-4d71-bc19-a5ddcb788ce7-2-666x500.jpg\" class=\"attachment-gallery size-gallery\" alt=\"You are the star \u2013 Canap\u00e9 Queer Pastelle De Nada\" data-full-url=\"https:\/\/pokaa.fr\/wp-content\/uploads\/2025\/04\/24\/6ed58e0b-8557-4d71-bc19-a5ddcb788ce7-2.jpg\" decoding=\"async\" loading=\"lazy\"  \/>            <\/p>\n<p>                    1. Scolopendra. \u00a9 Romain Fournier \/ Pokaa ; 2. Pastelle De Nada. \/ Document remis<\/p>\n<p><b>Entre sc\u00e8ne ouverte, lieu de rencontre et safe place, \u00ab You are the Star \u00bb continue de mettre en lumi\u00e8re les talents de la communaut\u00e9 queer. <\/b>Que ce soit pour faire sa premi\u00e8re sc\u00e8ne, affirmer son identit\u00e9 ou simplement passer une soir\u00e9e \u00e0 s\u2019amuser, chacun(e) y trouvera sa place.<\/p>\n<p>            You are the Star<\/p>\n<p>            Quoi ? <\/p>\n<p>Show avec de multiples talents<\/p>\n<p>                Quand ?<\/p>\n<p>Le premier jeudi de chaque mois<\/p>\n<p>            o\u00f9 ?<\/p>\n<p>Au Canap\u00e9 Queer, 20 rue des Couples, \u00e0 Strasbourg<\/p>\n<p>                Plus d&rsquo;infos ?<\/p>\n<p><a href=\"https:\/\/www.instagram.com\/canapequeerstrasbourg\/?hl=fr\" target=\"_blank\" rel=\"noopener nofollow\">La page Instagram du Canap\u00e9 Queer<\/a><\/p>\n<p><script async src=\"\/\/www.instagram.com\/embed.js\"><\/script><\/p>\n","protected":false},"excerpt":{"rendered":"Accueil \/ Sorties \/ \u00ab You are the Star \u00bb : depuis 2023, une sc\u00e8ne ouverte c\u00e9l\u00e8bre les&hellip;\n","protected":false},"author":2,"featured_media":57634,"comment_status":"","ping_status":"","sticky":false,"template":"","format":"standard","meta":{"footnotes":""},"categories":[2820],"tags":[1111,11,15347,1777,674,1011,27,775,12,15348,25,15349,640],"class_list":{"0":"post-57633","1":"post","2":"type-post","3":"status-publish","4":"format-standard","5":"has-post-thumbnail","7":"category-strasbourg","8":"tag-actu","9":"tag-actualites","10":"tag-drag-queen","11":"tag-eu","12":"tag-europe","13":"tag-fr","14":"tag-france","15":"tag-grand-est","16":"tag-news","17":"tag-queer","18":"tag-republique-francaise","19":"tag-scene-ouverte","20":"tag-strasbourg"},"share_on_mastodon":{"url":"https:\/\/pubeurope.com\/@fr\/114411834419263170","error":""},"_links":{"self":[{"href":"https:\/\/www.europesays.com\/fr\/wp-json\/wp\/v2\/posts\/57633","targetHints":{"allow":["GET"]}}],"collection":[{"href":"https:\/\/www.europesays.com\/fr\/wp-json\/wp\/v2\/posts"}],"about":[{"href":"https:\/\/www.europesays.com\/fr\/wp-json\/wp\/v2\/types\/post"}],"author":[{"embeddable":true,"href":"https:\/\/www.europesays.com\/fr\/wp-json\/wp\/v2\/users\/2"}],"replies":[{"embeddable":true,"href":"https:\/\/www.europesays.com\/fr\/wp-json\/wp\/v2\/comments?post=57633"}],"version-history":[{"count":0,"href":"https:\/\/www.europesays.com\/fr\/wp-json\/wp\/v2\/posts\/57633\/revisions"}],"wp:featuredmedia":[{"embeddable":true,"href":"https:\/\/www.europesays.com\/fr\/wp-json\/wp\/v2\/media\/57634"}],"wp:attachment":[{"href":"https:\/\/www.europesays.com\/fr\/wp-json\/wp\/v2\/media?parent=57633"}],"wp:term":[{"taxonomy":"category","embeddable":true,"href":"https:\/\/www.europesays.com\/fr\/wp-json\/wp\/v2\/categories?post=57633"},{"taxonomy":"post_tag","embeddable":true,"href":"https:\/\/www.europesays.com\/fr\/wp-json\/wp\/v2\/tags?post=57633"}],"curies":[{"name":"wp","href":"https:\/\/api.w.org\/{rel}","templated":true}]}}