{"id":576339,"date":"2025-12-03T23:07:29","date_gmt":"2025-12-03T23:07:29","guid":{"rendered":"https:\/\/www.europesays.com\/fr\/576339\/"},"modified":"2025-12-03T23:07:29","modified_gmt":"2025-12-03T23:07:29","slug":"le-salon-de-letudiant-a-marseille-2026-dates-horaires-tarifs-exposants","status":"publish","type":"post","link":"https:\/\/www.europesays.com\/fr\/576339\/","title":{"rendered":"Le Salon de l\u2019Etudiant \u00e0 Marseille 2026 : dates, horaires, tarifs, exposants"},"content":{"rendered":"<p class=\"fw-bold font-size-16 my-1\"> Du 16\/01\/2026 au 17\/01\/2026<\/p>\n<p class=\"fw-bold font-size-16 my-1\"> <a class=\"mr-2\" href=\"https:\/\/www.jds.fr\/marseille\/parc-expo\/parc-chanot-marseille-14857_L\" target=\"_blank\" rel=\"noopener\">Parc Chanot<\/a> | <a href=\"https:\/\/www.jds.fr\/marseille\/\" target=\"_blank\" rel=\"noopener\">Marseille<\/a><\/p>\n<p class=\"fw-bold font-size-16 my-1\"> Gratuit <\/p>\n<p>Le Salon de l&rsquo;Etudiant de Marseille ouvrira ses portes pour sa 37e \u00e9dition, le vendredi 16 et samedi 17 janvier au PARC CHANOT! V\u00e9ritable lieu d&rsquo;\u00e9changes et de d\u00e9couvertes, cet \u00e9v\u00e9nement important du paysage \u00e9ducatif est organis\u00e9 en partenariat avec la R\u00e9gion acad\u00e9mique Provence-Alpes-C\u00f4te d&rsquo;Azur, la R\u00e9gion Sud, Aix Marseille Universit\u00e9 et l\u2019Onisep. Partageant la mission commune d\u2019accompagner les jeunes vers une orientation r\u00e9ussie, nous serions heureux de pouvoir compter sur votre soutien pour partager cet \u00e9v\u00e9nement aupr\u00e8s des jeunes et de leur famille.<\/p>\n<p><a data-lightbox=\"article\" data-title=\"Le Salon de l\u2019Etudiant \u00e0 Marseille \u00a9 L&#039;Etudiant\" class=\"image detail   position-relative d-block\" href=\"https:\/\/www.jds.fr\/medias\/image\/0-04823100-1764774004-784268-920-0-F.webp\" title=\"Le Salon de l\u2019Etudiant \u00e0 Marseille \u00a9 L&#039;Etudiant\" target=\"_blank\" rel=\"noopener\"><br \/>\n<img decoding=\"async\" loading=\"lazy\" src=\"https:\/\/www.europesays.com\/fr\/wp-content\/uploads\/2025\/12\/0-04823100-1764774004-784268-1200-0.webp.webp\"   width=\"685\" alt=\"Le Salon de l\u2019Etudiant \u00e0 Marseille\" class=\"border\"\/><br \/>\n\u00a9 L&rsquo;Etudiant<br \/>\nLe Salon de l\u2019Etudiant \u00e0 Marseille<br \/>\n<\/a><\/p>\n<p>Consacr\u00e9 \u00e0 l\u2019\u00e9ducation et \u00e0 l\u2019orientation, notre salon constitue un lieu riche en opportunit\u00e9s, visant \u00e0 accompagner les jeunes dans la construction d\u2019un avenir prometteur en leur offrant des conseils d\u2019orientation pertinents ainsi que des informations claires et pr\u00e9cises sur Parcoursup.<\/p>\n<p>Au fil des conf\u00e9rences, ateliers et \u00e9changes sur les stands d\u2019information, les visiteurs auront l\u2019opportunit\u00e9 de d\u00e9couvrir une large vari\u00e9t\u00e9 de formations, de mieux comprendre les conditions d\u2019admission, de s\u2019informer sur les d\u00e9bouch\u00e9s professionnels et de dialoguer avec des experts passionn\u00e9s. Un moment important pour mieux d\u00e9crypter Parcoursup et explorer toute la richesse des fili\u00e8res, des \u00e9coles et des universit\u00e9s.<\/p>\n<p><strong>\u00c0 QUI S\u2019ADRESSE LE SALON\u00a0?\u00a0<\/strong><\/p>\n<p>\u00b7 \u00a0 \u00a0 \u00a0 Les lyc\u00e9ens \u00e0 la recherche de conseils pour \u00e9clairer leur projet d\u2019orientation.<\/p>\n<p>\u00b7 \u00a0 \u00a0 \u00a0 Les \u00e9tudiants souhaitant se r\u00e9orienter, poursuivre leurs \u00e9tudes ou se sp\u00e9cialiser.<\/p>\n<p>\u00b7 \u00a0 \u00a0 \u00a0 Les parents et enseignants qui accompagnent les jeunes dans leurs choix d\u2019\u00e9tudes et de parcours professionnels.<\/p>\n<p>Dans la m\u00eame rubrique<\/p>\n<ul class=\"mt-3 list-unstyled list-articles-v2\">\n<li class=\"col-12 pt-4\" data-view-id-type=\"1\" data-view-id=\"1262550\" data-view-bc=\"0\"><a class=\"d-block titre text-black mb-1 mb-md-2\" href=\"https:\/\/www.jds.fr\/marseille\/foires-et-salons\/marches\/marches-de-noel-a-l-atelier-algue-1262550_A\" target=\"_blank\" rel=\"noopener\">March\u00e9s de No\u00ebl \u00e0 l\u2019atelier Algue<\/a>Du 04\/12\/2025 au 18\/12\/2025 MarseilleL\u2019Atelier Algue f\u00eate No\u00ebl chaque jeudi soir de d\u00e9cembre et organise un march\u00e9 de cr\u00e9ateurs rassemblant des c\u00e9ramiques, des dessins, des photos, des s\u00e9rigraphies, des [\u2026]<a class=\"image\" href=\"https:\/\/www.jds.fr\/marseille\/foires-et-salons\/marches\/marches-de-noel-a-l-atelier-algue-1262550_A\" target=\"_blank\" rel=\"noopener\"><img decoding=\"async\" loading=\"lazy\" src=\"https:\/\/www.europesays.com\/fr\/wp-content\/uploads\/2025\/12\/marches-de-noel-a-l-atelier-algue-778646-180-180.webp.webp\" width=\"180\" height=\"180\" alt=\"March\u00e9s de No\u00ebl \u00e0 l\u2019atelier Algue\" class=\"border\"\/><\/a><\/li>\n<li class=\"col-12 pt-4\" data-view-id-type=\"1\" data-view-id=\"852327\" data-view-bc=\"0\"><a class=\"d-block titre text-black mb-1 mb-md-2\" href=\"https:\/\/www.jds.fr\/marseille\/foires-et-salons\/marches\/marche-de-la-joliette-852327_A\" target=\"_blank\" rel=\"noopener\">March\u00e9 de la Joliette<\/a>Jusqu&rsquo;au 31\/12\/2025 MarseilleImplant\u00e9 au c\u0153ur d&rsquo;Eurom\u00e9diterran\u00e9e, ce march\u00e9 marseillais concourt \u00e0 une meilleure qualit\u00e9 de vie partag\u00e9e des riverains et des tr\u00e8s nombreux salari\u00e9s travaillant dans [\u2026]<a class=\"image\" href=\"https:\/\/www.jds.fr\/marseille\/foires-et-salons\/marches\/marche-de-la-joliette-852327_A\" target=\"_blank\" rel=\"noopener\"><img decoding=\"async\" loading=\"lazy\" src=\"https:\/\/www.europesays.com\/fr\/wp-content\/uploads\/2025\/12\/marche-de-la-joliette-545860-180-180.webp.webp\" width=\"180\" height=\"180\" alt=\"March\u00e9 de la Joliette\" class=\"border\"\/><\/a><\/li>\n<li class=\"li_gp_div\">\n<\/li>\n<li class=\"col-12 pt-4\" data-view-id-type=\"1\" data-view-id=\"852341\" data-view-bc=\"0\"><a class=\"d-block titre text-black mb-1 mb-md-2\" href=\"https:\/\/www.jds.fr\/marseille\/foires-et-salons\/marches\/marche-de-noailles-852341_A\" target=\"_blank\" rel=\"noopener\">March\u00e9 de Noailles<\/a>Jusqu&rsquo;au 31\/12\/2025 Marseille<br \/>\nLe march\u00e9 Capucins (ou de Noailles) est un lieu qui m\u00e9rite le d\u00e9tour, c&rsquo;est une v\u00e9ritable invitation au voyage\u00a0: on s&rsquo;y sent compl\u00e8tement d\u00e9pays\u00e9, loin de tout, \u00e0 [\u2026]<a class=\"image\" href=\"https:\/\/www.jds.fr\/marseille\/foires-et-salons\/marches\/marche-de-noailles-852341_A\" target=\"_blank\" rel=\"noopener\"><img decoding=\"async\" loading=\"lazy\" src=\"https:\/\/www.europesays.com\/fr\/wp-content\/uploads\/2025\/12\/marche-de-noailles-545874-180-180.webp.webp\" width=\"180\" height=\"180\" alt=\"March\u00e9 de Noailles\" class=\"border\"\/><\/a><\/li>\n<li class=\"col-12 pt-4\" data-view-id-type=\"1\" data-view-id=\"852353\" data-view-bc=\"0\"><a class=\"d-block titre text-black mb-1 mb-md-2\" href=\"https:\/\/www.jds.fr\/marseille\/foires-et-salons\/marches\/marche-de-la-plaine-852353_A\" target=\"_blank\" rel=\"noopener\">March\u00e9 de la Plaine<\/a>Jusqu&rsquo;au 31\/12\/2025 MarseillePlus de 230 emplacements sont attribu\u00e9s aux forains sur ce lieu embl\u00e9matique du commerce de proximit\u00e9 marseillais.\n<p>Grand march\u00e9 populaire et historique dans le quartier de la [\u2026]<a class=\"image\" href=\"https:\/\/www.jds.fr\/marseille\/foires-et-salons\/marches\/marche-de-la-plaine-852353_A\" target=\"_blank\" rel=\"noopener\"><img decoding=\"async\" loading=\"lazy\" src=\"https:\/\/www.europesays.com\/fr\/wp-content\/uploads\/2025\/12\/marche-de-la-plaine-545886-180-180.webp.webp\" width=\"180\" height=\"180\" alt=\"March\u00e9 de la Plaine\" class=\"border\"\/><\/a><\/li>\n<li class=\"col-12 pt-4\" data-view-id-type=\"1\" data-view-id=\"854220\" data-view-bc=\"0\"><a class=\"d-block titre text-black mb-1 mb-md-2\" href=\"https:\/\/www.jds.fr\/marseille\/foires-et-salons\/marches\/marche-pol-lapeyre-854220_A\" target=\"_blank\" rel=\"noopener\">March\u00e9 Pol Lapeyre<\/a>Jusqu&rsquo;au 31\/12\/2025 MarseillePetit march\u00e9 de fruits et l\u00e9gumes avec quelques \u00e9tals qui donnent un air de village et nous font oublier que nous sommes dans une des plus grandes villes de France.<a class=\"image\" href=\"https:\/\/www.jds.fr\/marseille\/foires-et-salons\/marches\/marche-pol-lapeyre-854220_A\" target=\"_blank\" rel=\"noopener\"><img decoding=\"async\" loading=\"lazy\" src=\"https:\/\/www.europesays.com\/fr\/wp-content\/uploads\/2025\/12\/marche-pol-lapeyre-547282-180-180.webp.webp\" width=\"180\" height=\"180\" alt=\"March\u00e9 Pol Lapeyre\" class=\"border\"\/><\/a><\/li>\n<li class=\"li_gp_div li_gp_div_infeed\"\/>\n<li class=\"col-12 pt-4\" data-view-id-type=\"1\" data-view-id=\"926219\" data-view-bc=\"0\"><a class=\"image\" href=\"https:\/\/www.jds.fr\/marseille\/foires-et-salons\/marches\/marche-de-sainte-marthe-926219_A\" target=\"_blank\" rel=\"noopener\"><img decoding=\"async\" loading=\"lazy\" src=\"https:\/\/www.europesays.com\/fr\/wp-content\/uploads\/2025\/12\/marche-de-sainte-marthe-586454-180-180.webp.webp\" width=\"180\" height=\"180\" alt=\"March\u00e9 de Sainte-Marthe\" class=\"border\"\/><\/a><\/li>\n<li class=\"col-12 pt-4\" data-view-id-type=\"1\" data-view-id=\"1116755\" data-view-bc=\"0\"><a class=\"d-block titre text-black mb-1 mb-md-2\" href=\"https:\/\/www.jds.fr\/marseille\/foires-et-salons\/marches\/marche-de-saint-victor-1116755_A\" target=\"_blank\" rel=\"noopener\">March\u00e9 de Saint Victor<\/a>Jusqu&rsquo;au 31\/12\/2025 Marseille<br \/>\nOrchestr\u00e9 par l\u2019association\u00a0\u00ab Les amis du march\u00e9 Saint-Victor\u00a0\u00bb, le march\u00e9 sera ouvert de 9h \u00e0 13h le dernier dimanche de chaque mois (sauf juillet et ao\u00fbt) [\u2026]<a class=\"image\" href=\"https:\/\/www.jds.fr\/marseille\/foires-et-salons\/marches\/marche-de-saint-victor-1116755_A\" target=\"_blank\" rel=\"noopener\"><img decoding=\"async\" loading=\"lazy\" src=\"https:\/\/www.europesays.com\/fr\/wp-content\/uploads\/2025\/09\/marche-de-saint-victor-688707-180-180.webp.webp\" width=\"180\" height=\"180\" alt=\"March\u00e9 de Saint Victor\" class=\"border\"\/><\/a><\/li>\n<li class=\"col-12 pt-4\" data-view-id-type=\"1\" data-view-id=\"1250814\" data-view-bc=\"0\"><a class=\"d-block titre text-black mb-1 mb-md-2\" href=\"https:\/\/www.jds.fr\/marseille\/foires-et-salons\/marches\/grand-marche-de-noel-des-createurs-1250814_A\" target=\"_blank\" rel=\"noopener\">Grand March\u00e9 de No\u00ebl des Cr\u00e9ateurs<\/a>Jusqu&rsquo;au 21\/12\/2025 MarseillePour la 27e ann\u00e9e cons\u00e9cutive, l\u2019association Marquage organise le \u00ab Grand March\u00e9 de No\u00ebl des Cr\u00e9ateurs\u00a0\u00bb, qui rassemblera de tr\u00e8s nombreux cr\u00e9ateurs pour f\u00eater la [\u2026]<a class=\"image\" href=\"https:\/\/www.jds.fr\/marseille\/foires-et-salons\/marches\/grand-marche-de-noel-des-createurs-1250814_A\" target=\"_blank\" rel=\"noopener\"><img decoding=\"async\" loading=\"lazy\" src=\"https:\/\/www.europesays.com\/fr\/wp-content\/uploads\/2025\/12\/grand-marche-de-noel-des-createurs-771166-180-180.webp.webp\" width=\"180\" height=\"180\" alt=\"Grand March\u00e9 de No\u00ebl des Cr\u00e9ateurs\" class=\"border\"\/><\/a><\/li>\n<li class=\"col-12 pt-4\" data-view-id-type=\"1\" data-view-id=\"1255261\" data-view-bc=\"0\"><a class=\"d-block titre text-black mb-1 mb-md-2\" href=\"https:\/\/www.jds.fr\/marseille\/foires-et-salons\/marches\/le-noel-marseillais-1255261_A\" target=\"_blank\" rel=\"noopener\">Le No\u00ebl Marseillais<\/a>Jusqu&rsquo;au 04\/01\/2026 MarseilleAfin de c\u00e9l\u00e9brer les f\u00eates de fin d\u2019ann\u00e9e, la Ville de Marseille d\u00e9ploie un dispositif exceptionnel d\u2019activit\u00e9s gratuites et de rendez-vous incontournables pour que [\u2026]<a class=\"image\" href=\"https:\/\/www.jds.fr\/marseille\/foires-et-salons\/marches\/le-noel-marseillais-1255261_A\" target=\"_blank\" rel=\"noopener\"><img decoding=\"async\" loading=\"lazy\" src=\"https:\/\/www.europesays.com\/fr\/wp-content\/uploads\/2025\/12\/le-noel-marseillais-773843-180-180.webp.webp\" width=\"180\" height=\"180\" alt=\"Le No\u00ebl Marseillais\" class=\"border\"\/><\/a><\/li>\n<li class=\"li_gp_div li_gp_div_infeed\"\/>\n<li class=\"col-12 pt-4\" data-view-id-type=\"1\" data-view-id=\"1171919\" data-view-bc=\"0\"><a class=\"d-block titre text-black mb-1 mb-md-2\" href=\"https:\/\/www.jds.fr\/marseille\/foires-et-salons\/foires\/9eme-edition-de-l-avent-des-createurs-1171919_A\" target=\"_blank\" rel=\"noopener\">9\u00e8me \u00e9dition de l&rsquo;avent des cr\u00e9ateurs<\/a>Du 06\/12\/2025 au 07\/12\/2025 AubagneBonjour&#13;<br \/>\nL&rsquo;asso Cr\u00e9ateurs made in France organise\u00a0: Pour sa 9\u00e8me ann\u00e9e\u00a0:. L&rsquo;Avent des Cr\u00e9ateurs. Les Sam. 06\/12 \u00a0et Dim. [\u2026]<a class=\"image\" href=\"https:\/\/www.jds.fr\/marseille\/foires-et-salons\/foires\/9eme-edition-de-l-avent-des-createurs-1171919_A\" target=\"_blank\" rel=\"noopener\"><img decoding=\"async\" loading=\"lazy\" src=\"https:\/\/www.europesays.com\/fr\/wp-content\/uploads\/2025\/12\/0-22604200-1757926875-719768-180-180.webp.webp\" width=\"180\" height=\"180\" alt=\"9\u00e8me \u00e9dition de l'avent des cr\u00e9ateurs\" class=\"border\"\/><\/a><\/li>\n<li class=\"col-12 pt-4\" data-view-id-type=\"1\" data-view-id=\"1253740\" data-view-bc=\"0\"><a class=\"image\" href=\"https:\/\/www.jds.fr\/marseille\/foires-et-salons\/foires\/le-salon-masters-masteres-specialises-et-mba-1253740_A\" target=\"_blank\" rel=\"noopener\"><img decoding=\"async\" loading=\"lazy\" src=\"https:\/\/www.europesays.com\/fr\/wp-content\/uploads\/2025\/12\/0-50773800-1763374445-772787-180-180.webp.webp\" width=\"180\" height=\"180\" alt=\"Le Salon masters, mast\u00e8res sp\u00e9cialis\u00e9s et MBA \" class=\"border\"\/><\/a><\/li>\n<li class=\"col-12 pt-4\" data-view-id-type=\"1\" data-view-id=\"1204852\" data-view-bc=\"0\"><a class=\"image\" href=\"https:\/\/www.jds.fr\/marseille\/foires-et-salons\/foires\/salon-bien-etre-et-de-la-voyance-hosiope-la-ciotat-13-1204852_A\" target=\"_blank\" rel=\"noopener\"><img decoding=\"async\" loading=\"lazy\" src=\"https:\/\/www.europesays.com\/fr\/wp-content\/uploads\/2025\/12\/0-63466100-1759697657-774434-180-180.webp.webp\" width=\"180\" height=\"180\" alt=\"Salon Bien-Etre et de la Voyance HOSIOPE La Ciotat (13)\" class=\"border\"\/><\/a><\/li>\n<li class=\"col-12 pt-4\" data-view-id-type=\"1\" data-view-id=\"170837\" data-view-bc=\"0\"><a class=\"d-block titre text-black mb-1 mb-md-2\" href=\"https:\/\/www.jds.fr\/marseille\/foires-et-salons\/foires\/japan-expo-sud-marseille-170837_A\" target=\"_blank\" rel=\"noopener\">Japan Expo \u00e0 Marseille 2026<\/a>Du 27\/02\/2026 au 01\/03\/2026<a href=\"https:\/\/www.jds.fr\/marseille\/parc-expo\/parc-chanot-marseille-14857_L\" class=\"lieu font-size-14 text-gray-700 d-block lh-sm my-1\" target=\"_blank\" rel=\"noopener\"> Parc Chanot &#8211; Marseille<\/a>La Japan Expo Marseille revient pour une nouvelle \u00e9dition incontournable du 27 f\u00e9vrier au 1er mars 2026, au Parc Chanot \u00e0 Marseille. V\u00e9ritable paradis [\u2026]<a class=\"image\" href=\"https:\/\/www.jds.fr\/marseille\/foires-et-salons\/foires\/japan-expo-sud-marseille-170837_A\" target=\"_blank\" rel=\"noopener\"><img decoding=\"async\" loading=\"lazy\" src=\"https:\/\/www.europesays.com\/fr\/wp-content\/uploads\/2025\/09\/japan-expo-sud-a-marseille-1-146961-180-180.webp.webp\" width=\"180\" height=\"180\" alt=\"Japan Expo \u00e0 Marseille 2026\" class=\"border\"\/><\/a><\/li>\n<li class=\"li_gp_div li_gp_div_infeed\"\/>\n<li class=\"col-12 pt-4\" data-view-id-type=\"1\" data-view-id=\"170872\" data-view-bc=\"0\"><a class=\"image\" href=\"https:\/\/www.jds.fr\/marseille\/foires-et-salons\/foires\/salon-moto-marseille-170872_A\" target=\"_blank\" rel=\"noopener\"><img decoding=\"async\" loading=\"lazy\" src=\"https:\/\/www.europesays.com\/fr\/wp-content\/uploads\/2025\/09\/salon-de-la-moto-du-scooter-et-du-quad-a-marseille-2-222757-180-180.webp.webp\" width=\"180\" height=\"180\" alt=\"Salon de la moto \u00e0 Marseille 2026\" class=\"border\"\/><\/a><\/li>\n<li class=\"col-12 pt-4\" data-view-id-type=\"1\" data-view-id=\"170862\" data-view-bc=\"0\"><a class=\"d-block titre text-black mb-1 mb-md-2\" href=\"https:\/\/www.jds.fr\/marseille\/foires-et-salons\/foires\/siac-marseille-170862_A\" target=\"_blank\" rel=\"noopener\">SIAC Marseille 2026<\/a>Du 20\/03\/2026 au 23\/03\/2026<a href=\"https:\/\/www.jds.fr\/marseille\/parc-expo\/parc-chanot-marseille-14857_L\" class=\"lieu font-size-14 text-gray-700 d-block lh-sm my-1\" target=\"_blank\" rel=\"noopener\"> Parc Chanot &#8211; Marseille<\/a>Le Salon International d&rsquo;Art Contemporain &#8211; SIAC Marseille est devenu l&rsquo;\u00e9v\u00e8nement artistique incontournable du printemps dans la cit\u00e9 phoc\u00e9enne. Sa [\u2026]<a class=\"image\" href=\"https:\/\/www.jds.fr\/marseille\/foires-et-salons\/foires\/siac-marseille-170862_A\" target=\"_blank\" rel=\"noopener\"><img decoding=\"async\" loading=\"lazy\" src=\"https:\/\/www.europesays.com\/fr\/wp-content\/uploads\/2025\/09\/siac-marseille-4-280384-180-180.webp.webp\" width=\"180\" height=\"180\" alt=\"SIAC Marseille 2026\" class=\"border\"\/><\/a><\/li>\n<li class=\"col-12 pt-4\" data-view-id-type=\"1\" data-view-id=\"170815\" data-view-bc=\"0\"><a class=\"image\" href=\"https:\/\/www.jds.fr\/marseille\/foires-et-salons\/foires\/savim-marseille-170815_A\" target=\"_blank\" rel=\"noopener\"><img decoding=\"async\" loading=\"lazy\" src=\"https:\/\/www.europesays.com\/fr\/wp-content\/uploads\/2025\/09\/salon-des-vignerons-et-de-la-gastronomie-savim-a-m-5-289759-180-180.webp.webp\" width=\"180\" height=\"180\" alt=\"SAVIM Marseille 2026 : salon des vignerons et de la gastronomie\" class=\"border\"\/><\/a><\/li>\n<li class=\"col-12 pt-4\" data-view-id-type=\"1\" data-view-id=\"170861\" data-view-bc=\"0\"><a class=\"image\" href=\"https:\/\/www.jds.fr\/marseille\/foires-et-salons\/foires\/sm-art-aix-en-provence-170861_A\" target=\"_blank\" rel=\"noopener\"><img decoding=\"async\" loading=\"lazy\" src=\"https:\/\/www.europesays.com\/fr\/wp-content\/uploads\/2025\/12\/sm-art-aix-en-provence-annee-le-salon-d-art-contem-545967-180-180.webp.webp\" width=\"180\" height=\"180\" alt=\"Sm'Art Aix en Provence 2026 : le salon d'art contemporain\" class=\"border\"\/><\/a><\/li>\n<li class=\"li_gp_div li_gp_div_infeed\"\/>\n<li class=\"col-12 pt-4\" data-view-id-type=\"1\" data-view-id=\"170866\" data-view-bc=\"0\"><a class=\"d-block titre text-black mb-1 mb-md-2\" href=\"https:\/\/www.jds.fr\/marseille\/foires-et-salons\/foires\/foire-internationale-marseille-170866_A\" target=\"_blank\" rel=\"noopener\">Foire de Marseille 2026<\/a>Du 25\/09\/2026 au 05\/10\/2026<a href=\"https:\/\/www.jds.fr\/marseille\/parc-expo\/parc-chanot-marseille-14857_L\" class=\"lieu font-size-14 text-gray-700 d-block lh-sm my-1\" target=\"_blank\" rel=\"noopener\"> Parc Chanot &#8211; Marseille<\/a>Rendez-vous incontournable de la rentr\u00e9e, la Foire de Marseille fera son grand retour au Parc Chanot du 25 septembre au 5 octobre 2026. Avec de nombreux exposants et des [\u2026]<a class=\"image\" href=\"https:\/\/www.jds.fr\/marseille\/foires-et-salons\/foires\/foire-internationale-marseille-170866_A\" target=\"_blank\" rel=\"noopener\"><img decoding=\"async\" loading=\"lazy\" src=\"https:\/\/www.europesays.com\/fr\/wp-content\/uploads\/2025\/09\/foire-internationale-de-marseille-6-243339-180-180.webp.webp\" width=\"180\" height=\"180\" alt=\"Foire de Marseille 2026\" class=\"border\"\/><\/a><\/li>\n<\/ul>\n<p>Les actualit\u00e9s \u00e0  Marseille<\/p>\n<ul class=\"mt-3 list-unstyled list-articles-v2\">\n<li class=\"col-12 pt-4\" data-view-id-type=\"1\" data-view-id=\"1270139\" data-view-bc=\"0\"><a class=\"image\" href=\"https:\/\/www.jds.fr\/marseille\/magazine\/sorties-du-week-end\/sorties-a-marseille-ce-week-end-5-au-7-decembre-7-bons-plans-a-decouvrir-d-urgence-1270139_A\" target=\"_blank\" rel=\"noopener\"><img decoding=\"async\" loading=\"lazy\" src=\"https:\/\/www.europesays.com\/fr\/wp-content\/uploads\/2025\/12\/la-foire-aux-santons-a-marseille-5-783777-180-180.webp.webp\" width=\"180\" height=\"180\" alt=\"Sorties \u00e0 Marseille ce week-end (5 au 7 d\u00e9cembre) : 7 bons plans \u00e0 d\u00e9couvrir d'urgence\" class=\"border\"\/><\/a><\/li>\n<li class=\"col-12 pt-4\" data-view-id-type=\"1\" data-view-id=\"1249664\" data-view-bc=\"0\"><a class=\"image\" href=\"https:\/\/www.jds.fr\/marseille\/magazine\/actu-magazine\/les-5-pieces-de-theatre-qui-feront-parler-d-elles-a-marseille-en-decembre-1249664_A\" target=\"_blank\" rel=\"noopener\"><img decoding=\"async\" loading=\"lazy\" src=\"https:\/\/www.europesays.com\/fr\/wp-content\/uploads\/2025\/11\/les-5-pieces-de-theatre-qui-feront-parler-d-elles-770596-180-180.webp.webp\" width=\"180\" height=\"180\" alt=\"Les 5 pi\u00e8ces de th\u00e9\u00e2tre qui feront parler d\u2019elles \u00e0 Marseille en d\u00e9cembre\" class=\"border\"\/><\/a><\/li>\n<\/ul>\n<p><a href=\"https:\/\/www.jds.fr\/marseille\/magazine\/\" class=\"btn btn-outline-primary py-2 px-4\" target=\"_blank\" rel=\"noopener\">Voir toutes les actualit\u00e9s \u00e0  Marseille<\/a><\/p>\n<p class=\"mt-0 mb-3 h2\">Newsletter JDS Marseille<\/p>\n<p class=\"font-size-18 fw-normal lh-sm\">Pr\u00eat pour un week-end de folie\u00a0? Chaque jeudi tous les bons plans sorties<\/p>\n","protected":false},"excerpt":{"rendered":"Du 16\/01\/2026 au 17\/01\/2026 Parc Chanot | Marseille Gratuit Le Salon de l&rsquo;Etudiant de Marseille ouvrira ses portes&hellip;\n","protected":false},"author":2,"featured_media":576340,"comment_status":"","ping_status":"","sticky":false,"template":"","format":"standard","meta":{"footnotes":""},"categories":[2814],"tags":[1111,11,1777,674,1011,27,884,12,882,25],"class_list":{"0":"post-576339","1":"post","2":"type-post","3":"status-publish","4":"format-standard","5":"has-post-thumbnail","7":"category-marseille","8":"tag-actu","9":"tag-actualites","10":"tag-eu","11":"tag-europe","12":"tag-fr","13":"tag-france","14":"tag-marseille","15":"tag-news","16":"tag-provence-alpes-cote-dazur","17":"tag-republique-francaise"},"share_on_mastodon":{"url":"https:\/\/pubeurope.com\/@fr\/115658153707847177","error":""},"_links":{"self":[{"href":"https:\/\/www.europesays.com\/fr\/wp-json\/wp\/v2\/posts\/576339","targetHints":{"allow":["GET"]}}],"collection":[{"href":"https:\/\/www.europesays.com\/fr\/wp-json\/wp\/v2\/posts"}],"about":[{"href":"https:\/\/www.europesays.com\/fr\/wp-json\/wp\/v2\/types\/post"}],"author":[{"embeddable":true,"href":"https:\/\/www.europesays.com\/fr\/wp-json\/wp\/v2\/users\/2"}],"replies":[{"embeddable":true,"href":"https:\/\/www.europesays.com\/fr\/wp-json\/wp\/v2\/comments?post=576339"}],"version-history":[{"count":0,"href":"https:\/\/www.europesays.com\/fr\/wp-json\/wp\/v2\/posts\/576339\/revisions"}],"wp:featuredmedia":[{"embeddable":true,"href":"https:\/\/www.europesays.com\/fr\/wp-json\/wp\/v2\/media\/576340"}],"wp:attachment":[{"href":"https:\/\/www.europesays.com\/fr\/wp-json\/wp\/v2\/media?parent=576339"}],"wp:term":[{"taxonomy":"category","embeddable":true,"href":"https:\/\/www.europesays.com\/fr\/wp-json\/wp\/v2\/categories?post=576339"},{"taxonomy":"post_tag","embeddable":true,"href":"https:\/\/www.europesays.com\/fr\/wp-json\/wp\/v2\/tags?post=576339"}],"curies":[{"name":"wp","href":"https:\/\/api.w.org\/{rel}","templated":true}]}}