{"id":576341,"date":"2025-12-03T23:08:25","date_gmt":"2025-12-03T23:08:25","guid":{"rendered":"https:\/\/www.europesays.com\/fr\/576341\/"},"modified":"2025-12-03T23:08:25","modified_gmt":"2025-12-03T23:08:25","slug":"en-octobre-2024-un-chauffeur-de-vtc-etait-tue-a-marseille-ladolescent-soupconne-du-meurtre-sera-juge-devant-le-tribunal-pour-enfants","status":"publish","type":"post","link":"https:\/\/www.europesays.com\/fr\/576341\/","title":{"rendered":"En octobre 2024 un chauffeur de VTC \u00e9tait tu\u00e9 \u00e0 Marseille, l&rsquo;adolescent soup\u00e7onn\u00e9 du meurtre sera jug\u00e9 devant le tribunal pour enfants"},"content":{"rendered":"<p class=\"article__intro\">On l&rsquo;apprend ce mercredi 3 d\u00e9cembre, quatorze mois apr\u00e8s les faits, l&rsquo;adolescent soup\u00e7onn\u00e9 d&rsquo;avoir tu\u00e9 un chauffeur de VTC \u00e0 Marseille en 2024 sera jug\u00e9 devant le tribunal pour enfants de Paris, pour \u00ab\u00a0homicide volontaire en bande organis\u00e9e\u00a0\u00bb.<\/p>\n<p>\n      La Quotidienne Soci\u00e9t\u00e9\n    <\/p>\n<p>\n      De la vie quotidienne aux grands enjeux, recevez tous les jours les sujets qui font la soci\u00e9t\u00e9 locale, comme la justice, l\u2019\u00e9ducation, la sant\u00e9 et la famille.\n    <\/p>\n<p>    France T\u00e9l\u00e9visions utilise votre adresse e-mail afin de vous envoyer la newsletter \u00ab\u00a0La Quotidienne Soci\u00e9t\u00e9\u00a0\u00bb. Vous pouvez vous d\u00e9sinscrire \u00e0 tout moment via le lien en bas de cette newsletter. <a target=\"_blank\" href=\"https:\/\/www.francetelevisions.fr\/groupe\/confidentialite\/politique-de-confidentialite\/politique-de-confidentialite-de-france-televisions-6503\" rel=\"noopener\">Notre politique de confidentialit\u00e9<\/a><\/p>\n<p>L&rsquo;affaire avait fait grand bruit, en raison de l&rsquo;\u00e2ge du suspect recrut\u00e9 sur les r\u00e9seaux sociaux sur fond de lutte de clans et de trafic de drogue, et des ressorts \u00e9tonnants de l&rsquo;histoire, en octobre 2024. Quatorze mois apr\u00e8s, une source judiciaire indique \u00e0 l&rsquo;AFP que l&rsquo;adolescent soup\u00e7onn\u00e9 d&rsquo;avoir tir\u00e9 sera jug\u00e9 devant le tribunal pour enfants.\u00a0 <\/p>\n<p>La chambre de l&rsquo;instruction (Chins) de la cour d&rsquo;appel de Paris, saisie d&rsquo;un appel de la d\u00e9fense de l&rsquo;adolescent, a confirm\u00e9 ce mercredi matin ce renvoi, en retirant n\u00e9anmoins la notion de pr\u00e9m\u00e9ditation. \u00ab\u00a0La Chins a confirm\u00e9 l&rsquo;ordonnance du juge d&rsquo;instruction et dit qu&rsquo;il n&rsquo;y a pas n\u00e9cessit\u00e9 \u00e0 poursuivre l&rsquo;information\u00a0\u00bb, a expliqu\u00e9 la source judiciaire, en pr\u00e9cisant que la chambre avait \u00ab\u00a0requalifi\u00e9 les faits d&rsquo;homicide volontaire en bande organis\u00e9e et avec pr\u00e9m\u00e9ditation, en homicide volontaire commis en bande organis\u00e9e\u00a0\u00bb. Le mineur sera aussi jug\u00e9 pour \u00ab\u00a0participation \u00e0 une association de malfaiteurs en vue de la pr\u00e9paration d&rsquo;un ou plusieurs crimes en bande organis\u00e9e\u00a0\u00bb. <\/p>\n<p>La chambre de l&rsquo;instruction a ordonn\u00e9 son maintien en d\u00e9tention jusqu&rsquo;\u00e0 sa comparution, a pr\u00e9cis\u00e9 la source judiciaire, sans mentionner de dates. Le proc\u00e8s du gar\u00e7on, qui avait 14 ans au moment des faits, \u00e9tait initialement pr\u00e9vu les 20 et 21 novembre, mais sa d\u00e9fense a fait appel. Le proc\u00e8s doit se tenir \u00e0 huis clos devant le tribunal pour enfants, qui juge les crimes commis par des mineurs de moins de 16 ans. <\/p>\n<p>Contact\u00e9e par l&rsquo;AFP, l&rsquo;avocate du jeune, Me Coline Grindel, n&rsquo;a pas souhait\u00e9 s&rsquo;exprimer. \u00ab\u00a0Justice doit \u00eatre rendue maintenant pour Nessim Ramdane\u00a0\u00bb, a d\u00e9clar\u00e9 pour sa part le conseil de la famille du chauffeur de VTC, Me Anne Santana-Marc, en soulignant que la Chins avait consid\u00e9r\u00e9 \u00ab\u00a0suffisant\u00a0\u00bb le travail d&rsquo;investigation fait par la police et les magistrats instructeurs. Enfant de parents chacun incarc\u00e9r\u00e9s, il \u00e9tait d\u00e9j\u00e0 connu des services de police et mis en examen pour des faits de violences, menaces, ou d\u00e9gradations. <\/p>\n<p> Le 4 octobre 2024, Nessim Ramdane avait \u00e9t\u00e9 retrouv\u00e9 tu\u00e9 par balle au volant de son v\u00e9hicule, encastr\u00e9 dans le mur d&rsquo;une \u00e9cole maternelle \u00e0 Marseille. L&rsquo;affaire avait fait grand bruit, en raison de l&rsquo;\u00e2ge du suspect recrut\u00e9 sur les r\u00e9seaux sociaux sur fond de lutte de clans et de trafic de drogue, et des ressorts \u00e9tonnants de l&rsquo;histoire. A 05H00, le 4 octobre, peu apr\u00e8s la d\u00e9couverte du v\u00e9hicule et du corps, la police avait en effet re\u00e7u l&rsquo;appel d&rsquo;un d\u00e9tenu de la r\u00e9gion se pr\u00e9sentant comme membre du gang marseillais DZ Mafia, assurant avoir commandit\u00e9 un meurtre. Ce contrat \u00e9tait cens\u00e9 venger la mort d&rsquo;un adolescent de 15 ans, qu&rsquo;il avait pr\u00e9c\u00e9demment envoy\u00e9 intimider un concurrent, mais qui avait \u00e9t\u00e9 rep\u00e9r\u00e9 et poignard\u00e9 une cinquantaine de fois puis br\u00fbl\u00e9 vif. L&rsquo;adolescent de 14 ans avait command\u00e9 un VTC pour aller ex\u00e9cuter son contrat. Mais devant le refus du chauffeur de l&rsquo;attendre, le mineur l&rsquo;a abattu d&rsquo;une balle \u00e0 l&rsquo;arri\u00e8re du cr\u00e2ne. M\u00e9content du nouveau mineur engag\u00e9, le commanditaire l&rsquo;a d\u00e9nonc\u00e9 \u00e0 la police. L&rsquo;adolescent avait aussit\u00f4t \u00e9t\u00e9 interpell\u00e9. Enfant de parents chacun incarc\u00e9r\u00e9s, il \u00e9tait d\u00e9j\u00e0 connu des services de police et mis en examen pour des faits de violences, menaces, ou d\u00e9gradations. <\/p>\n","protected":false},"excerpt":{"rendered":"On l&rsquo;apprend ce mercredi 3 d\u00e9cembre, quatorze mois apr\u00e8s les faits, l&rsquo;adolescent soup\u00e7onn\u00e9 d&rsquo;avoir tu\u00e9 un chauffeur de&hellip;\n","protected":false},"author":2,"featured_media":576342,"comment_status":"","ping_status":"","sticky":false,"template":"","format":"standard","meta":{"footnotes":""},"categories":[2814],"tags":[1111,11,1777,674,1011,27,884,12,882,25],"class_list":{"0":"post-576341","1":"post","2":"type-post","3":"status-publish","4":"format-standard","5":"has-post-thumbnail","7":"category-marseille","8":"tag-actu","9":"tag-actualites","10":"tag-eu","11":"tag-europe","12":"tag-fr","13":"tag-france","14":"tag-marseille","15":"tag-news","16":"tag-provence-alpes-cote-dazur","17":"tag-republique-francaise"},"share_on_mastodon":{"url":"https:\/\/pubeurope.com\/@fr\/115658155862315302","error":""},"_links":{"self":[{"href":"https:\/\/www.europesays.com\/fr\/wp-json\/wp\/v2\/posts\/576341","targetHints":{"allow":["GET"]}}],"collection":[{"href":"https:\/\/www.europesays.com\/fr\/wp-json\/wp\/v2\/posts"}],"about":[{"href":"https:\/\/www.europesays.com\/fr\/wp-json\/wp\/v2\/types\/post"}],"author":[{"embeddable":true,"href":"https:\/\/www.europesays.com\/fr\/wp-json\/wp\/v2\/users\/2"}],"replies":[{"embeddable":true,"href":"https:\/\/www.europesays.com\/fr\/wp-json\/wp\/v2\/comments?post=576341"}],"version-history":[{"count":0,"href":"https:\/\/www.europesays.com\/fr\/wp-json\/wp\/v2\/posts\/576341\/revisions"}],"wp:featuredmedia":[{"embeddable":true,"href":"https:\/\/www.europesays.com\/fr\/wp-json\/wp\/v2\/media\/576342"}],"wp:attachment":[{"href":"https:\/\/www.europesays.com\/fr\/wp-json\/wp\/v2\/media?parent=576341"}],"wp:term":[{"taxonomy":"category","embeddable":true,"href":"https:\/\/www.europesays.com\/fr\/wp-json\/wp\/v2\/categories?post=576341"},{"taxonomy":"post_tag","embeddable":true,"href":"https:\/\/www.europesays.com\/fr\/wp-json\/wp\/v2\/tags?post=576341"}],"curies":[{"name":"wp","href":"https:\/\/api.w.org\/{rel}","templated":true}]}}