{"id":576349,"date":"2025-12-03T23:14:11","date_gmt":"2025-12-03T23:14:11","guid":{"rendered":"https:\/\/www.europesays.com\/fr\/576349\/"},"modified":"2025-12-03T23:14:11","modified_gmt":"2025-12-03T23:14:11","slug":"le-concert-sur-les-champs-elysees-naura-pas-lieu-cette-annee","status":"publish","type":"post","link":"https:\/\/www.europesays.com\/fr\/576349\/","title":{"rendered":"le concert sur les Champs-\u00c9lys\u00e9es n\u2019aura pas lieu cette ann\u00e9e"},"content":{"rendered":"<p>\n    Selon la maire du 8e arrondissement, Jeanne d\u2019Hauteserre, la pr\u00e9fecture a invoqu\u00e9 \u00abdes mouvements de foule impr\u00e9visibles\u00bb sur les Champs-\u00c9lys\u00e9es qui \u00abne sont pas dimensionn\u00e9s pour accueillir ce genre de manifestation o\u00f9 les gens bougent\u00bb.<\/p>\n<p class=\"fig-paragraph\">Le concert du\u00a0<a href=\"http:\/\/www.lefigaro.fr\/voyages\/le-saviez-vous-ce-11-septembre-l-ethiopie-celebre-le-nouvel-an-2018-20250911\" data-fig-type=\"Article\" data-gtm-custom-categorie=\"navigation\" data-gtm-custom-action=\"crossclick\" data-gtm-custom-label=\"Contextuel\" data-gtm-event=\"customEventSPE\" data-fig-domain=\"LEFIGARO\" target=\"_blank\" rel=\"noopener\">Nouvel An<\/a>\u00a0sur les\u00a0<a href=\"https:\/\/video.lefigaro.fr\/figaro\/culture\/champs-elysees-les-images-des-illuminations-de-noel-inaugurees-dimanche-soir-20251117\" data-fig-type=\"Video\" data-gtm-custom-categorie=\"navigation\" data-gtm-custom-action=\"crossclick\" data-gtm-custom-label=\"Contextuel\" data-gtm-event=\"customEventSPE\" data-fig-domain=\"LEFIGARO\" target=\"_blank\" rel=\"noopener\">Champs-\u00c9lys\u00e9es<\/a>\u00a0\u00e0 Paris n&rsquo;aura pas lieu cette ann\u00e9e, sur d\u00e9cision de la pr\u00e9fecture de police qui a invoqu\u00e9 des raisons de s\u00e9curit\u00e9, mais le feu d&rsquo;artifice est maintenu, a-t-on appris mercredi aupr\u00e8s de la mairie de Paris. La ville de Paris avait propos\u00e9 d&rsquo;organiser un concert live sur la c\u00e9l\u00e8bre avenue le 31 d\u00e9cembre, \u00e0 l&rsquo;identique des deux \u00e9ditions pr\u00e9c\u00e9dentes, mais a d\u00fb se \u00abplier\u00bb au refus de la pr\u00e9fecture de police, signifi\u00e9 \u00e0 la maire socialiste\u00a0<a href=\"http:\/\/www.lefigaro.fr\/conjoncture\/logement-social-comment-anne-hidalgo-met-la-main-sur-des-milliers-d-appartements-prives-parisiens-20251120\" data-fig-type=\"Article\" data-gtm-custom-categorie=\"navigation\" data-gtm-custom-action=\"crossclick\" data-gtm-custom-label=\"Contextuel\" data-gtm-event=\"customEventSPE\" data-fig-domain=\"LEFIGARO\" target=\"_blank\" rel=\"noopener\">Anne Hidalgo<\/a>\u00a0le 1er d\u00e9cembre, a indiqu\u00e9 la mairie \u00e0 l&rsquo;AFP. Interrog\u00e9e par l&rsquo;AFP, la pr\u00e9fecture de police n&rsquo;a pas r\u00e9pondu.<\/p>\n<p>                                                        \u00abDes mouvements de foule impr\u00e9visibles\u00bb<\/p>\n<p class=\"fig-paragraph\">Selon la maire du 8e arrondissement, Jeanne d&rsquo;Hauteserre, la pr\u00e9fecture a invoqu\u00e9 \u00abdes mouvements de foule impr\u00e9visibles\u00bb sur les Champs-\u00c9lys\u00e9es qui \u00abne sont pas dimensionn\u00e9s pour accueillir ce genre de manifestation o\u00f9 les gens bougent\u00bb. Une d\u00e9cision que l&rsquo;\u00e9lue LR approuve. La mairie centrale souligne de son c\u00f4t\u00e9 \u00abl&rsquo;esprit bon enfant et familial\u00bb dans lequel s&rsquo;\u00e9taient d\u00e9roul\u00e9s les concerts gratuits du Nouvel An en 2023 et 2024 sur les Champs-\u00c9lys\u00e9es, o\u00f9 \u00abl&rsquo;alcool est interdit\u00bb. Avec un million de personnes r\u00e9unies l&rsquo;an dernier, dont la moiti\u00e9 venant de l&rsquo;\u00e9tranger, un tel spectacle \u00abparticipe au rayonnement culturel et festif de Paris\u00bb, a-t-elle \u00e9galement comment\u00e9.<\/p>\n<p>                                            <a class=\"fig-a11y-skip\" href=\"#fig-a11y-skip-main-inarticle\" data-module=\"a11y-skip\" data-context=\"was @visible\"><br \/>\n    Passer la publicit\u00e9<br \/>\n<\/a>            <\/p>\n<p class=\"fig-paragraph\">Le s\u00e9nateur communiste de Paris\u00a0<a href=\"https:\/\/video.lefigaro.fr\/figaro\/politique\/une-honte-ian-brossat-fustige-le-rapport-a-charge-sur-laccord-franco-algerien-de-1968-20251017\" data-fig-type=\"Video\" data-gtm-custom-categorie=\"navigation\" data-gtm-custom-action=\"crossclick\" data-gtm-custom-label=\"Contextuel\" data-gtm-event=\"customEventSPE\" data-fig-domain=\"LEFIGARO\" target=\"_blank\" rel=\"noopener\">Ian Brossat<\/a>\u00a0a regrett\u00e9 une annulation \u00abincompr\u00e9hensible, sans explication publique par la pr\u00e9fecture de police\u00bb. \u00abNotre ville a su accueillir, l&rsquo;ann\u00e9e derni\u00e8re, les Jeux Olympiques et Paralympiques, l&rsquo;un des plus grands \u00e9v\u00e9nements plan\u00e9taires, dans des conditions de s\u00e9curit\u00e9 remarquables. Comment pourrait-elle \u00eatre incapable aujourd&rsquo;hui de maintenir un concert dont l&rsquo;organisation est parfaitement rod\u00e9e depuis des ann\u00e9es\u00a0?\u00bb, s&rsquo;interroge le pr\u00e9sident du groupe communiste au Conseil de Paris dans un communiqu\u00e9.<\/p>\n<p class=\"fig-paragraph\">Le feu d&rsquo;artifice est lui maintenu, et diff\u00e9rents tableaux seront projet\u00e9s sur l&rsquo;Arc de Triomphe, dont un \u00e9voquant le derby du 4 janvier entre Le Paris Saint-Germain et le Paris FC, a pr\u00e9cis\u00e9 la mairie. Des s\u00e9quences de concert pr\u00e9alablement tourn\u00e9es, dont certaines place de la Concorde, seront par ailleurs retransmises le soir du 31 d\u00e9cembre sur France 2, a pr\u00e9cis\u00e9 France T\u00e9l\u00e9visions \u00e0 l&rsquo;AFP. Elles seront compl\u00e9t\u00e9es par le feu d&rsquo;artifice des Champs-\u00c9lys\u00e9es, en direct \u00e0 23h50, \u00abpour offrir \u00e0 tous un spectacle musical et f\u00e9\u00e9rique\u00bb, selon le groupe audiovisuel.<\/p>\n","protected":false},"excerpt":{"rendered":"Selon la maire du 8e arrondissement, Jeanne d\u2019Hauteserre, la pr\u00e9fecture a invoqu\u00e9 \u00abdes mouvements de foule impr\u00e9visibles\u00bb sur&hellip;\n","protected":false},"author":2,"featured_media":576350,"comment_status":"","ping_status":"","sticky":false,"template":"","format":"standard","meta":{"footnotes":""},"categories":[1888],"tags":[1111,1928,11,1927,31373,6984,1697,1777,674,1011,27,12,1926,39117,626,1925,25],"class_list":{"0":"post-576349","1":"post","2":"type-post","3":"status-publish","4":"format-standard","5":"has-post-thumbnail","7":"category-paris","8":"tag-actu","9":"tag-actu-paris","10":"tag-actualites","11":"tag-actualites-paris","12":"tag-annulation","13":"tag-champs-elysees","14":"tag-concert","15":"tag-eu","16":"tag-europe","17":"tag-fr","18":"tag-france","19":"tag-news","20":"tag-news-paris","21":"tag-nouvel-an","22":"tag-paris","23":"tag-paris-news","24":"tag-republique-francaise"},"share_on_mastodon":{"url":"https:\/\/pubeurope.com\/@fr\/115658179928710142","error":""},"_links":{"self":[{"href":"https:\/\/www.europesays.com\/fr\/wp-json\/wp\/v2\/posts\/576349","targetHints":{"allow":["GET"]}}],"collection":[{"href":"https:\/\/www.europesays.com\/fr\/wp-json\/wp\/v2\/posts"}],"about":[{"href":"https:\/\/www.europesays.com\/fr\/wp-json\/wp\/v2\/types\/post"}],"author":[{"embeddable":true,"href":"https:\/\/www.europesays.com\/fr\/wp-json\/wp\/v2\/users\/2"}],"replies":[{"embeddable":true,"href":"https:\/\/www.europesays.com\/fr\/wp-json\/wp\/v2\/comments?post=576349"}],"version-history":[{"count":0,"href":"https:\/\/www.europesays.com\/fr\/wp-json\/wp\/v2\/posts\/576349\/revisions"}],"wp:featuredmedia":[{"embeddable":true,"href":"https:\/\/www.europesays.com\/fr\/wp-json\/wp\/v2\/media\/576350"}],"wp:attachment":[{"href":"https:\/\/www.europesays.com\/fr\/wp-json\/wp\/v2\/media?parent=576349"}],"wp:term":[{"taxonomy":"category","embeddable":true,"href":"https:\/\/www.europesays.com\/fr\/wp-json\/wp\/v2\/categories?post=576349"},{"taxonomy":"post_tag","embeddable":true,"href":"https:\/\/www.europesays.com\/fr\/wp-json\/wp\/v2\/tags?post=576349"}],"curies":[{"name":"wp","href":"https:\/\/api.w.org\/{rel}","templated":true}]}}