{"id":576351,"date":"2025-12-03T23:15:24","date_gmt":"2025-12-03T23:15:24","guid":{"rendered":"https:\/\/www.europesays.com\/fr\/576351\/"},"modified":"2025-12-03T23:15:24","modified_gmt":"2025-12-03T23:15:24","slug":"psg-f-une-jeune-joueuse-pretee-a-un-autre-club-de-lelite-sports","status":"publish","type":"post","link":"https:\/\/www.europesays.com\/fr\/576351\/","title":{"rendered":"PSG (F) : Une jeune joueuse pr\u00eat\u00e9e \u00e0 un autre club de l&rsquo;\u00e9lite : Sports"},"content":{"rendered":"<p class=\"date\">\n                                                            Thomas Siniecki, Media365 : publi\u00e9 le mercredi 03 d\u00e9cembre 2025 \u00e0 18h49\n                                                    <\/p>\n<p>Les Havraises devraient offrir beaucoup de temps de jeu et un vrai statut \u00e0 Fanny Rossi, espoir couv\u00e9 par Paris.<\/p>\n<p>Fanny Rossi, <a href=\"https:\/\/sports.orange.fr\/football\/football-feminin\/article\/arkema-premiere-ligue-j8-le-psg-s-impose-a-saint-etienne-CNT000002lQOAy.html\" target=\"_blank\" rel=\"noopener\">qui ne s&rsquo;impose pas encore au Paris Saint-Germain<\/a>, continue de voguer loin de la capitale en attendant son heure. Pr\u00eat\u00e9e \u00e0 Anderlecht la saison derni\u00e8re, la gauch\u00e8re de 20 ans est c\u00e9d\u00e9e au Havre pour cet exercice 2025-2026 (elle portera d&rsquo;ailleurs le n\u00b0 20). \u00ab\u00a0C&rsquo;est une nouvelle \u00e9tape importante dans mon parcours. C&rsquo;est une belle opportunit\u00e9 pour gagner en exp\u00e9rience, continuer \u00e0 progresser et m&rsquo;exprimer dans un championnat exigeant comme l&rsquo;Arkema Premi\u00e8re Ligue.\u00a0\u00bb En Belgique, la milieu de terrain n&rsquo;a jou\u00e9 que huit matchs, apr\u00e8s avoir effectu\u00e9 ses d\u00e9buts avec le PSG \u00e0 18 ans en mai 2024.<\/p>\n<p>\u00ab\u00a0Le PSG lui souhaite pleine r\u00e9ussite et une saison enrichissante\u00a0\u00bb<\/p>\n<p>Fanny Rossi a \u00e9t\u00e9 une habitu\u00e9e de toutes les s\u00e9lections de jeunes, participant aux Euros U17 et U19 ainsi qu&rsquo;au Mondial U17 en 2022 avec les Bleuettes. C&rsquo;est donc un profil \u00e0 suivre de pr\u00e8s, <a href=\"https:\/\/sports.orange.fr\/football\/football-feminin\/article\/psg-f-paulo-cesar-reste-combatif-apres-la-defaite-contre-le-bayern-exclu-CNT000002lP8PS.html\" target=\"_blank\" rel=\"noopener\">c&rsquo;est pourquoi le club parisien<\/a> ne souhaite visiblement pas s&rsquo;en s\u00e9parer apr\u00e8s lui avoir fait signer son premier contrat professionnel l&rsquo;ann\u00e9e pass\u00e9e. \u00ab\u00a0Le PSG lui souhaite pleine r\u00e9ussite dans ce nouveau challenge et une saison enrichissante sous les couleurs havraises.\u00a0\u00bb<\/p>\n<p>Le HAC pourrait en profiter dans son op\u00e9ration maintien, les Normandes occupant la huiti\u00e8me place \u00e0 seulement quatre points de la zone rouge. Elles restent sur trois d\u00e9faites cons\u00e9cutives et encha\u00eenent avec un d\u00e9placement particuli\u00e8rement p\u00e9rilleux d\u00e8s ce week-end chez le Paris FC. L&rsquo;an pass\u00e9, le club de Laure Lepailleur (l&rsquo;ancienne internationale est devenue manager au HAC) a su b\u00e9n\u00e9ficier de ce filon, avec Wassa Sangar\u00e9 et Eden Le Guilly d\u00e9j\u00e0 pr\u00eat\u00e9es respectivement par l&rsquo;OL et le PSG. A l&rsquo;image de Fanny Rossi, celles-ci ont d&rsquo;ailleurs \u00e0 nouveau \u00e9t\u00e9 pr\u00eat\u00e9es, cette fois \u00e0 l&rsquo;\u00e9tranger, aux London City Lionesses (coach\u00e9es par Jocelyn Pr\u00eacheur) et \u00e0 Levante. Wassa Sangar\u00e9 a m\u00eame connu sa premi\u00e8re s\u00e9lection en \u00e9quipe de France mardi soir, en Su\u00e8de (2-2 a.p.).<\/p>\n","protected":false},"excerpt":{"rendered":"Thomas Siniecki, Media365 : publi\u00e9 le mercredi 03 d\u00e9cembre 2025 \u00e0 18h49 Les Havraises devraient offrir beaucoup de&hellip;\n","protected":false},"author":2,"featured_media":576352,"comment_status":"","ping_status":"","sticky":false,"template":"","format":"standard","meta":{"footnotes":""},"categories":[1888],"tags":[1111,1928,11,1927,1777,674,1011,27,12,1926,626,1925,25],"class_list":{"0":"post-576351","1":"post","2":"type-post","3":"status-publish","4":"format-standard","5":"has-post-thumbnail","7":"category-paris","8":"tag-actu","9":"tag-actu-paris","10":"tag-actualites","11":"tag-actualites-paris","12":"tag-eu","13":"tag-europe","14":"tag-fr","15":"tag-france","16":"tag-news","17":"tag-news-paris","18":"tag-paris","19":"tag-paris-news","20":"tag-republique-francaise"},"share_on_mastodon":{"url":"https:\/\/pubeurope.com\/@fr\/115658183383179583","error":""},"_links":{"self":[{"href":"https:\/\/www.europesays.com\/fr\/wp-json\/wp\/v2\/posts\/576351","targetHints":{"allow":["GET"]}}],"collection":[{"href":"https:\/\/www.europesays.com\/fr\/wp-json\/wp\/v2\/posts"}],"about":[{"href":"https:\/\/www.europesays.com\/fr\/wp-json\/wp\/v2\/types\/post"}],"author":[{"embeddable":true,"href":"https:\/\/www.europesays.com\/fr\/wp-json\/wp\/v2\/users\/2"}],"replies":[{"embeddable":true,"href":"https:\/\/www.europesays.com\/fr\/wp-json\/wp\/v2\/comments?post=576351"}],"version-history":[{"count":0,"href":"https:\/\/www.europesays.com\/fr\/wp-json\/wp\/v2\/posts\/576351\/revisions"}],"wp:featuredmedia":[{"embeddable":true,"href":"https:\/\/www.europesays.com\/fr\/wp-json\/wp\/v2\/media\/576352"}],"wp:attachment":[{"href":"https:\/\/www.europesays.com\/fr\/wp-json\/wp\/v2\/media?parent=576351"}],"wp:term":[{"taxonomy":"category","embeddable":true,"href":"https:\/\/www.europesays.com\/fr\/wp-json\/wp\/v2\/categories?post=576351"},{"taxonomy":"post_tag","embeddable":true,"href":"https:\/\/www.europesays.com\/fr\/wp-json\/wp\/v2\/tags?post=576351"}],"curies":[{"name":"wp","href":"https:\/\/api.w.org\/{rel}","templated":true}]}}