{"id":576358,"date":"2025-12-03T23:19:19","date_gmt":"2025-12-03T23:19:19","guid":{"rendered":"https:\/\/www.europesays.com\/fr\/576358\/"},"modified":"2025-12-03T23:19:19","modified_gmt":"2025-12-03T23:19:19","slug":"zelensky-affirme-quune-paix-honorable-nest-possible-quen-prenant-en-compte-les-interets-de-lukraine","status":"publish","type":"post","link":"https:\/\/www.europesays.com\/fr\/576358\/","title":{"rendered":"Zelensky affirme qu\u2019une \u00ab paix honorable \u00bb n\u2019est possible qu\u2019en prenant en compte les int\u00e9r\u00eats de l\u2019Ukraine"},"content":{"rendered":"<p>AA \/ Kiev \/ Davit Kachkachishvili<\/p>\n<p>Le pr\u00e9sident ukrainien Volodymyr Zelensky a d\u00e9clar\u00e9 qu\u2019une paix honorable ne pourrait \u00eatre obtenue qu\u2019\u00e0 condition que les int\u00e9r\u00eats de l\u2019Ukraine soient pris en compte.<\/p>\n<p>Dans une vid\u00e9o publi\u00e9e sur son compte sur les r\u00e9seaux sociaux, Zelensky a \u00e9valu\u00e9 les derniers d\u00e9veloppements concernant la guerre entre la Russie et l\u2019Ukraine.<\/p>\n<p>\u00c9voquant \u00e9galement les r\u00e9cents travaux men\u00e9s autour du plan de paix pr\u00e9par\u00e9 par les \u00c9tats-Unis pour mettre fin au conflit, Zelensky a indiqu\u00e9 qu\u2019ils se pr\u00e9paraient pour de nouvelles discussions.<\/p>\n<p>Rappelant que la d\u00e9l\u00e9gation am\u00e9ricaine avait examin\u00e9 mardi ce plan \u00e0 Moscou avec la partie russe, Zelensky a pr\u00e9cis\u00e9 que le groupe de n\u00e9gociation ukrainien se rendrait de nouveau aux \u00c9tats-Unis.<\/p>\n<p>Zelensky a indiqu\u00e9 qu\u2019ils pr\u00e9paraient la r\u00e9union qui se tiendra aux \u00c9tats-Unis.<\/p>\n<p>Soulignant que les travaux autour du plan avaient d\u2019abord eu lieu \u00e0 Gen\u00e8ve, en Suisse, puis aux \u00c9tats-Unis, Zelensky a d\u00e9clar\u00e9 : \u00ab Lors des discussions \u00e0 Gen\u00e8ve et en Floride, tout a progress\u00e9 de mani\u00e8re assez efficace. Ils ont \u00e9cout\u00e9 l\u2019Ukraine et la voix de l\u2019Ukraine a \u00e9t\u00e9 entendue. C\u2019est important, et nous esp\u00e9rons que cela se poursuivra ainsi. Une paix honorable ne sera possible qu\u2019en prenant en compte les int\u00e9r\u00eats de l\u2019Ukraine. \u00bb<\/p>\n<p>Affirmant qu\u2019il fallait exercer une pression sur la Russie pour mettre fin \u00e0 la guerre, Zelensky a d\u00e9clar\u00e9 : \u00ab Le monde est d\u00e9sormais clairement conscient de la n\u00e9cessit\u00e9 de mettre un terme au conflit, et la dynamique actuelle des n\u00e9gociations doit \u00eatre renforc\u00e9e en augmentant la pression sur la Russie. \u00bb<\/p>\n<p>Zelensky a ajout\u00e9 : \u00ab La cohabitation avec la Russie est dangereuse dans tous les cas. Mais la force de l\u2019Ukraine r\u00e9side dans notre unit\u00e9 avec le monde et dans notre capacit\u00e9 \u00e0 fixer l\u2019agenda. \u00bb<\/p>\n<p>*Traduit du turc par Serap Dogansoy<\/p>\n<p>                            &#13;<br \/>\n                                <a href=\"https:\/\/www.aa.com.tr\/fr\/p\/abonnement\/1001\" target=\"_blank\" style=\"font-size:12px; color:#444; text-decoration:none;\" rel=\"noopener\">&#13;<br \/>\n                                    Seulement une partie des d\u00e9p\u00eaches, que l&rsquo;Agence Anadolu diffuse \u00e0 ses abonn\u00e9s via le Syst\u00e8me de Diffusion interne (HAS), est diffus\u00e9e sur le site de l&rsquo;AA, de mani\u00e8re r\u00e9sum\u00e9e. <b style=\"color:#1897F7\">Contactez-nous s&rsquo;il vous pla\u00eet pour vous abonner.<\/b>&#13;<br \/>\n                                <\/a>&#13;<\/p>\n","protected":false},"excerpt":{"rendered":"AA \/ Kiev \/ Davit Kachkachishvili Le pr\u00e9sident ukrainien Volodymyr Zelensky a d\u00e9clar\u00e9 qu\u2019une paix honorable ne pourrait&hellip;\n","protected":false},"author":2,"featured_media":576359,"comment_status":"","ping_status":"","sticky":false,"template":"","format":"standard","meta":{"footnotes":""},"categories":[1590],"tags":[4295,11,1785,1777,674,3482,12,69052,220,134],"class_list":{"0":"post-576358","1":"post","2":"type-post","3":"status-publish","4":"format-standard","5":"has-post-thumbnail","7":"category-ukraine","8":"tag-tats-unis","9":"tag-actualites","10":"tag-anadolu-ajansi","11":"tag-eu","12":"tag-europe","13":"tag-guerre-russie-ukraine","14":"tag-news","15":"tag-plan-de-paix","16":"tag-ukraine","17":"tag-volodymyr-zelensky"},"share_on_mastodon":{"url":"https:\/\/pubeurope.com\/@fr\/115658199139733886","error":""},"_links":{"self":[{"href":"https:\/\/www.europesays.com\/fr\/wp-json\/wp\/v2\/posts\/576358","targetHints":{"allow":["GET"]}}],"collection":[{"href":"https:\/\/www.europesays.com\/fr\/wp-json\/wp\/v2\/posts"}],"about":[{"href":"https:\/\/www.europesays.com\/fr\/wp-json\/wp\/v2\/types\/post"}],"author":[{"embeddable":true,"href":"https:\/\/www.europesays.com\/fr\/wp-json\/wp\/v2\/users\/2"}],"replies":[{"embeddable":true,"href":"https:\/\/www.europesays.com\/fr\/wp-json\/wp\/v2\/comments?post=576358"}],"version-history":[{"count":0,"href":"https:\/\/www.europesays.com\/fr\/wp-json\/wp\/v2\/posts\/576358\/revisions"}],"wp:featuredmedia":[{"embeddable":true,"href":"https:\/\/www.europesays.com\/fr\/wp-json\/wp\/v2\/media\/576359"}],"wp:attachment":[{"href":"https:\/\/www.europesays.com\/fr\/wp-json\/wp\/v2\/media?parent=576358"}],"wp:term":[{"taxonomy":"category","embeddable":true,"href":"https:\/\/www.europesays.com\/fr\/wp-json\/wp\/v2\/categories?post=576358"},{"taxonomy":"post_tag","embeddable":true,"href":"https:\/\/www.europesays.com\/fr\/wp-json\/wp\/v2\/tags?post=576358"}],"curies":[{"name":"wp","href":"https:\/\/api.w.org\/{rel}","templated":true}]}}