{"id":576364,"date":"2025-12-03T23:22:13","date_gmt":"2025-12-03T23:22:13","guid":{"rendered":"https:\/\/www.europesays.com\/fr\/576364\/"},"modified":"2025-12-03T23:22:13","modified_gmt":"2025-12-03T23:22:13","slug":"les-relations-entre-le-royaume-uni-et-lallemagne-sont-en-bien-meilleure-forme-apres-une-periode-difficile","status":"publish","type":"post","link":"https:\/\/www.europesays.com\/fr\/576364\/","title":{"rendered":"Les relations entre le Royaume-Uni et l&rsquo;Allemagne sont \u00ab en bien meilleure forme \u00bb apr\u00e8s une p\u00e9riode \u00ab difficile \u00bb"},"content":{"rendered":"<p>AA \/ Londres \/ Aysu Bicer<\/p>\n<p>Les relations entre le Royaume-Uni et l&rsquo;Allemagne sont entr\u00e9es dans un \u00ab nouveau chapitre \u00bb apr\u00e8s des ann\u00e9es de tensions post-Brexit, a d\u00e9clar\u00e9 le Premier ministre britannique Keir Starmer avant ses discussions avec le pr\u00e9sident allemand Frank-Walter Steinmeier \u00e0 Downing Street, \u00e0 Londres.<\/p>\n<p>S&rsquo;exprimant avant leur r\u00e9union bilat\u00e9rale mercredi, Starmer est revenu sur une conversation que les deux hommes avaient eue \u00e0 Berlin l&rsquo;ann\u00e9e derni\u00e8re.<\/p>\n<p>\u00ab Vous et moi nous \u00e9tions assis \u00e0 Berlin l&rsquo;ann\u00e9e derni\u00e8re, et je me souviens tr\u00e8s bien que vous m&rsquo;avez dit que les relations entre nos deux pays entamaient un nouveau chapitre, une nouvelle ouverture \u00bb, a-t-il d\u00e9clar\u00e9.<\/p>\n<p>\u00ab Et je crois profond\u00e9ment que c&rsquo;est vrai, et qu&rsquo;en fait, nous avons joint le geste \u00e0 la parole. \u00bb<\/p>\n<p>Starmer a soulign\u00e9 une s\u00e9rie de d\u00e9veloppements r\u00e9cents, notamment la visite du chancelier allemand au Royaume-Uni au d\u00e9but de l&rsquo;ann\u00e9e, la signature d&rsquo;un trait\u00e9 bilat\u00e9ral et la collaboration sur l&rsquo;Ukraine, les migrations et le commerce.<\/p>\n<p>\u00ab Lorsque vous avez dit que nous ouvrions un nouveau chapitre, c&rsquo;est certainement ce que nous avons fait \u00bb, a-t-il d\u00e9clar\u00e9. \u00ab Je pense que les relations entre nos deux pays sont tr\u00e8s solides \u00e0 tous les niveaux. \u00bb<\/p>\n<p>Steinmeier, qui a rappel\u00e9 que sa premi\u00e8re visite \u00e0 Downing Street remontait \u00e0 25 ans, a d\u00e9clar\u00e9 qu&rsquo;entre-temps, \u00ab beaucoup de choses s&rsquo;\u00e9taient pass\u00e9es \u00bb.<\/p>\n<p>\u00ab Je me souviens des jours difficiles qui ont suivi le Brexit, et je pense qu&rsquo;aujourd&rsquo;hui, nous avons les moyens de mieux g\u00e9rer la situation \u00bb, a-t-il d\u00e9clar\u00e9.<\/p>\n<p>Faisant \u00e9cho aux commentaires de Starmer sur un \u00ab nouveau chapitre \u00bb, Steinmeier a soulign\u00e9 l&rsquo;\u00e9volution du paysage mondial. \u00ab Nous sommes confront\u00e9s \u00e0 une nouvelle situation en mati\u00e8re de s\u00e9curit\u00e9 en Europe, voire dans le monde entier. Il est donc n\u00e9cessaire de renforcer la coop\u00e9ration \u00bb, a-t-il d\u00e9clar\u00e9.<\/p>\n<p>Le pr\u00e9sident allemand a ajout\u00e9 qu&rsquo;ils ont \u00e9galement discut\u00e9 des relations \u00e9conomiques, des liens commerciaux et des \u00ab \u00e9changes entre les peuples \u00bb.<\/p>\n<p>\u00ab Ainsi, apr\u00e8s plusieurs ann\u00e9es de difficult\u00e9s croissantes depuis 2016, je pense que nous sommes en bien meilleure posture et que nous devons nous engager \u00e0 am\u00e9liorer la situation et \u00e0 nous rapprocher dans ce monde en mutation qui nous expose \u00e0 de nouvelles menaces \u00bb, a-t-il d\u00e9clar\u00e9.<\/p>\n<p>* Traduit de l&rsquo;anglais par Mariem Njeh<\/p>\n<p>                            &#13;<br \/>\n                                <a href=\"https:\/\/www.aa.com.tr\/fr\/p\/abonnement\/1001\" target=\"_blank\" style=\"font-size:12px; color:#444; text-decoration:none;\" rel=\"nofollow noopener\">&#13;<br \/>\n                                    Seulement une partie des d\u00e9p\u00eaches, que l&rsquo;Agence Anadolu diffuse \u00e0 ses abonn\u00e9s via le Syst\u00e8me de Diffusion interne (HAS), est diffus\u00e9e sur le site de l&rsquo;AA, de mani\u00e8re r\u00e9sum\u00e9e. <b style=\"color:#1897F7\">Contactez-nous s&rsquo;il vous pla\u00eet pour vous abonner.<\/b>&#13;<br \/>\n                                <\/a>&#13;<\/p>\n","protected":false},"excerpt":{"rendered":"AA \/ Londres \/ Aysu Bicer Les relations entre le Royaume-Uni et l&rsquo;Allemagne sont entr\u00e9es dans un \u00ab&hellip;\n","protected":false},"author":2,"featured_media":576365,"comment_status":"","ping_status":"","sticky":false,"template":"","format":"standard","meta":{"footnotes":""},"categories":[1587],"tags":[11,672,1785,1353,1804,1805,1803,1777,674,1801,12,1802,473],"class_list":{"0":"post-576364","1":"post","2":"type-post","3":"status-publish","4":"format-standard","5":"has-post-thumbnail","7":"category-allemagne","8":"tag-actualites","9":"tag-allemagne","10":"tag-anadolu-ajansi","11":"tag-brexit","12":"tag-bundesrepublik-deutschland","13":"tag-de","14":"tag-deutschland","15":"tag-eu","16":"tag-europe","17":"tag-germany","18":"tag-news","19":"tag-republique-federale-dallemagne","20":"tag-royaume-uni"},"share_on_mastodon":{"url":"https:\/\/pubeurope.com\/@fr\/115658210980740694","error":""},"_links":{"self":[{"href":"https:\/\/www.europesays.com\/fr\/wp-json\/wp\/v2\/posts\/576364","targetHints":{"allow":["GET"]}}],"collection":[{"href":"https:\/\/www.europesays.com\/fr\/wp-json\/wp\/v2\/posts"}],"about":[{"href":"https:\/\/www.europesays.com\/fr\/wp-json\/wp\/v2\/types\/post"}],"author":[{"embeddable":true,"href":"https:\/\/www.europesays.com\/fr\/wp-json\/wp\/v2\/users\/2"}],"replies":[{"embeddable":true,"href":"https:\/\/www.europesays.com\/fr\/wp-json\/wp\/v2\/comments?post=576364"}],"version-history":[{"count":0,"href":"https:\/\/www.europesays.com\/fr\/wp-json\/wp\/v2\/posts\/576364\/revisions"}],"wp:featuredmedia":[{"embeddable":true,"href":"https:\/\/www.europesays.com\/fr\/wp-json\/wp\/v2\/media\/576365"}],"wp:attachment":[{"href":"https:\/\/www.europesays.com\/fr\/wp-json\/wp\/v2\/media?parent=576364"}],"wp:term":[{"taxonomy":"category","embeddable":true,"href":"https:\/\/www.europesays.com\/fr\/wp-json\/wp\/v2\/categories?post=576364"},{"taxonomy":"post_tag","embeddable":true,"href":"https:\/\/www.europesays.com\/fr\/wp-json\/wp\/v2\/tags?post=576364"}],"curies":[{"name":"wp","href":"https:\/\/api.w.org\/{rel}","templated":true}]}}