{"id":576383,"date":"2025-12-03T23:38:21","date_gmt":"2025-12-03T23:38:21","guid":{"rendered":"https:\/\/www.europesays.com\/fr\/576383\/"},"modified":"2025-12-03T23:38:21","modified_gmt":"2025-12-03T23:38:21","slug":"les-plus-belles-adresses-de-france-sont-imaginees-par-des-architectes-de-la-liste-ad100","status":"publish","type":"post","link":"https:\/\/www.europesays.com\/fr\/576383\/","title":{"rendered":"Les plus belles adresses de France sont imagin\u00e9es par des architectes de la liste AD100"},"content":{"rendered":"<p>Notre <a href=\"https:\/\/www.admagazine.fr\/article\/montmartre-villa-art-deco-surrealiste\" target=\"_blank\" rel=\"noopener\">villa<\/a> fut construite \u00e0 l&rsquo;entre-deux-guerres pour le compositeur d&rsquo;op\u00e9rettes Andr\u00e9 Mauprey. Il y r\u00e8gne, il faut le dire, une th\u00e9\u00e2tralit\u00e9 hors du commun. Ici, un balconnet int\u00e9rieur en mezzanine \u2014 comme \u00e0 l&rsquo;op\u00e9ra \u2014, l\u00e0, un bas-relief ornant fi\u00e8rement une chemin\u00e9e\u2026 R\u00e9cemment acquise par Iconic House, la maison d&rsquo;Andr\u00e9 Mauprey s&rsquo;est mue en luxueuse villa h\u00f4teli\u00e8re de trois \u00e9tages, sous l&rsquo;\u00e9gide du duo d&rsquo;architectes d&rsquo;int\u00e9rieur CLAVES. Les architectes ont pleinement embrass\u00e9 cette inspiration souffl\u00e9e par le lieu lui-m\u00eame, malmen\u00e9 ces derni\u00e8res ann\u00e9es car divis\u00e9 en plusieurs appartements de location courte dur\u00e9e. Pour revenir \u00e0 l&rsquo;esprit <a href=\"https:\/\/www.admagazine.fr\/article\/hotels-restaurants-deco-2025\" target=\"_blank\" rel=\"noopener\">Art d\u00e9co<\/a> originel, les architectes d&rsquo;int\u00e9rieur ont op\u00e9r\u00e9 un subtil retour aux codes des ann\u00e9es 1930 \u00e0 travers des laques \u00e9loquentes \u00e0 trouver au gr\u00e9 des pi\u00e8ces, des bois exotiques pr\u00e9cieux et des motifs Art d\u00e9co, comme ceux des vitraux de la cuisine au style viennois.<\/p>\n<p><strong>Villa Junot<\/strong>, 18B, avenue Junot, 75018 Paris.<\/p>\n<p><a data-offer-url=\"https:\/\/www.iconic.house\/villa-junot\" class=\"external-link\" data-event-click=\"{&quot;element&quot;:&quot;ExternalLink&quot;,&quot;outgoingURL&quot;:&quot;https:\/\/www.iconic.house\/villa-junot&quot;}\" href=\"https:\/\/www.iconic.house\/villa-junot\" rel=\"nofollow noopener\" target=\"_blank\">iconic.house\/villa-junot<\/a><\/p>\n<p>Le Grand Caf\u00e9 \u00e0 Paris, Joseph Dirand<\/p>\n<p><img decoding=\"async\" alt=\"Le Grand Caf intrieur du restaurant restaurant de joseph dirant liste ad100 2025\" loading=\"lazy\" class=\"ResponsiveImageContainer-eNxvmU cfBbTk responsive-image__image\"   src=\"https:\/\/www.europesays.com\/fr\/wp-content\/uploads\/2025\/12\/5.Le%20Grand%20Cafe%CC%81%20%C2%A9Matthieu%20Salvaing_Inte%CC%81rieur%202.jpg\"\/><\/p>\n<p>\u00a9 Matthieu Salvaing<\/p>\n<p>Au c\u0153ur m\u00eame du Grand Palais, m\u00ealant tradition et cr\u00e9ation, <a href=\"https:\/\/www.admagazine.fr\/article\/zephalto-2024-capsule-joseph-repas-etoile-espace\" target=\"_blank\" rel=\"noopener\">Joseph Dirand<\/a> joue avec les volumes d\u00e9mesur\u00e9s et une palette de teintes chaleureuses pour \u00ab habiter et respecter \u00bb le lieu historique. Face aux Champs-\u00c9lys\u00e9es, dans un joyeux chass\u00e9-crois\u00e9 entre colonnades de pierre, fresques historiques et esprit jardin, il cr\u00e9e une atmosph\u00e8re o\u00f9 le monumental s\u2019entrelace \u00e0 l\u2019intime : structures m\u00e9talliques au vert oxyd\u00e9, miroirs piqu\u00e9s, laques lie-de-vin\u2026 autant de d\u00e9tails qui nourrissent la l\u00e9gende de ce lieu que Joseph Dirand d\u00e9crit comme \u00ab une gare culturelle, un carrefour o\u00f9 se croisent les g\u00e9n\u00e9rations, les Parisiens d\u2019un jour et de toujours, les familles, les jeunes couples\u2026\u00bb. Pour l\u2019architecte, <a href=\"https:\/\/www.admagazine.fr\/article\/grand-cafe-nouvelle-brasserie-parisienne-grand-palais\" target=\"_blank\" rel=\"noopener\">Le Grand Caf\u00e9<\/a> est \u00ab avant tout une question d\u2019atmosph\u00e8re, empruntant autant au Si\u00e8cle des Lumi\u00e8res qu\u2019au mouvement moderniste et aux innovations de la r\u00e9volution industrielle. \u00bb<\/p>\n<p><strong>Le Grand Caf\u00e9,<\/strong> Grand Palais, Rotonde Clemenceau, 1, place Clemenceau 75008 Paris.<\/p>\n<p><a data-offer-url=\"https:\/\/www.legrandcafe-paris.com\/\" class=\"external-link\" data-event-click=\"{&quot;element&quot;:&quot;ExternalLink&quot;,&quot;outgoingURL&quot;:&quot;https:\/\/www.legrandcafe-paris.com\/&quot;}\" href=\"https:\/\/www.legrandcafe-paris.com\/\" rel=\"nofollow noopener\" target=\"_blank\">legrandcafe-paris.com<\/a><\/p>\n<p>We Are Ona \u00e0 Paris, India Mahdavi<\/p>\n<p><img decoding=\"async\" alt=\"we are ona x india mahdavi intrieur rempli de tissus fleuris\" loading=\"lazy\" class=\"ResponsiveImageContainer-eNxvmU cfBbTk responsive-image__image\"   src=\"https:\/\/www.europesays.com\/fr\/wp-content\/uploads\/2025\/12\/DSCF8300-2-10.jpg\"\/><\/p>\n<p>Laurent Giannesini<\/p>\n","protected":false},"excerpt":{"rendered":"Notre villa fut construite \u00e0 l&rsquo;entre-deux-guerres pour le compositeur d&rsquo;op\u00e9rettes Andr\u00e9 Mauprey. Il y r\u00e8gne, il faut le&hellip;\n","protected":false},"author":2,"featured_media":576384,"comment_status":"","ping_status":"","sticky":false,"template":"","format":"standard","meta":{"footnotes":""},"categories":[1358],"tags":[69055,1348,1384,1385,1386,58,59,1011,27,22020,2923],"class_list":{"0":"post-576383","1":"post","2":"type-post","3":"status-publish","4":"format-standard","5":"has-post-thumbnail","7":"category-arts-et-design","8":"tag-ad100","9":"tag-arts","10":"tag-arts-and-design","11":"tag-arts-et-design","12":"tag-design","13":"tag-divertissement","14":"tag-entertainment","15":"tag-fr","16":"tag-france","17":"tag-hotels","18":"tag-restaurants"},"share_on_mastodon":{"url":"https:\/\/pubeurope.com\/@fr\/115658275984844149","error":""},"_links":{"self":[{"href":"https:\/\/www.europesays.com\/fr\/wp-json\/wp\/v2\/posts\/576383","targetHints":{"allow":["GET"]}}],"collection":[{"href":"https:\/\/www.europesays.com\/fr\/wp-json\/wp\/v2\/posts"}],"about":[{"href":"https:\/\/www.europesays.com\/fr\/wp-json\/wp\/v2\/types\/post"}],"author":[{"embeddable":true,"href":"https:\/\/www.europesays.com\/fr\/wp-json\/wp\/v2\/users\/2"}],"replies":[{"embeddable":true,"href":"https:\/\/www.europesays.com\/fr\/wp-json\/wp\/v2\/comments?post=576383"}],"version-history":[{"count":0,"href":"https:\/\/www.europesays.com\/fr\/wp-json\/wp\/v2\/posts\/576383\/revisions"}],"wp:featuredmedia":[{"embeddable":true,"href":"https:\/\/www.europesays.com\/fr\/wp-json\/wp\/v2\/media\/576384"}],"wp:attachment":[{"href":"https:\/\/www.europesays.com\/fr\/wp-json\/wp\/v2\/media?parent=576383"}],"wp:term":[{"taxonomy":"category","embeddable":true,"href":"https:\/\/www.europesays.com\/fr\/wp-json\/wp\/v2\/categories?post=576383"},{"taxonomy":"post_tag","embeddable":true,"href":"https:\/\/www.europesays.com\/fr\/wp-json\/wp\/v2\/tags?post=576383"}],"curies":[{"name":"wp","href":"https:\/\/api.w.org\/{rel}","templated":true}]}}