{"id":576387,"date":"2025-12-03T23:41:27","date_gmt":"2025-12-03T23:41:27","guid":{"rendered":"https:\/\/www.europesays.com\/fr\/576387\/"},"modified":"2025-12-03T23:41:27","modified_gmt":"2025-12-03T23:41:27","slug":"david-hallyday-aurait-pu-avoir-le-premier-role-dans-un-film-culte-de-spielberg-mais-sylvie-vartan-len-a-empeche-vous-vous-rendez-compte","status":"publish","type":"post","link":"https:\/\/www.europesays.com\/fr\/576387\/","title":{"rendered":"David Hallyday aurait pu avoir le premier r\u00f4le dans un film culte de Spielberg, mais Sylvie Vartan l&rsquo;en a emp\u00each\u00e9\u00a0: \u00ab\u00a0Vous vous rendez compte\u00a0?\u00a0\u00bb"},"content":{"rendered":"<p class=\"ap-StoryElement ap-StoryElement--mb ap-StoryText\">Invit\u00e9s ensemble sur le plateau de \u00ab\u00a0C \u00e0 vous\u00a0\u00bb \u2013 une premi\u00e8re depuis 1988 -, mardi 2 d\u00e9cembre 2025, Sylvie Vartan et David Hallyday ont livr\u00e9 de nombreuses anecdotes, et la chanteuse a notamment r\u00e9v\u00e9l\u00e9 : \u00ab\u00a0Je ne voulais pas qu&rsquo;il fasse Star Wars\u00a0\u00bb. \u00ab\u00a0Non, ce n&rsquo;est pas Star Wars, tu parles de E.T. L&rsquo;extraterrestre, je pense\u00a0\u00bb, a rectifi\u00e9 David Hallyday, qui s&rsquo;\u00e9tait vu proposer le \u00ab\u00a0premier r\u00f4le\u00a0\u00bb du film devenu culte de Steven Spielberg &#8211; r\u00f4le finalement offert \u00e0 Henry Thomas. Et de pr\u00e9ciser : \u00ab\u00a0Je l&rsquo;ai su longtemps apr\u00e8s\u00a0\u00bb. Apr\u00e8s le succ\u00e8s retentissant du film, et ses 9 millions d&rsquo;entr\u00e9es en France.<\/p>\n<p><a href=\"https:\/\/www.parismatch.be\/actualites\/people\/2025\/10\/26\/david-hallyday-evoque-son-fils-cameron-et-ses-perspectives-davenir-etre-beau-ne-suffit-pas-il-faut-savoir-faire-quelque-chose-VRMOTNY4DRATVB37FNGFBV7YZA\/\" target=\"_self\" class=\"ap-StoryInterstitialLink ap-StoryElement ap-StoryElement--mb\" rel=\"noopener\">David Hallyday \u00e9voque son fils Cameron et ses perspectives d&rsquo;avenir : \u00ab\u00a0\u00catre beau ne suffit pas, il faut savoir faire quelque chose\u00a0\u00bb<\/a>\u00ab\u00a0Il n&rsquo;allait pas devenir un enfant star, non, non, non !\u00a0\u00bb<\/p>\n<p class=\"ap-StoryElement ap-StoryElement--mb ap-StoryText\">\u00ab\u00a0Il \u00e9tait jeune, tout jeune\u00a0\u00bb, a gliss\u00e9 <a href=\"https:\/\/www.parismatch.be\/actualites\/people\/2025\/08\/14\/david-hallyday-a-59-ans-les-adorables-photos-retro-devoilees-par-sylvie-vartan-photos-FYEJVA65YBHANI2XHN2ENBIJEQ\/\" target=\"_self\" rel=\"noopener\">Sylvie Vartan<\/a>, qui a, elle, jou\u00e9 dans un film \u00e0 l&rsquo;\u00e2ge de 6 ans seulement (Sous le joug, de Dako Dakovski, sorti en 1952). Sa justification \u00e0 son refus ? La protection de son fils : \u00ab\u00a0Vous vous rendez compte ? Il n&rsquo;allait pas devenir un enfant star, non, non, non ! Je l&rsquo;avais attrap\u00e9 pour aller ailleurs, ce n&rsquo;\u00e9tait pas pour tout d&rsquo;un coup qu&rsquo;il devienne un enfant star.\u00a0\u00bb C&rsquo;est plus tard que David Hallyday est devenu une star de la chanson, comme ses parents.<\/p>\n<p class=\"ap-StoryElement ap-StoryElement--mb ap-StoryText\">Ce qui ne l&rsquo;a pas emp\u00each\u00e9 de s&rsquo;illustrer aussi au cin\u00e9ma. D&rsquo;abord dans He&rsquo;s my girl (1987), puis dans La plan\u00e8te au tr\u00e9sor : un nouvel univers (2002). En 2015, <a href=\"https:\/\/www.parismatch.be\/actualites\/people\/2025\/09\/12\/carnet-rose-chez-les-hallyday-quelques-jours-apres-ilona-smet-david-hallyday-annonce-une-deuxieme-heureuse-nouvelle-JTNIHSIMZRFFTDJUDBW7EA6XXA\/\" target=\"_self\" rel=\"noopener\">David Hallyday<\/a> a \u00e9galement fait une courte apparition dans Hunger Games : la r\u00e9volte, partie 2. Puis, en 2023, c&rsquo;est sur le petit \u00e9cran, dans un \u00e9pisode de Capitaine Marleau qu&rsquo;il s&rsquo;est d\u00e9marqu\u00e9. Deux ans plus tard, David Hallyday est de retour \u00e0 la t\u00e9l\u00e9 dans Ardennes, de Jos\u00e9e Dayan, t\u00e9l\u00e9film diffus\u00e9 sur France 2 ce mercredi 3 d\u00e9cembre 2025.<\/p>\n<p><a href=\"https:\/\/www.parismatch.be\/actualites\/people\/2025\/06\/06\/cest-un-tout-nouveau-projet-david-hallyday-fait-une-grande-annonce-a-ses-fans-et-cela-na-rien-a-voir-avec-la-musique-video-NBKIHDYQVBFOJFROYRDR3FAXKY\/\" target=\"_self\" class=\"ap-StoryInterstitialLink ap-StoryElement ap-StoryElement--mb\" rel=\"noopener\">\u00ab\u00a0C&rsquo;est un tout nouveau projet\u00a0\u00bb : David Hallyday fait une grande annonce \u00e0 ses fans, et cela n&rsquo;a rien \u00e0 voir avec la musique (VID\u00c9O)<\/a><\/p>\n","protected":false},"excerpt":{"rendered":"Invit\u00e9s ensemble sur le plateau de \u00ab\u00a0C \u00e0 vous\u00a0\u00bb \u2013 une premi\u00e8re depuis 1988 -, mardi 2 d\u00e9cembre&hellip;\n","protected":false},"author":2,"featured_media":576388,"comment_status":"","ping_status":"","sticky":false,"template":"","format":"standard","meta":{"footnotes":""},"categories":[1355],"tags":[1300,58,69057,69056,59,2081,1011,27,1361,873,69058,27491,7409],"class_list":{"0":"post-576387","1":"post","2":"type-post","3":"status-publish","4":"format-standard","5":"has-post-thumbnail","7":"category-musique","8":"tag-david-hallyday","9":"tag-divertissement","10":"tag-e-t-lextraterrestre","11":"tag-enfant-star","12":"tag-entertainment","13":"tag-film","14":"tag-fr","15":"tag-france","16":"tag-music","17":"tag-musique","18":"tag-premier-role","19":"tag-steven-spielberg","20":"tag-sylvie-vartan"},"share_on_mastodon":{"url":"https:\/\/pubeurope.com\/@fr\/115658285617393452","error":""},"_links":{"self":[{"href":"https:\/\/www.europesays.com\/fr\/wp-json\/wp\/v2\/posts\/576387","targetHints":{"allow":["GET"]}}],"collection":[{"href":"https:\/\/www.europesays.com\/fr\/wp-json\/wp\/v2\/posts"}],"about":[{"href":"https:\/\/www.europesays.com\/fr\/wp-json\/wp\/v2\/types\/post"}],"author":[{"embeddable":true,"href":"https:\/\/www.europesays.com\/fr\/wp-json\/wp\/v2\/users\/2"}],"replies":[{"embeddable":true,"href":"https:\/\/www.europesays.com\/fr\/wp-json\/wp\/v2\/comments?post=576387"}],"version-history":[{"count":0,"href":"https:\/\/www.europesays.com\/fr\/wp-json\/wp\/v2\/posts\/576387\/revisions"}],"wp:featuredmedia":[{"embeddable":true,"href":"https:\/\/www.europesays.com\/fr\/wp-json\/wp\/v2\/media\/576388"}],"wp:attachment":[{"href":"https:\/\/www.europesays.com\/fr\/wp-json\/wp\/v2\/media?parent=576387"}],"wp:term":[{"taxonomy":"category","embeddable":true,"href":"https:\/\/www.europesays.com\/fr\/wp-json\/wp\/v2\/categories?post=576387"},{"taxonomy":"post_tag","embeddable":true,"href":"https:\/\/www.europesays.com\/fr\/wp-json\/wp\/v2\/tags?post=576387"}],"curies":[{"name":"wp","href":"https:\/\/api.w.org\/{rel}","templated":true}]}}