{"id":576400,"date":"2025-12-03T23:51:15","date_gmt":"2025-12-03T23:51:15","guid":{"rendered":"https:\/\/www.europesays.com\/fr\/576400\/"},"modified":"2025-12-03T23:51:15","modified_gmt":"2025-12-03T23:51:15","slug":"corps-retrouve-sur-un-parking-a-brest-un-homme-de-22-ans-mis-en-examen-pour-meurtre-il-risque-30-ans-de-reclusion","status":"publish","type":"post","link":"https:\/\/www.europesays.com\/fr\/576400\/","title":{"rendered":"Corps retrouv\u00e9 sur un parking \u00e0 Brest\u00a0: un homme de 22\u00a0ans mis en examen pour meurtre, il risque 30 ans de r\u00e9clusion"},"content":{"rendered":"<p>\u00c0 l\u2019issue des mesures de garde \u00e0 vue men\u00e9es par les enqu\u00eateurs du commissariat central de police de Brest, le parquet souligne que \u00ab\u00a0le conducteur (d\u00e9j\u00e0 condamn\u00e9 notamment pour des violences volontaires et d\u00e9lits routiers) reconna\u00eet avoir percut\u00e9 la victime avec sa voiture, mais, selon lui, sans intention de tuer\u00a0\u00bb. Il est \u00e9galement poursuivi pour conduite d\u2019un v\u00e9hicule sans permis et alt\u00e9ration de document ou objet concernant un crime ou un d\u00e9lit pour faire obstacle \u00e0 la manifestation de la v\u00e9rit\u00e9.<\/p>\n<p>Les trois passagers mis en examen<\/p>\n<p>Selon le parquet, les trois passagers (dont deux ayant d\u00e9j\u00e0 \u00e9t\u00e9 condamn\u00e9s), \u00e2g\u00e9s d\u2019une vingtaine d\u2019ann\u00e9es, ont fourni \u00ab\u00a0des versions assez discordantes entre elles, s\u2019agissant des circonstances et de cette intention\u00a0\u00bb. Tous trois ont \u00e9t\u00e9 mis en examen pour non-assistance \u00e0 personne en danger, ainsi que pour alt\u00e9ration de document ou objet concernant un crime ou un d\u00e9lit pour faire obstacle \u00e0 la manifestation de la v\u00e9rit\u00e9 pour l\u2019un des trois. <br \/>Un des passagers a \u00e9t\u00e9 plac\u00e9 en d\u00e9tention provisoire, et les deux autres sous contr\u00f4le judiciaire. Pour le d\u00e9lit de non-assistance, la peine encourue est de cinq ans d\u2019emprisonnement. Elle est de trois ans pour l\u2019alt\u00e9ration (non cumulable).<\/p>\n<p>\u00ab\u00a0Les investigations vont d\u00e9sormais pouvoir se poursuivre dans le cadre de l\u2019instruction, \u00e9tant rappel\u00e9 que les mis en examen b\u00e9n\u00e9ficient de la pr\u00e9somption d\u2019innocence\u00a0\u00bb, conclut le parquet.<\/p>\n","protected":false},"excerpt":{"rendered":"\u00c0 l\u2019issue des mesures de garde \u00e0 vue men\u00e9es par les enqu\u00eateurs du commissariat central de police de&hellip;\n","protected":false},"author":2,"featured_media":576401,"comment_status":"","ping_status":"","sticky":false,"template":"","format":"standard","meta":{"footnotes":""},"categories":[4],"tags":[11,3450,3321,1011,27,4555,12,25],"class_list":{"0":"post-576400","1":"post","2":"type-post","3":"status-publish","4":"format-standard","5":"has-post-thumbnail","7":"category-france","8":"tag-actualites","9":"tag-brest","10":"tag-finistere","11":"tag-fr","12":"tag-france","13":"tag-local","14":"tag-news","15":"tag-republique-francaise"},"share_on_mastodon":{"url":"https:\/\/pubeurope.com\/@fr\/115658325008598479","error":""},"_links":{"self":[{"href":"https:\/\/www.europesays.com\/fr\/wp-json\/wp\/v2\/posts\/576400","targetHints":{"allow":["GET"]}}],"collection":[{"href":"https:\/\/www.europesays.com\/fr\/wp-json\/wp\/v2\/posts"}],"about":[{"href":"https:\/\/www.europesays.com\/fr\/wp-json\/wp\/v2\/types\/post"}],"author":[{"embeddable":true,"href":"https:\/\/www.europesays.com\/fr\/wp-json\/wp\/v2\/users\/2"}],"replies":[{"embeddable":true,"href":"https:\/\/www.europesays.com\/fr\/wp-json\/wp\/v2\/comments?post=576400"}],"version-history":[{"count":0,"href":"https:\/\/www.europesays.com\/fr\/wp-json\/wp\/v2\/posts\/576400\/revisions"}],"wp:featuredmedia":[{"embeddable":true,"href":"https:\/\/www.europesays.com\/fr\/wp-json\/wp\/v2\/media\/576401"}],"wp:attachment":[{"href":"https:\/\/www.europesays.com\/fr\/wp-json\/wp\/v2\/media?parent=576400"}],"wp:term":[{"taxonomy":"category","embeddable":true,"href":"https:\/\/www.europesays.com\/fr\/wp-json\/wp\/v2\/categories?post=576400"},{"taxonomy":"post_tag","embeddable":true,"href":"https:\/\/www.europesays.com\/fr\/wp-json\/wp\/v2\/tags?post=576400"}],"curies":[{"name":"wp","href":"https:\/\/api.w.org\/{rel}","templated":true}]}}