{"id":576406,"date":"2025-12-03T23:54:22","date_gmt":"2025-12-03T23:54:22","guid":{"rendered":"https:\/\/www.europesays.com\/fr\/576406\/"},"modified":"2025-12-03T23:54:22","modified_gmt":"2025-12-03T23:54:22","slug":"saint-etienne-pour-la-fete-de-la-sainte-barbe-meme-les-matrus-vont-faire-la-pampille","status":"publish","type":"post","link":"https:\/\/www.europesays.com\/fr\/576406\/","title":{"rendered":"Saint-\u00c9tienne. Pour la f\u00eate de la Sainte-Barbe, m\u00eame les matrus vont faire la pampille\u00a0!"},"content":{"rendered":"<p>Cette ann\u00e9e encore, Sainte-Barbe va \u00eatre dignement f\u00eat\u00e9e \u00e0 Saint-Etienne. Dans les bars, les boutiques, les restaurants\u2026 Du puits Couriot \u00e0 la place Jean-Jaur\u00e8s, en passant par la place Waldeck-Rousseau et le quartier Saint-Jacques, les rendez-vous ne manquent pas ce samedi 6\u00a0d\u00e9cembre\u00a0: animations, visites, concerts, jeux, conf\u00e9rences, gastronomie locale, running\u2026<\/p>\n<p>La Sainte-Barbe a pris une nouvelle dimension depuis la cr\u00e9ation, il y a cinq ans, de l\u2019association \u00e9ponyme, qui b\u00e9n\u00e9ficiera pour la premi\u00e8re fois du renfort de b\u00e9n\u00e9voles. Commer\u00e7ants, municipalit\u00e9, ASSE\u2026 Tous les partenaires travaillent \u00e0 faire de l&rsquo;\u00e9dition 2025 une grande f\u00eate populaire pour tous.<\/p>\n<p>Une de leurs ambitions est d\u2019attirer du monde en centre-ville. L\u2019ann\u00e9e derni\u00e8re, la Sainte-Barbe \u00e9tait d\u2019ailleurs le jour o\u00f9 les chalets du march\u00e9 de No\u00ebl ont r\u00e9alis\u00e9 leur chiffre d\u2019affaires le plus important.<\/p>\n<p>  Une grande f\u00eate qui plonge dans ses racines culturelles et historiques<\/p>\n<p>Pour rappel, l\u2019association Sainte-Barbe a \u00e9t\u00e9 cr\u00e9\u00e9e en 2021 par des professionnels, cafetiers et restaurateurs, afin de doter Saint-Etienne d\u2019une grande f\u00eate qui plonge dans ses racines culturelles et historiques. Depuis deux ans, elle b\u00e9n\u00e9ficie du soutien de la Ville. Petit tour d\u2019horizon du programme des festivit\u00e9s.<\/p>\n<p>  Sp\u00e9cial matrus avec le bal des petits mineurs<\/p>\n<p>De 14 heures \u00e0 17\u00a0h\u00a030, la place Waldeck-Rousseau va s\u2019ambiancer\u00a0: musique, go\u00fbter, stand ASSE du Kid\u2019s club et jeux vont animer l\u2019apr\u00e8s-midi.\u00a0Apr\u00e8s les matrus, place aux grands garagnas qui seront attendus au Grand Bal de la Sainte-Barbe. \u00c7a se passera au Fil de 23 heures \u00e0 4\u00a0h\u00a030, et l\u2019entr\u00e9e est gratuite.<\/p>\n<p>\u00c0 l\u2019office du tourisme, un atelier pour fabriquer son lampion de la Sainte-Barbe de 14 heures \u00e0 15\u00a0h\u00a030. Ze Box, rue de la R\u00e9publique, proposera une chasse aux tr\u00e9sors et un go\u00fbter et Beer Garden, place Jean-Jaur\u00e8s, un spectacle de feu \u00e0 21\u00a0h\u00a030.<\/p>\n<p>  On s\u2019amuse avant et apr\u00e8s le feu d\u2019artifice<\/p>\n<p>Les bars et restaurants st\u00e9phanois proposent une multitude d\u2019animations diverses et vari\u00e9es. Un concours de coinche st\u00e9phanoise \u00e0 partir de 14 heures au Lipopette bar. Une visite de la Brasserie st\u00e9phanoise est organis\u00e9e. Aux Six Nations, d\u2019anciens matchs des verts seront diffus\u00e9s, d\u00e8s 10 heures, ainsi que des d\u00e9fis \u00e0 l\u2019Escape Game 1909. Le Hop Square proposera un quizz 100\u00a0% gaga.<\/p>\n<p>On s\u2019ambiancera \u00e9galement dans les bars et restaurants st\u00e9phanois avec des DJ-sets et des concerts. Et pour les plus sportifs, Cavale et Godet, trail urbain de la Sainte-Barbe, revient. Il est organis\u00e9 par <a href=\"https:\/\/www.leprogres.fr\/culture-loisirs\/2025\/11\/16\/dragons-et-chevaliers-vont-envahir-le-forez-le-marathon-de-la-biere-2026-s-annonce-epique\" target=\"_blank\" rel=\"noopener\">les \u00e9quipes du Marathon de la bi\u00e8re<\/a>.<\/p>\n<p>  On ne pichorgne pas avec les plats st\u00e9phanois<\/p>\n<p>La traditionnelle salade de pied de veau sera servie gratuitement d\u00e8s 11 heures, sur la place Waldeck-Rousseau. Aux menus des restaurants (Brasserie du M\u00e9li\u00e8s, l\u2019Il lo Caffe, le Bistrot de Saint\u00e9 et l\u2019Anatolie), des bars et brasseries (Beer Garden, Hop Square, L\u2019ours qui brasse, Six Nations, Little Garden\u2026), le gandot du mineur sera \u00e0 l\u2019honneur avec, entre autres, la rap\u00e9e sarasson, soupe \u00e0 l\u2019oignon, g\u00e2teau de foie, burger au pain noir, plat au four et autres salades de lentilles vertes\u00a0et godiveaux.<\/p>\n<p>  Et bien entendu, le traditionnel d\u00e9fil\u00e9<\/p>\n<p>Il s&rsquo;\u00e9lancera de la place Jean-Jaur\u00e8s.<\/p>\n<ul>\n<li>18\u00a0h\u00a045, rassemblement sur le parvis de la cath\u00e9drale Saint-Charles avec une vente de lumignons au profit du T\u00e9l\u00e9thon.<\/li>\n<li>19\u00a0h\u00a015\u00a0: mise en lumi\u00e8re de la cath\u00e9drale, du grand sapin et de la place Jean-Jaur\u00e8s.<\/li>\n<li>19\u00a0h\u00a030\u00a0: d\u00e9part du d\u00e9fil\u00e9 en direction du Puits Couriot.<\/li>\n<li>20 heures\u00a0: spectacle pyrotechnique en musique tir\u00e9 depuis le Chevalement.<\/li>\n<li>20\u00a0h\u00a030\u00a0: brioches, vin blanc ou chaud seront offerts.<\/li>\n<\/ul>\n<p>Avec la participation des harmonies de Terrenoire et de C\u00f4te-Chaude, des \u00e9l\u00e8ves de l\u2019\u00c9cole des mines, des pompiers et de l\u2019association des Amis du mus\u00e9e de la mine.<\/p>\n<p class=\"note\">Programme complet <a href=\"https:\/\/www.sainte-barbe.com\/\" target=\"_blank\" rel=\"noopener\">sur le site www.sainte-barbe.com<\/a><\/p>\n","protected":false},"excerpt":{"rendered":"Cette ann\u00e9e encore, Sainte-Barbe va \u00eatre dignement f\u00eat\u00e9e \u00e0 Saint-Etienne. Dans les bars, les boutiques, les restaurants\u2026 Du&hellip;\n","protected":false},"author":2,"featured_media":576407,"comment_status":"","ping_status":"","sticky":false,"template":"","format":"standard","meta":{"footnotes":""},"categories":[9653],"tags":[1111,11,2430,4406,1687,33,7539,1777,674,3326,107,1011,27,3367,12,25,4001,7538],"class_list":{"0":"post-576406","1":"post","2":"type-post","3":"status-publish","4":"format-standard","5":"has-post-thumbnail","7":"category-saint-etienne","8":"tag-actu","9":"tag-actualites","10":"tag-auvergne-rhone-alpes","11":"tag-commerce-et-services","12":"tag-culture-loisirs","13":"tag-economie","14":"tag-edition-loire-sud","15":"tag-eu","16":"tag-europe","17":"tag-fete-locale","18":"tag-fil-info","19":"tag-fr","20":"tag-france","21":"tag-loire","22":"tag-news","23":"tag-republique-francaise","24":"tag-saint-etienne","25":"tag-saint-etienne-ville"},"share_on_mastodon":{"url":"https:\/\/pubeurope.com\/@fr\/115658336840571384","error":""},"_links":{"self":[{"href":"https:\/\/www.europesays.com\/fr\/wp-json\/wp\/v2\/posts\/576406","targetHints":{"allow":["GET"]}}],"collection":[{"href":"https:\/\/www.europesays.com\/fr\/wp-json\/wp\/v2\/posts"}],"about":[{"href":"https:\/\/www.europesays.com\/fr\/wp-json\/wp\/v2\/types\/post"}],"author":[{"embeddable":true,"href":"https:\/\/www.europesays.com\/fr\/wp-json\/wp\/v2\/users\/2"}],"replies":[{"embeddable":true,"href":"https:\/\/www.europesays.com\/fr\/wp-json\/wp\/v2\/comments?post=576406"}],"version-history":[{"count":0,"href":"https:\/\/www.europesays.com\/fr\/wp-json\/wp\/v2\/posts\/576406\/revisions"}],"wp:featuredmedia":[{"embeddable":true,"href":"https:\/\/www.europesays.com\/fr\/wp-json\/wp\/v2\/media\/576407"}],"wp:attachment":[{"href":"https:\/\/www.europesays.com\/fr\/wp-json\/wp\/v2\/media?parent=576406"}],"wp:term":[{"taxonomy":"category","embeddable":true,"href":"https:\/\/www.europesays.com\/fr\/wp-json\/wp\/v2\/categories?post=576406"},{"taxonomy":"post_tag","embeddable":true,"href":"https:\/\/www.europesays.com\/fr\/wp-json\/wp\/v2\/tags?post=576406"}],"curies":[{"name":"wp","href":"https:\/\/api.w.org\/{rel}","templated":true}]}}