{"id":576412,"date":"2025-12-03T23:58:13","date_gmt":"2025-12-03T23:58:13","guid":{"rendered":"https:\/\/www.europesays.com\/fr\/576412\/"},"modified":"2025-12-03T23:58:13","modified_gmt":"2025-12-03T23:58:13","slug":"gaza-cinq-palestiniens-tues-dans-un-raid-israelien","status":"publish","type":"post","link":"https:\/\/www.europesays.com\/fr\/576412\/","title":{"rendered":"Gaza\u00a0: cinq Palestiniens tu\u00e9s dans un raid isra\u00e9lien"},"content":{"rendered":"<p>Cinq Palestiniens dont deux enfants ont \u00e9t\u00e9 tu\u00e9s mercredi soir dans le sud de <a href=\"https:\/\/www.ouest-france.fr\/monde\/gaza\/\" target=\"_self\" rel=\"noopener\">la bande de Gaza<\/a> lors d\u2019un raid isra\u00e9lien, selon un h\u00f4pital local, rapporte l\u2019Agence France-Presse (AFP).<\/p>\n<p>Dans un communiqu\u00e9, l\u2019arm\u00e9e isra\u00e9lienne a affirm\u00e9 avoir<strong> \u00ab\u00a0frapp\u00e9 un terroriste du Hamas\u00a0\u00bb \u00ab\u00a0en r\u00e9ponse\u00a0\u00bb<\/strong> \u00e0 des affrontements ayant bless\u00e9 cinq de ses soldats.<\/p>\n<p>Deux enfants de 8 et 10\u00a0ans<\/p>\n<p>Les ambulances palestiniennes ont r\u00e9cup\u00e9r\u00e9 cinq corps, dont ceux de deux enfants \u00e2g\u00e9s de 8 et 10\u00a0ans, <strong>\u00ab\u00a0et plusieurs bless\u00e9s, \u00e0 la suite d\u2019un bombardement isra\u00e9lien\u00a0\u00bb,<\/strong> a indiqu\u00e9 dans un communiqu\u00e9 l\u2019h\u00f4pital de campagne kowe\u00eftien situ\u00e9 dans la zone d\u2019Al-Mawassi, \u00e0 Khan Youn\u00e8s.<\/p>\n<p>Les autres victimes sont \u00e2g\u00e9es de 30, 36 et 46\u00a0ans, selon la m\u00eame source.<\/p>\n<p>D\u2019apr\u00e8s la D\u00e9fense civile de Gaza, un organisme de secours op\u00e9rant sous l\u2019autorit\u00e9 du Hamas, Isra\u00ebl<strong> \u00ab\u00a0a cibl\u00e9 les tentes de personnes d\u00e9plac\u00e9es avec plusieurs missiles\u00a0\u00bb<\/strong> dans le territoire palestinien, o\u00f9 une tr\u00eave fragile avec le mouvement islamiste Hamas est en vigueur depuis pr\u00e8s de deux mois.<\/p>\n<p>Contact\u00e9 par l\u2019AFP, le porte-parole de la D\u00e9fense civile Mahmoud Bassal a confirm\u00e9 le bilan de cinq morts.<\/p>\n<p><strong>Lire aussi\u00a0: <\/strong> <a href=\"https:\/\/rennes.maville.com\/actu\/actudet_-guerre-a-gaza-ou-en-est-l-application-du-plan-de-paix-dans-l-enclave-palestinienne-_54135-7090477_actu.Htm\" target=\"_self\" rel=\"noopener\">Guerre \u00e0 Gaza\u00a0: o\u00f9 en est l\u2019application du plan de paix dans l\u2019enclave palestinienne\u00a0?<\/a><\/p>\n<p>\u00ab\u00a0Plusieurs terroristes qui sont sortis d\u2019un tunnel\u00a0\u00bb<\/p>\n<p>L\u2019arm\u00e9e isra\u00e9lienne avait fait \u00e9tat plus t\u00f4t d\u2019une op\u00e9ration dans le sud de la bande de Gaza qui avait fait quatre bless\u00e9s dans ses rangs, un bilan ensuite pass\u00e9 \u00e0 cinq.<\/p>\n<p><strong>\u00ab\u00a0Aujourd\u2019hui, au cours d\u2019une op\u00e9ration des forces de la brigade de reconnaissance Golani \u00e0 l\u2019est de Rafah, les soldats ont \u00e9t\u00e9 confront\u00e9s \u00e0 plusieurs terroristes qui sont sortis d\u2019un tunnel\u00a0\u00bb,<\/strong> avait-elle dit.<\/p>\n<p>Des \u00e9changes de tirs s\u2019en sont suivis et quatre soldats ont \u00e9t\u00e9 bless\u00e9s, dont un gri\u00e8vement, avait-elle pr\u00e9cis\u00e9.<\/p>\n<p>Une source au sein du minist\u00e8re de l\u2019Int\u00e9rieur du Hamas \u00e0 Gaza a dit \u00e0 l\u2019AFP que des v\u00e9hicules de l\u2019occupation isra\u00e9lienne avaient men\u00e9 un bombardement intense \u00e0 l\u2019artillerie \u00e0 l\u2019est de <strong>\u00ab\u00a0Rafah\u00a0\u00bb.<\/strong><\/p>\n<p>Elle a fait aussi \u00e9tat de raids a\u00e9riens par des avions <strong>\u00ab\u00a0qui survolaient le secteur [\u2026] \u00e0 basse altitude\u00a0\u00bb.<\/strong><\/p>\n<p>Accusations mutuelles de violation du cessez-le-feu<\/p>\n<p>Le Premier ministre isra\u00e9lien Benyamin Netanyahou a accus\u00e9 le Hamas de continuer de violer le cessez-le-feu et de mener des <strong>\u00ab\u00a0actes terroristes\u00a0\u00bb<\/strong> contre les forces isra\u00e9liennes, selon un communiqu\u00e9 de son bureau.<\/p>\n<p><strong>\u00ab\u00a0Notre politique est claire\u00a0: Isra\u00ebl ne tol\u00e9rera aucune atteinte aux soldats de Tsahal (arm\u00e9e isra\u00e9lienne) et r\u00e9agira en cons\u00e9quence\u00a0\u00bb,<\/strong> a-t-il poursuivi.<\/p>\n<p>L\u2019arm\u00e9e isra\u00e9lienne avait affirm\u00e9 dimanche avoir tu\u00e9 plus de 40\u00a0combattants palestiniens au cours de la semaine \u00e9coul\u00e9e lors d\u2019op\u00e9rations visant les tunnels pr\u00e8s de Rafah.<\/p>\n<p>Des sources du Hamas avaient indiqu\u00e9 plus t\u00f4t que des combattants du mouvement \u00e9taient bloqu\u00e9s dans des tunnels dans une zone contr\u00f4l\u00e9e par les militaires isra\u00e9liens.<\/p>\n<p>Une tr\u00eave est entr\u00e9e en vigueur le 10\u00a0octobre, plus de deux ans apr\u00e8s le d\u00e9but de la guerre d\u00e9clench\u00e9e par l\u2019attaque sans pr\u00e9c\u00e9dent du Hamas en territoire isra\u00e9lien le 7\u00a0octobre 2023. Les deux bellig\u00e9rants s\u2019accusent mutuellement de la violer.<\/p>\n<p>\u00a0<\/p>\n","protected":false},"excerpt":{"rendered":"Cinq Palestiniens dont deux enfants ont \u00e9t\u00e9 tu\u00e9s mercredi soir dans le sud de la bande de Gaza&hellip;\n","protected":false},"author":2,"featured_media":576413,"comment_status":"","ping_status":"","sticky":false,"template":"","format":"standard","meta":{"footnotes":""},"categories":[9619],"tags":[1111,11,1777,674,1011,27,665,31988,12,7621,882,8989,25,2310,10470],"class_list":{"0":"post-576412","1":"post","2":"type-post","3":"status-publish","4":"format-standard","5":"has-post-thumbnail","7":"category-toulon","8":"tag-actu","9":"tag-actualites","10":"tag-eu","11":"tag-europe","12":"tag-fr","13":"tag-france","14":"tag-gaza","15":"tag-israelien","16":"tag-news","17":"tag-palestiniens","18":"tag-provence-alpes-cote-dazur","19":"tag-raid","20":"tag-republique-francaise","21":"tag-toulon","22":"tag-tues"},"share_on_mastodon":{"url":"https:\/\/pubeurope.com\/@fr\/115658352557437177","error":""},"_links":{"self":[{"href":"https:\/\/www.europesays.com\/fr\/wp-json\/wp\/v2\/posts\/576412","targetHints":{"allow":["GET"]}}],"collection":[{"href":"https:\/\/www.europesays.com\/fr\/wp-json\/wp\/v2\/posts"}],"about":[{"href":"https:\/\/www.europesays.com\/fr\/wp-json\/wp\/v2\/types\/post"}],"author":[{"embeddable":true,"href":"https:\/\/www.europesays.com\/fr\/wp-json\/wp\/v2\/users\/2"}],"replies":[{"embeddable":true,"href":"https:\/\/www.europesays.com\/fr\/wp-json\/wp\/v2\/comments?post=576412"}],"version-history":[{"count":0,"href":"https:\/\/www.europesays.com\/fr\/wp-json\/wp\/v2\/posts\/576412\/revisions"}],"wp:featuredmedia":[{"embeddable":true,"href":"https:\/\/www.europesays.com\/fr\/wp-json\/wp\/v2\/media\/576413"}],"wp:attachment":[{"href":"https:\/\/www.europesays.com\/fr\/wp-json\/wp\/v2\/media?parent=576412"}],"wp:term":[{"taxonomy":"category","embeddable":true,"href":"https:\/\/www.europesays.com\/fr\/wp-json\/wp\/v2\/categories?post=576412"},{"taxonomy":"post_tag","embeddable":true,"href":"https:\/\/www.europesays.com\/fr\/wp-json\/wp\/v2\/tags?post=576412"}],"curies":[{"name":"wp","href":"https:\/\/api.w.org\/{rel}","templated":true}]}}