{"id":576435,"date":"2025-12-04T00:15:47","date_gmt":"2025-12-04T00:15:47","guid":{"rendered":"https:\/\/www.europesays.com\/fr\/576435\/"},"modified":"2025-12-04T00:15:47","modified_gmt":"2025-12-04T00:15:47","slug":"billets-packs-tribunes-tout-savoir-sur-louverture-de-la-billetterie-pour-le-choc-us-concarneau-fc-nantes-en-coupe-de-france-a-guy-piriou","status":"publish","type":"post","link":"https:\/\/www.europesays.com\/fr\/576435\/","title":{"rendered":"Billets, packs, tribunes\u2026\u00a0: tout savoir sur l\u2019ouverture de la billetterie pour le choc US Concarneau-FC Nantes en Coupe de France \u00e0 Guy-Piriou"},"content":{"rendered":"<p>Sept ans apr\u00e8s leur derni\u00e8re apparition \u00e0 ce niveau, les Thoniers de l\u2019US Concarneau s\u2019appr\u00eatent \u00e0 renouer avec la magie des 32es de finale de la Coupe de France. Le tirage au sort a r\u00e9serv\u00e9 un adversaire de taille\u00a0: <a href=\"https:\/\/www.letelegramme.fr\/sports\/football\/us-concarneau\/seize-ans-apres-un-memorable-exploit-lus-concarneau-va-retrouver-le-fc-nantes-en-coupe-de-france-6939231.php\" target=\"_blank\" rel=\"noopener\">le FC Nantes<\/a>, pensionnaire de Ligue 1. La rencontre aura lieu le dimanche 21 d\u00e9cembre, \u00e0 14\u200ah\u200a45, au stade Guy-Piriou, \u00e0 Concarneau.<\/p>\n<p>Pour esp\u00e9rer faire tomber les Canaris et r\u00e9aliser l\u2019exploit, le club compte plus que jamais sur le soutien inconditionnel de son public.<\/p>\n<p>La billetterie sera lanc\u00e9e selon un calendrier pr\u00e9cis, avec une priorit\u00e9 accord\u00e9e aux abonn\u00e9s. Du samedi 6 d\u00e9cembre au mercredi 10 d\u00e9cembre au soir, la billetterie sera exclusivement ouverte aux abonn\u00e9s de l\u2019US Concarneau (sous pr\u00e9sentation de la carte d\u2019abonn\u00e9), <a href=\"https:\/\/www.letelegramme.fr\/finistere\/concarneau-29900\/collecte-de-jouets-abonnements-boutique-ca-bouge-a-lus-concarneau-en-decembre-6939856.php\" target=\"_blank\" rel=\"noopener\">\u00e0 la boutique du stade<\/a>. Durant cette p\u00e9riode, ils pourront obtenir une place correspondant \u00e0 la place habituelle et acheter jusqu\u2019\u00e0 deux places suppl\u00e9mentaires. Les abonn\u00e9s conservent automatiquement leur place habituelle en tribune tout au long de cette phase prioritaire.<\/p>\n<p>Tarifs\u00a0: tribune ouest (bloc C), 35\u200a\u20ac\u00a0; tribune ouest (blocs A, B, D, E), 25\u200a\u20ac\u00a0; tribune sud, 15\u200a\u20ac\u00a0; tribune nord, 12\u200a\u20ac\u00a0; pourtour, 12\u200a\u20ac.<\/p>\n<p>Le Pack Coupe de France\u00a0: Un trio de matchs<\/p>\n<p>Pour ceux qui veulent s\u2019assurer d\u2019assister au choc face \u00e0 Nantes tout en soutenant l\u2019\u00e9quipe sur d\u2019autres rencontres importantes, le club propose un Pack Coupe de France. Ce pack inclut\u00a0: US Concarneau \u2013 FC Nantes (21 d\u00e9cembre), US Concarneau \u2013 Bourg-en-Bresse P\u00e9ronnas 01 (30 janvier), et US Concarneau \u2013 Aubagne FC (6 janvier).<\/p>\n<p>Il sera disponible en ligne \u00e0 partir du mercredi 10 d\u00e9cembre, \u00e0 19\u200ah, et en boutique \u00e0 partir du samedi 13 d\u00e9cembre (tarifs\u00a0: de 22\u200a\u20ac \u00e0 55\u200a\u20ac). \u00ab\u00a0La garantie d\u2019assister \u00e0 la rencontre face au FC Nantes \u00e0 partir de 22\u200a\u20ac\u00a0!\u00a0\u00bb, indique le club.<\/p>\n<p>\u00c0 partir du lundi 15 d\u00e9cembre, \u00e0 10\u200ah, l\u2019ensemble des places restantes sera mis en vente, en ligne et en boutique, dans la limite des stocks disponibles et en quantit\u00e9 limit\u00e9e.<\/p>\n","protected":false},"excerpt":{"rendered":"Sept ans apr\u00e8s leur derni\u00e8re apparition \u00e0 ce niveau, les Thoniers de l\u2019US Concarneau s\u2019appr\u00eatent \u00e0 renouer avec&hellip;\n","protected":false},"author":2,"featured_media":576436,"comment_status":"","ping_status":"","sticky":false,"template":"","format":"standard","meta":{"footnotes":""},"categories":[2818],"tags":[1111,11,3322,83,1777,674,63,1011,27,766,12,2636,25,14656,63772],"class_list":{"0":"post-576435","1":"post","2":"type-post","3":"status-publish","4":"format-standard","5":"has-post-thumbnail","7":"category-nantes","8":"tag-actu","9":"tag-actualites","10":"tag-concarneau","11":"tag-coupe-de-france","12":"tag-eu","13":"tag-europe","14":"tag-football","15":"tag-fr","16":"tag-france","17":"tag-nantes","18":"tag-news","19":"tag-pays-de-la-loire","20":"tag-republique-francaise","21":"tag-us-concarneau","22":"tag-us-concarnoise-beuzecquoise"},"share_on_mastodon":{"url":"https:\/\/pubeurope.com\/@fr\/115658423192692749","error":""},"_links":{"self":[{"href":"https:\/\/www.europesays.com\/fr\/wp-json\/wp\/v2\/posts\/576435","targetHints":{"allow":["GET"]}}],"collection":[{"href":"https:\/\/www.europesays.com\/fr\/wp-json\/wp\/v2\/posts"}],"about":[{"href":"https:\/\/www.europesays.com\/fr\/wp-json\/wp\/v2\/types\/post"}],"author":[{"embeddable":true,"href":"https:\/\/www.europesays.com\/fr\/wp-json\/wp\/v2\/users\/2"}],"replies":[{"embeddable":true,"href":"https:\/\/www.europesays.com\/fr\/wp-json\/wp\/v2\/comments?post=576435"}],"version-history":[{"count":0,"href":"https:\/\/www.europesays.com\/fr\/wp-json\/wp\/v2\/posts\/576435\/revisions"}],"wp:featuredmedia":[{"embeddable":true,"href":"https:\/\/www.europesays.com\/fr\/wp-json\/wp\/v2\/media\/576436"}],"wp:attachment":[{"href":"https:\/\/www.europesays.com\/fr\/wp-json\/wp\/v2\/media?parent=576435"}],"wp:term":[{"taxonomy":"category","embeddable":true,"href":"https:\/\/www.europesays.com\/fr\/wp-json\/wp\/v2\/categories?post=576435"},{"taxonomy":"post_tag","embeddable":true,"href":"https:\/\/www.europesays.com\/fr\/wp-json\/wp\/v2\/tags?post=576435"}],"curies":[{"name":"wp","href":"https:\/\/api.w.org\/{rel}","templated":true}]}}