{"id":576439,"date":"2025-12-04T00:18:13","date_gmt":"2025-12-04T00:18:13","guid":{"rendered":"https:\/\/www.europesays.com\/fr\/576439\/"},"modified":"2025-12-04T00:18:13","modified_gmt":"2025-12-04T00:18:13","slug":"previsions-du-jeudi-4-decembre-2025","status":"publish","type":"post","link":"https:\/\/www.europesays.com\/fr\/576439\/","title":{"rendered":"pr\u00e9visions du jeudi 4 d\u00e9cembre 2025"},"content":{"rendered":"<p>Il n&rsquo;est pas impossible qu&rsquo;il y ait de l\u00e9g\u00e8res averses aujourd&rsquo;hui sur Bordeaux. Les temp\u00e9ratures tourneront autour des 10\u00b0C. Une brise de sud-ouest soufflera l\u00e9g\u00e8rement. Le matin, on anticipe des valeurs d&rsquo;environ 10\u00b0C. Les temp\u00e9ratures afficheront entre 9\u00b0C et 12\u00b0C dans l&rsquo;apr\u00e8s-midi. De petites averses rendront la soir\u00e9e morose. Durant votre sommeil, dans la nuit de jeudi \u00e0 vendredi, le ciel sera pluvieux.<\/p>\n<p>Les nuages en pr\u00e9vision demain, \u00e0 Bordeaux, et un ciel encore gris. Une baisse du mercure est \u00e0 pr\u00e9voir. Les valeurs seront comprises entre 6 et 10\u00b0C. En revanche, le ciel va quelque peu se d\u00e9gager dans la matin\u00e9e avec des \u00e9claircies. Les temp\u00e9ratures seront de 6\u00b0C au plus bas et de 10\u00b0C au maximum. Un vent de sud-est rafra\u00eechira sensiblement l&rsquo;atmosph\u00e8re. Demain apr\u00e8s-midi, des nuages se montreront. Des pluies \u00e9parses tomberont. Les valeurs s&rsquo;\u00e9chelonneront entre 9 et 10\u00b0C. Demain soir, toujours des nuages dans le ciel qui emp\u00eachent le soleil d&rsquo;appara\u00eetre. Des pluies \u00e9parses sont pr\u00e9vues. Le mercure affichera 11\u00b0C en moyenne. Un modeste vent de sud-ouest sera ressenti par les habitants.<\/p>\n<p>Une am\u00e9lioration est attendue dimanche, tandis que la journ\u00e9e de samedi aura \u00e9t\u00e9 pluvieuse.<\/p>\n<p><\/p>\n","protected":false},"excerpt":{"rendered":"Il n&rsquo;est pas impossible qu&rsquo;il y ait de l\u00e9g\u00e8res averses aujourd&rsquo;hui sur Bordeaux. Les temp\u00e9ratures tourneront autour des&hellip;\n","protected":false},"author":2,"featured_media":576440,"comment_status":"","ping_status":"","sticky":false,"template":"","format":"standard","meta":{"footnotes":""},"categories":[2817],"tags":[1111,11,1997,1777,674,1011,27,12,2219,2119,25],"class_list":{"0":"post-576439","1":"post","2":"type-post","3":"status-publish","4":"format-standard","5":"has-post-thumbnail","7":"category-bordeaux","8":"tag-actu","9":"tag-actualites","10":"tag-bordeaux","11":"tag-eu","12":"tag-europe","13":"tag-fr","14":"tag-france","15":"tag-news","16":"tag-nouvelle-aquitaine","17":"tag-previsions-meteo","18":"tag-republique-francaise"},"share_on_mastodon":{"url":"https:\/\/pubeurope.com\/@fr\/115658431234437419","error":""},"_links":{"self":[{"href":"https:\/\/www.europesays.com\/fr\/wp-json\/wp\/v2\/posts\/576439","targetHints":{"allow":["GET"]}}],"collection":[{"href":"https:\/\/www.europesays.com\/fr\/wp-json\/wp\/v2\/posts"}],"about":[{"href":"https:\/\/www.europesays.com\/fr\/wp-json\/wp\/v2\/types\/post"}],"author":[{"embeddable":true,"href":"https:\/\/www.europesays.com\/fr\/wp-json\/wp\/v2\/users\/2"}],"replies":[{"embeddable":true,"href":"https:\/\/www.europesays.com\/fr\/wp-json\/wp\/v2\/comments?post=576439"}],"version-history":[{"count":0,"href":"https:\/\/www.europesays.com\/fr\/wp-json\/wp\/v2\/posts\/576439\/revisions"}],"wp:featuredmedia":[{"embeddable":true,"href":"https:\/\/www.europesays.com\/fr\/wp-json\/wp\/v2\/media\/576440"}],"wp:attachment":[{"href":"https:\/\/www.europesays.com\/fr\/wp-json\/wp\/v2\/media?parent=576439"}],"wp:term":[{"taxonomy":"category","embeddable":true,"href":"https:\/\/www.europesays.com\/fr\/wp-json\/wp\/v2\/categories?post=576439"},{"taxonomy":"post_tag","embeddable":true,"href":"https:\/\/www.europesays.com\/fr\/wp-json\/wp\/v2\/tags?post=576439"}],"curies":[{"name":"wp","href":"https:\/\/api.w.org\/{rel}","templated":true}]}}