{"id":576445,"date":"2025-12-04T00:22:15","date_gmt":"2025-12-04T00:22:15","guid":{"rendered":"https:\/\/www.europesays.com\/fr\/576445\/"},"modified":"2025-12-04T00:22:15","modified_gmt":"2025-12-04T00:22:15","slug":"previsions-du-jeudi-4-decembre-2025-2","status":"publish","type":"post","link":"https:\/\/www.europesays.com\/fr\/576445\/","title":{"rendered":"pr\u00e9visions du jeudi 4 d\u00e9cembre 2025"},"content":{"rendered":"<p>Aujourd&rsquo;hui, \u00e0 Lille, des nuages ne voudront pas c\u00e9der leur place au soleil. Les temp\u00e9ratures afficheront entre 4 et 8\u00b0C. On observera la pr\u00e9sence persistante de nuages le matin. Des pluies \u00e9parses vont tomber sur la ville. Les valeurs seront comprises entre 6 et 7\u00b0C. Un vent de sud-est, atteignant 26 km\/h, soufflera. Il faudra s&rsquo;attendre \u00e0 des perturbations l&rsquo;apr\u00e8s-midi, les Lillois se retrouveront sous de la bruine l\u00e9g\u00e8re. Les maximales pourront atteindre 8\u00b0C alors que les minimales seront de 6\u00b0C. Une modeste brise de sud sera ressentie par les habitants. Le ciel va s&rsquo;\u00e9claircir au cours de la soir\u00e9e. Les temp\u00e9ratures s&rsquo;\u00e9chelonneront entre 5\u00b0C et 6\u00b0C. On passera de jeudi \u00e0 vendredi par une nuit claire.<\/p>\n<p>Demain, le mercure va chuter de quelques degr\u00e9s \u00e0 Lille. Il va faire en moyenne 5\u00b0C. La ville sera touch\u00e9e par un vent de sud de 20 km\/h. Le soleil appara\u00eet l\u00e9g\u00e8rement le matin. Ces \u00e9claircies devraient r\u00e9jouir les habitants. Les valeurs seront de 3\u00b0C au plus bas et de 6\u00b0C au plus haut. Demain apr\u00e8s-midi, le soleil risque d&rsquo;\u00eatre masqu\u00e9 par des nuages. Les temp\u00e9ratures afficheront entre 6 et 7\u00b0C. Les nuages en pr\u00e9vision demain soir, et un ciel encore gris. Mauvais temps : on pr\u00e9voit des pluies \u00e9parses. Le mercure affichera 6\u00b0C en moyenne.<\/p>\n<p>Le temps des jours suivants va se d\u00e9grader. Le temps sera pluvieux avec des temp\u00e9ratures d&rsquo;environ 11\u00b0C.<\/p>\n<p><\/p>\n","protected":false},"excerpt":{"rendered":"Aujourd&rsquo;hui, \u00e0 Lille, des nuages ne voudront pas c\u00e9der leur place au soleil. Les temp\u00e9ratures afficheront entre 4&hellip;\n","protected":false},"author":2,"featured_media":576446,"comment_status":"","ping_status":"","sticky":false,"template":"","format":"standard","meta":{"footnotes":""},"categories":[2815],"tags":[1111,11,1777,674,1011,27,811,1307,12,2119,25],"class_list":{"0":"post-576445","1":"post","2":"type-post","3":"status-publish","4":"format-standard","5":"has-post-thumbnail","7":"category-lille","8":"tag-actu","9":"tag-actualites","10":"tag-eu","11":"tag-europe","12":"tag-fr","13":"tag-france","14":"tag-hauts-de-france","15":"tag-lille","16":"tag-news","17":"tag-previsions-meteo","18":"tag-republique-francaise"},"share_on_mastodon":{"url":"https:\/\/pubeurope.com\/@fr\/115658447477380097","error":""},"_links":{"self":[{"href":"https:\/\/www.europesays.com\/fr\/wp-json\/wp\/v2\/posts\/576445","targetHints":{"allow":["GET"]}}],"collection":[{"href":"https:\/\/www.europesays.com\/fr\/wp-json\/wp\/v2\/posts"}],"about":[{"href":"https:\/\/www.europesays.com\/fr\/wp-json\/wp\/v2\/types\/post"}],"author":[{"embeddable":true,"href":"https:\/\/www.europesays.com\/fr\/wp-json\/wp\/v2\/users\/2"}],"replies":[{"embeddable":true,"href":"https:\/\/www.europesays.com\/fr\/wp-json\/wp\/v2\/comments?post=576445"}],"version-history":[{"count":0,"href":"https:\/\/www.europesays.com\/fr\/wp-json\/wp\/v2\/posts\/576445\/revisions"}],"wp:featuredmedia":[{"embeddable":true,"href":"https:\/\/www.europesays.com\/fr\/wp-json\/wp\/v2\/media\/576446"}],"wp:attachment":[{"href":"https:\/\/www.europesays.com\/fr\/wp-json\/wp\/v2\/media?parent=576445"}],"wp:term":[{"taxonomy":"category","embeddable":true,"href":"https:\/\/www.europesays.com\/fr\/wp-json\/wp\/v2\/categories?post=576445"},{"taxonomy":"post_tag","embeddable":true,"href":"https:\/\/www.europesays.com\/fr\/wp-json\/wp\/v2\/tags?post=576445"}],"curies":[{"name":"wp","href":"https:\/\/api.w.org\/{rel}","templated":true}]}}