{"id":576447,"date":"2025-12-04T00:23:37","date_gmt":"2025-12-04T00:23:37","guid":{"rendered":"https:\/\/www.europesays.com\/fr\/576447\/"},"modified":"2025-12-04T00:23:37","modified_gmt":"2025-12-04T00:23:37","slug":"elles-conjuguent-le-vert-et-lorange-a-lhopital-nord","status":"publish","type":"post","link":"https:\/\/www.europesays.com\/fr\/576447\/","title":{"rendered":"Elles conjuguent le vert et l\u2019orange \u00e0 l\u2019H\u00f4pital Nord"},"content":{"rendered":"<p>Le combat \u00e9cologique et la lutte contre les violences faites aux femmes ont, fondamentalement, des objectifs communs. Soutenir ces causes revient en effet \u00e0 d\u00e9noncer et emp\u00eacher sans rel\u00e2che les actes de domination, de pr\u00e9dation et d\u2019emprise. Agir en faveur d\u2019un monde plus sain et plus juste.<\/p>\n<p>\u00a0<\/p>\n<p>Le Dr Marion Poirier, m\u00e9decin anesth\u00e9siste-r\u00e9animateur au Bloc central, l\u2019a bien compris. Elle fait partie de ces soignant.e.s \u00a0engag\u00e9.e.s ayant impuls\u00e9 le mouvement <a href=\"https:\/\/fr.ap-hm.fr\/actu\/green-bloc-green-rea-des-equipes-eco-responsables-a-l-hopital-nord\" target=\"_blank\" rel=\"noopener\">Green Bloc<\/a> \u00e0 l\u2019H\u00f4pital Nord, dont l\u2019objectif est de r\u00e9duire au maximum l\u2019impact environnemental des soins tout en maintenant leur haute qualit\u00e9. Accompagn\u00e9e dans cette d\u00e9marche par St\u00e9phanie Grammatico, r\u00e9f\u00e9rente\u00a0 Environnement de l\u2019\u00e9tablissement, elle a notamment contribu\u00e9 avec ses coll\u00e8gues \u00e0 une v\u00e9ritable r\u00e9volution en mati\u00e8re de r\u00e9duction, tri et recyclage des d\u00e9chets.\u00a0 \u00a0<\/p>\n<p>\u00a0<\/p>\n<p>Durant la p\u00e9riode covid, la recrudescence des cas de violences conjugales l\u2019incite \u00e9galement \u00e0 s\u2019interroger sur le rep\u00e9rage des victimes au sein des services hospitaliers.<\/p>\n<p>\u00a0<\/p>\n<p><strong>\u00ab\u00a0Les statistiques sont l\u00e0\u00a0: durant mes ann\u00e9es de pratique j\u2019ai forc\u00e9ment accueilli, sans m\u2019en rendre compte, des patientes ayant subi des violences physiques et morales.\u00a0\u00bb <\/strong>(Dr Marion Poirier)<\/p>\n<p>\u00a0<\/p>\n<p><img decoding=\"async\" alt=\"\" src=\"https:\/\/www.europesays.com\/fr\/wp-content\/uploads\/2025\/12\/orangedays8(1).jpg\" style=\"width: 32%; padding-right: 12px; float: left;\"\/>Comment venir en aide \u00e0 ces femmes qui n\u2019osent pas parler, tenaill\u00e9es par la peur et la honte\u00a0? Par des actions de sensibilisation, d\u2019information, de formation aupr\u00e8s des soignants pour qu\u2019ils apprennent \u00e0 ne pas n\u00e9gliger chez leurs patientes certains signes cliniques et fonctionnels. Pour qu\u2019ils sachent, en consultation, poser les bonnes questions, reconna\u00eetre d\u2019\u00e9ventuels signaux d\u2019alerte que les victimes elles-m\u00eames sont susceptibles d\u2019\u00e9mettre. Par, aussi, un affichage dans les couloirs et salles d\u2019attente ainsi que la mise \u00e0 disposition de brochures pour les patientes. Des initiatives concr\u00e8tes qui ont rapidement pu \u00eatre mises en place au sein du service. Mais pourquoi s\u2019arr\u00eater en si bon chemin\u00a0?<\/p>\n<p>\u00a0<\/p>\n<p>Port\u00e9e par <a href=\"https:\/\/www.unwomen.org\/fr\/what-we-do\/ending-violence-against-women\/unite\/orange-the-world\" target=\"_blank\" rel=\"noopener\">ONU Femmes<\/a>, \u00ab\u00a0<strong>Orange day<\/strong>\u00a0\u00bb est une campagne internationale contre les violences faites aux femmes qui se d\u00e9roule chaque ann\u00e9e du 25 novembre (Journ\u00e9e internationale de l\u2019\u00e9limination de la violence \u00e0 l\u2019\u00e9gard des femmes) au 10 d\u00e9cembre (journ\u00e9e des droits humains). Pour contribuer \u00e0 cette mobilisation, Marion Poirier et St\u00e9phanie Grammatico ont eu la g\u00e9niale id\u00e9e de l\u2019associer \u00e0 Green bloc.<\/p>\n<p>\u00a0<\/p>\n<p>Gr\u00e2ce au r\u00e9seau Marsea Nord D\u00e9veloppement, Stephanie Grammatico a pu convenir avec l\u2019association <a href=\"https:\/\/rsf-asso.fr\/\" target=\"_blank\" rel=\"noopener\">Recyclage sans fronti\u00e8re<\/a> du pr\u00eat d\u2019une Machine \u00e0 Recycler les Plastiques. Cette machine sert \u00e0 fabriquer toutes sortes d\u2019objets du quotidien \u00e0 partir de plastique recycl\u00e9. Lors des Orange Days, elle aura permis de transformer les bouchons de plastique orange des bouteilles d\u2019eau st\u00e9rile en pin\u2019s \u00e0 l\u2019effigie de la campagne. \u00a0\u00a0\u00a0<\/p>\n<p>\u00a0<\/p>\n<p><strong>\u00ab\u00a0Il s\u2019agit donc d\u2019une d\u00e9marche collective et f\u00e9d\u00e9ratrice qui remplit deux fonctions\u00a0: une fonction \u00e9cologique en encourageant la r\u00e9cup\u00e9ration et le recyclage, une fonction soci\u00e9tale en participant \u00e0 la sensibilisation des soignants et du public \u00e0 la lutte contre les violences.\u00a0\u00bb<\/strong> (Dr Poirier)\u00a0\u00a0\u00a0<\/p>\n<p>\u00a0\u00a0<\/p>\n<p>Un stand a pour cela \u00e9t\u00e9 tenu mardi 2 d\u00e9cembre de 10H \u00e0 16H dans le hall Mistral de l\u2019H\u00f4pital Nord. Marion Poirier et St\u00e9phanie Grammatico ont invit\u00e9 le public et les soignants \u00e0 \u00e9changer et \u00e0 cr\u00e9er leur propre pin\u2019s gr\u00e2ce \u00e0 la machine et aux bouchons d\u2019eau st\u00e9rile collect\u00e9s par les \u00e9quipes de soins (notamment blocs, gyn\u00e9cologie et r\u00e9animation n\u00e9onatale). A leur c\u00f4t\u00e9 ce jour-l\u00e0, <a href=\"https:\/\/fr.ap-hm.fr\/actualite\/veiller-alerter-proteger-sentinelles-urgences-victimes-violences-conjugales\" target=\"_blank\" rel=\"noopener\">les sentinelles des urgences<\/a>* avaient \u00e9galement un stand d\u2019information et de sensibilisation. \u00a0\u00a0\u00a0<\/p>\n<p>\u00a0<\/p>\n<p class=\"rtecenter\"><img decoding=\"async\" alt=\"\" class=\"img-fluid\" src=\"https:\/\/www.europesays.com\/fr\/wp-content\/uploads\/2025\/12\/orangedays4(1).jpg\"\/>\u00a0\u00a0<\/p>\n<p>\u00a0<\/p>\n<p><strong>\u00ab\u00a0C\u2019est un projet dans lequel tout le monde peut se retrouver, qui embrasse deux causes absolument essentielles. Nous souhaitons le p\u00e9renniser et esp\u00e9rons qu\u2019il gagnera en ampleur chaque ann\u00e9e. Le pr\u00eat de la machine est d\u2019ores et d\u00e9j\u00e0 act\u00e9 pour les ann\u00e9es \u00e0 venir\u00a0!\u00a0\u00bb<\/strong> (St\u00e9phanie Grammatico)<\/p>\n<p>\u00a0<\/p>\n<p class=\"rtecenter\"><img decoding=\"async\" alt=\"\" src=\"https:\/\/www.europesays.com\/fr\/wp-content\/uploads\/2025\/12\/orangedays2.jpg\" style=\"width: 31%;\"\/>\u00a0\u00a0\u00a0\u00a0<img decoding=\"async\" alt=\"\" src=\"https:\/\/www.europesays.com\/fr\/wp-content\/uploads\/2025\/12\/orangedays7.jpg\" style=\"width: 31%;\"\/>\u00a0 \u00a0<img decoding=\"async\" alt=\"\" src=\"https:\/\/www.europesays.com\/fr\/wp-content\/uploads\/2025\/12\/orangedays6.jpg\" style=\"width: 31%;\"\/><\/p>\n<p class=\"rtecenter\">\u00a0<\/p>\n<p class=\"rtecenter\">\u00a0<\/p>\n<p><strong>* \u00ab\u00a0Missions de l\u2019\u00e9quipe Sentinelle \u2013 Urgences H\u00f4pital Nord<\/strong><\/p>\n<p>L\u2019\u00e9quipe Sentinelle des Urgences a pour r\u00f4le d\u2019identifier, d\u2019\u00e9couter et d\u2019accompagner les personnes confront\u00e9es \u00e0 des violences intrafamiliales, conjugales ou sexistes.<\/p>\n<p>\u00a0<\/p>\n<p>Ses missions principales :<\/p>\n<ul>\n<li>\n\t\tRep\u00e9rage pr\u00e9coce des situations de violences et sensibilisation des \u00e9quipes.<\/li>\n<li>\n\t\t\u00c9coute s\u00e9curisante et confidentielle.<\/li>\n<li>\n\t\t\u00c9valuation rapide du niveau de danger.<\/li>\n<li>\n\t\tOrientation adapt\u00e9e en lien avec nos partenaires : <strong>Maison des Femmes, AVAD, Police nationale<\/strong>, et surtout <strong>les assistantes sociales du service<\/strong>.<\/li>\n<li>\n\t\tCoordination du parcours pour assurer une prise en charge continue et coh\u00e9rente.<\/li>\n<\/ul>\n<p>\u00a0<\/p>\n<p>L\u2019\u00e9quipe Sentinelle \u0153uvre ainsi pour une prise en charge bienveillante, s\u00e9curis\u00e9e et structur\u00e9e au c\u0153ur du service des Urgences.\u00a0\u00bb<\/p>\n<p class=\"rtejustify\">\u00a0<\/p>\n<p class=\"rtecenter\">\u00a0<\/p>\n<p>\u00a0<\/p>\n","protected":false},"excerpt":{"rendered":"Le combat \u00e9cologique et la lutte contre les violences faites aux femmes ont, fondamentalement, des objectifs communs. Soutenir&hellip;\n","protected":false},"author":2,"featured_media":576448,"comment_status":"","ping_status":"","sticky":false,"template":"","format":"standard","meta":{"footnotes":""},"categories":[2814],"tags":[1111,11,1777,674,1011,27,884,12,882,25],"class_list":{"0":"post-576447","1":"post","2":"type-post","3":"status-publish","4":"format-standard","5":"has-post-thumbnail","7":"category-marseille","8":"tag-actu","9":"tag-actualites","10":"tag-eu","11":"tag-europe","12":"tag-fr","13":"tag-france","14":"tag-marseille","15":"tag-news","16":"tag-provence-alpes-cote-dazur","17":"tag-republique-francaise"},"share_on_mastodon":{"url":"https:\/\/pubeurope.com\/@fr\/115658455383312386","error":""},"_links":{"self":[{"href":"https:\/\/www.europesays.com\/fr\/wp-json\/wp\/v2\/posts\/576447","targetHints":{"allow":["GET"]}}],"collection":[{"href":"https:\/\/www.europesays.com\/fr\/wp-json\/wp\/v2\/posts"}],"about":[{"href":"https:\/\/www.europesays.com\/fr\/wp-json\/wp\/v2\/types\/post"}],"author":[{"embeddable":true,"href":"https:\/\/www.europesays.com\/fr\/wp-json\/wp\/v2\/users\/2"}],"replies":[{"embeddable":true,"href":"https:\/\/www.europesays.com\/fr\/wp-json\/wp\/v2\/comments?post=576447"}],"version-history":[{"count":0,"href":"https:\/\/www.europesays.com\/fr\/wp-json\/wp\/v2\/posts\/576447\/revisions"}],"wp:featuredmedia":[{"embeddable":true,"href":"https:\/\/www.europesays.com\/fr\/wp-json\/wp\/v2\/media\/576448"}],"wp:attachment":[{"href":"https:\/\/www.europesays.com\/fr\/wp-json\/wp\/v2\/media?parent=576447"}],"wp:term":[{"taxonomy":"category","embeddable":true,"href":"https:\/\/www.europesays.com\/fr\/wp-json\/wp\/v2\/categories?post=576447"},{"taxonomy":"post_tag","embeddable":true,"href":"https:\/\/www.europesays.com\/fr\/wp-json\/wp\/v2\/tags?post=576447"}],"curies":[{"name":"wp","href":"https:\/\/api.w.org\/{rel}","templated":true}]}}