{"id":576449,"date":"2025-12-04T00:26:40","date_gmt":"2025-12-04T00:26:40","guid":{"rendered":"https:\/\/www.europesays.com\/fr\/576449\/"},"modified":"2025-12-04T00:26:40","modified_gmt":"2025-12-04T00:26:40","slug":"previsions-du-jeudi-4-decembre-2025-3","status":"publish","type":"post","link":"https:\/\/www.europesays.com\/fr\/576449\/","title":{"rendered":"pr\u00e9visions du jeudi 4 d\u00e9cembre 2025"},"content":{"rendered":"<p>Aujourd&rsquo;hui, les valeurs s&rsquo;\u00e9chelonneront entre 8 et 11\u00b0C \u00e0 Marseille. La ville profitera de quelques \u00e9claircies le matin. Les temp\u00e9ratures s&rsquo;\u00e9chelonneront de 8 \u00e0 11\u00b0C. Une brise de nord soufflera doucement. L&rsquo;apr\u00e8s-midi, les Marseillais vont pouvoir b\u00e9n\u00e9ficier d&rsquo;un soleil magnifique. Les valeurs afficheront entre 10\u00b0C et 11\u00b0C. Le soleil manquera le soir, car le ciel sera couvert par des nuages. On anticipe des temp\u00e9ratures d&rsquo;environ 10\u00b0C. C&rsquo;est un ciel clair que conna\u00eetra la nuit de jeudi \u00e0 vendredi.<\/p>\n<p>C&rsquo;est un soleil radieux qui va se montrer demain sur Marseille. Il va faire environ 10\u00b0C. Un vent de nord-ouest soufflera \u00e0 26 km\/h. Les valeurs seront comprises entre 8 et 10\u00b0C le matin. Les maximales iront jusqu&rsquo;\u00e0 11\u00b0C dans l&rsquo;apr\u00e8s-midi et les minimales seront de 9\u00b0C. On pr\u00e9voit une embellie pour cette soir\u00e9e. Les temp\u00e9ratures seront de 8\u00b0C au minimum et de 9\u00b0C au maximum.<\/p>\n<p>Pour la suite, le temps ne bougera pas. On s&rsquo;attend \u00e0 des journ\u00e9es ensoleill\u00e9es, avec des temp\u00e9ratures dans les 12\u00b0C en moyenne.<\/p>\n<p><\/p>\n","protected":false},"excerpt":{"rendered":"Aujourd&rsquo;hui, les valeurs s&rsquo;\u00e9chelonneront entre 8 et 11\u00b0C \u00e0 Marseille. La ville profitera de quelques \u00e9claircies le matin.&hellip;\n","protected":false},"author":2,"featured_media":576450,"comment_status":"","ping_status":"","sticky":false,"template":"","format":"standard","meta":{"footnotes":""},"categories":[2814],"tags":[1111,11,1777,674,1011,27,884,12,2119,882,25],"class_list":{"0":"post-576449","1":"post","2":"type-post","3":"status-publish","4":"format-standard","5":"has-post-thumbnail","7":"category-marseille","8":"tag-actu","9":"tag-actualites","10":"tag-eu","11":"tag-europe","12":"tag-fr","13":"tag-france","14":"tag-marseille","15":"tag-news","16":"tag-previsions-meteo","17":"tag-provence-alpes-cote-dazur","18":"tag-republique-francaise"},"share_on_mastodon":{"url":"https:\/\/pubeurope.com\/@fr\/115658462573931678","error":""},"_links":{"self":[{"href":"https:\/\/www.europesays.com\/fr\/wp-json\/wp\/v2\/posts\/576449","targetHints":{"allow":["GET"]}}],"collection":[{"href":"https:\/\/www.europesays.com\/fr\/wp-json\/wp\/v2\/posts"}],"about":[{"href":"https:\/\/www.europesays.com\/fr\/wp-json\/wp\/v2\/types\/post"}],"author":[{"embeddable":true,"href":"https:\/\/www.europesays.com\/fr\/wp-json\/wp\/v2\/users\/2"}],"replies":[{"embeddable":true,"href":"https:\/\/www.europesays.com\/fr\/wp-json\/wp\/v2\/comments?post=576449"}],"version-history":[{"count":0,"href":"https:\/\/www.europesays.com\/fr\/wp-json\/wp\/v2\/posts\/576449\/revisions"}],"wp:featuredmedia":[{"embeddable":true,"href":"https:\/\/www.europesays.com\/fr\/wp-json\/wp\/v2\/media\/576450"}],"wp:attachment":[{"href":"https:\/\/www.europesays.com\/fr\/wp-json\/wp\/v2\/media?parent=576449"}],"wp:term":[{"taxonomy":"category","embeddable":true,"href":"https:\/\/www.europesays.com\/fr\/wp-json\/wp\/v2\/categories?post=576449"},{"taxonomy":"post_tag","embeddable":true,"href":"https:\/\/www.europesays.com\/fr\/wp-json\/wp\/v2\/tags?post=576449"}],"curies":[{"name":"wp","href":"https:\/\/api.w.org\/{rel}","templated":true}]}}