{"id":576453,"date":"2025-12-04T00:31:45","date_gmt":"2025-12-04T00:31:45","guid":{"rendered":"https:\/\/www.europesays.com\/fr\/576453\/"},"modified":"2025-12-04T00:31:45","modified_gmt":"2025-12-04T00:31:45","slug":"plusieurs-lignes-de-tram-perturbees-vendredi-pour-le-debut-de-la-fete-des-lumieres-a-lyon","status":"publish","type":"post","link":"https:\/\/www.europesays.com\/fr\/576453\/","title":{"rendered":"plusieurs lignes de tram perturb\u00e9es vendredi pour le d\u00e9but de la f\u00eate des Lumi\u00e8res \u00e0 Lyon"},"content":{"rendered":"<p itemprop=\"description\"><strong>Le trafic des tramways sera perturb\u00e9 ce vendredi \u00e0 Lyon, pour le premier jour de la F\u00eate des Lumi\u00e8res.<\/strong><\/p>\n<p>En raison d\u2019un mouvement social \u00ab\u00a0tr\u00e8s localis\u00e9 d\u2019une partie des conducteurs de tramway\u00a0\u00bb, certaines lignes seront perturb\u00e9es, indiquent les TCL ce mercredi soir.<\/p>\n<p>La ligne T3 circulera uniquement entre Meyzieu Les Panettes et Vaulx-en-Velin La Soie. La ligne T5 ne circulera pas et la ligne T7 ne circulera que de 18h30 \u00e0 23h.<\/p>\n<p>Toutes les autres lignes de tram fonctionneront normalement.\u00a0<\/p>\n<p>Cette gr\u00e8ve n\u2019aura pas d\u2019impact non plus sur les funiculaires ni sur les lignes de m\u00e9tro.\u00a0<\/p>\n","protected":false},"excerpt":{"rendered":"Le trafic des tramways sera perturb\u00e9 ce vendredi \u00e0 Lyon, pour le premier jour de la F\u00eate des&hellip;\n","protected":false},"author":2,"featured_media":576454,"comment_status":"","ping_status":"","sticky":false,"template":"","format":"standard","meta":{"footnotes":""},"categories":[1889],"tags":[1111,11,2813,2190,2430,1109,251,1112,2811,1777,674,118,1011,27,1922,1110,1114,2428,2810,12,241,316,25,2812,517,800],"class_list":{"0":"post-576453","1":"post","2":"type-post","3":"status-publish","4":"format-standard","5":"has-post-thumbnail","7":"category-lyon","8":"tag-actu","9":"tag-actualites","10":"tag-article","11":"tag-asvel","12":"tag-auvergne-rhone-alpes","13":"tag-breves","14":"tag-culture","15":"tag-depeches","16":"tag-economique","17":"tag-eu","18":"tag-europe","19":"tag-faits-divers","20":"tag-fr","21":"tag-france","22":"tag-info","23":"tag-informations","24":"tag-infos","25":"tag-lyon","26":"tag-lyonmag","27":"tag-news","28":"tag-ol","29":"tag-politique","30":"tag-republique-francaise","31":"tag-sociale","32":"tag-sport","33":"tag-transports"},"share_on_mastodon":{"url":"https:\/\/pubeurope.com\/@fr\/115658482140894396","error":""},"_links":{"self":[{"href":"https:\/\/www.europesays.com\/fr\/wp-json\/wp\/v2\/posts\/576453","targetHints":{"allow":["GET"]}}],"collection":[{"href":"https:\/\/www.europesays.com\/fr\/wp-json\/wp\/v2\/posts"}],"about":[{"href":"https:\/\/www.europesays.com\/fr\/wp-json\/wp\/v2\/types\/post"}],"author":[{"embeddable":true,"href":"https:\/\/www.europesays.com\/fr\/wp-json\/wp\/v2\/users\/2"}],"replies":[{"embeddable":true,"href":"https:\/\/www.europesays.com\/fr\/wp-json\/wp\/v2\/comments?post=576453"}],"version-history":[{"count":0,"href":"https:\/\/www.europesays.com\/fr\/wp-json\/wp\/v2\/posts\/576453\/revisions"}],"wp:featuredmedia":[{"embeddable":true,"href":"https:\/\/www.europesays.com\/fr\/wp-json\/wp\/v2\/media\/576454"}],"wp:attachment":[{"href":"https:\/\/www.europesays.com\/fr\/wp-json\/wp\/v2\/media?parent=576453"}],"wp:term":[{"taxonomy":"category","embeddable":true,"href":"https:\/\/www.europesays.com\/fr\/wp-json\/wp\/v2\/categories?post=576453"},{"taxonomy":"post_tag","embeddable":true,"href":"https:\/\/www.europesays.com\/fr\/wp-json\/wp\/v2\/tags?post=576453"}],"curies":[{"name":"wp","href":"https:\/\/api.w.org\/{rel}","templated":true}]}}