{"id":576457,"date":"2025-12-04T00:37:20","date_gmt":"2025-12-04T00:37:20","guid":{"rendered":"https:\/\/www.europesays.com\/fr\/576457\/"},"modified":"2025-12-04T00:37:20","modified_gmt":"2025-12-04T00:37:20","slug":"deux-cas-de-coronavirus-du-syndrome-respiratoire-du-moyen-orient-de-retour-de-letranger-ont-ete-identifies-en-france","status":"publish","type":"post","link":"https:\/\/www.europesays.com\/fr\/576457\/","title":{"rendered":"Deux cas de coronavirus du syndrome respiratoire du Moyen-Orient, \u00ab\u00a0de retour de l&rsquo;\u00e9tranger\u00a0\u00bb, ont \u00e9t\u00e9 identifi\u00e9s en France"},"content":{"rendered":"\n<p class=\"c-chapo \">\n  Ces patients sont pris en charge \u00e0 l&rsquo;h\u00f4pital \u00ab\u00a0par mesure de pr\u00e9caution\u00a0\u00bb et \u00ab\u00a0leur \u00e9tat est stable\u00a0\u00bb, a affirm\u00e9 la ministre de la Sant\u00e9, St\u00e9phanie Rist.\n<\/p>\n<p>      lire plus tard<\/p>\n<p id=\"dialog__title\" class=\"dialog__title\">Pour sauvegarder cet article, connectez-vous ou cr\u00e9ez un compte franceinfo<\/p>\n<p class=\"dialog__description\">Sans paiement. Sans abonnement.<\/p>\n<p>        Fermer la fen\u00eatre d\u2019activation des notifications France Info<\/p>\n<p>      cr\u00e9er votre compte<\/p>\n<p>      se connecter<\/p>\n<p>        Fermer la fen\u00eatre de pr\u00e9sentation<\/p>\n<p>    <img loading=\"lazy\" decoding=\"async\" class=\"signature__image lazyload\" width=\"100\" height=\"100\" data- alt=\"\" src=\"https:\/\/www.europesays.com\/fr\/wp-content\/uploads\/2025\/05\/64a68815cd1a7_placeholder-36b69ec8.png\"\/><\/p>\n<p>    Publi\u00e9 le 03\/12\/2025 23:50<\/p>\n<p>        Temps de lecture : 2min<\/p>\n<p>    <img decoding=\"async\"  alt=\"Un masque chirurgical \u00e0 Brian\u00e7on, dans les Hautes-Alpes, le 4 d\u00e9cembre 2022. (THIBAUT DURAND \/ HANS LUCAS \/ AFP)\" width=\"432\" height=\"243\" src=\"https:\/\/www.europesays.com\/fr\/wp-content\/uploads\/2025\/12\/080-hl-tdurand-1911220-6930be7d6cae4162854174.jpg\" fetchpriority=\"high\"\/><\/p>\n<p>      Un masque chirurgical \u00e0 Brian\u00e7on, dans les Hautes-Alpes, le 4 d\u00e9cembre 2022. (THIBAUT DURAND \/ HANS LUCAS \/ AFP)<\/p>\n<p>La maladie fait son retour en France. Deux cas de coronavirus du syndrome respiratoire du Moyen-Orient (MERS-CoV) ont \u00e9t\u00e9 identifi\u00e9s dans l&rsquo;Hexagone sur des personnes \u00ab\u00a0de retour de l&rsquo;\u00e9tranger\u00a0\u00bb, a annonc\u00e9 mercredi 3 d\u00e9cembre le minist\u00e8re de la Sant\u00e9 dans un communiqu\u00e9.\u00a0Ce virus entra\u00eene chez l&rsquo;homme des sympt\u00f4mes similaires au Covid-19 (fi\u00e8vre, toux, difficult\u00e9s respiratoires).<\/p>\n<p>\u00ab\u00a0Ces deux cas ont \u00e9t\u00e9 confirm\u00e9s \u00e0 la suite de sympt\u00f4mes \u00e9vocateurs et de la notion d&rsquo;un voyage commun en p\u00e9ninsule Arabique\u00a0\u00bb, ajoute le minist\u00e8re qui pr\u00e9cise que \u00ab\u00a0les mesures de gestion ont \u00e9t\u00e9 mises en place pour limiter le risque de transmission du virus\u00a0\u00bb.\u00a0Ces patients sont pris en charge \u00e0 l&rsquo;h\u00f4pital \u00ab\u00a0par mesure de pr\u00e9caution\u00a0\u00bb et \u00ab\u00a0leur \u00e9tat est stable\u00a0\u00bb, a affirm\u00e9 la ministre de la Sant\u00e9 St\u00e9phanie Rist, cit\u00e9e dans le communiqu\u00e9.<\/p>\n<p>\u00ab\u00a0Toutes les mesures de gestion ont \u00e9t\u00e9 mises en place afin de limiter le risque de transmission du virus \u00e0 l&rsquo;entourage des patients et aux personnels soignants : recherche des personnes contacts (&#8230;), gestes barri\u00e8res, d\u00e9pistage, isolement et conduite \u00e0 tenir en cas d&rsquo;apparition de sympt\u00f4mes, m\u00eame mod\u00e9r\u00e9s\u00a0\u00bb, a-t-elle ajout\u00e9. Le communiqu\u00e9 pr\u00e9cise que les deux cas sont apparus chez des personnes ayant particip\u00e9 \u00e0 un m\u00eame voyage, \u00ab\u00a0mais aucune cha\u00eene de transmission secondaire n&rsquo;est \u00e0 ce stade identifi\u00e9e sur le territoire national\u00a0\u00bb. Les autres personnes ayant particip\u00e9 au voyage font \u00e9galement l&rsquo;objet d&rsquo;un suivi, pr\u00e9cise le minist\u00e8re.<\/p>\n<p>Apparu en 2012 en Arabie Saoudite, le MERS-CoV est consid\u00e9r\u00e9 comme un cousin, plus mortel mais moins contagieux, du virus responsable du Syndrome respiratoire aigu s\u00e9v\u00e8re (SRAS). Il se transmet principalement de l&rsquo;animal \u00e0 l&rsquo;\u00eatre humain, ajoute le minist\u00e8re, pr\u00e9cisant que le virus est end\u00e9mique chez les dromadaires et les chauves-souris de la p\u00e9ninsule arabique et de certaines r\u00e9gions d&rsquo;Afrique. L&rsquo;\u00e9pid\u00e9mie de coronavirus MERS avait fait plusieurs centaines de victimes dans le monde entre 2012 et 2015, principalement en Arabie Saoudite. En France, jusqu&rsquo;ici <a href=\"https:\/\/www.franceinfo.fr\/sante\/maladie\/coronavirus\/le-coronavirus-fait-un-premier-mort-en-france_334626.html\" target=\"_blank\" rel=\"noopener\">seuls deux cas avaient \u00e9t\u00e9 recens\u00e9s<\/a> en 2013.<\/p>\n","protected":false},"excerpt":{"rendered":"Ces patients sont pris en charge \u00e0 l&rsquo;h\u00f4pital \u00ab\u00a0par mesure de pr\u00e9caution\u00a0\u00bb et \u00ab\u00a0leur \u00e9tat est stable\u00a0\u00bb, a&hellip;\n","protected":false},"author":2,"featured_media":576458,"comment_status":"","ping_status":"","sticky":false,"template":"","format":"standard","meta":{"footnotes":""},"categories":[1888],"tags":[1111,1928,11,1927,1777,674,1011,27,12,1926,626,1925,25],"class_list":{"0":"post-576457","1":"post","2":"type-post","3":"status-publish","4":"format-standard","5":"has-post-thumbnail","7":"category-paris","8":"tag-actu","9":"tag-actu-paris","10":"tag-actualites","11":"tag-actualites-paris","12":"tag-eu","13":"tag-europe","14":"tag-fr","15":"tag-france","16":"tag-news","17":"tag-news-paris","18":"tag-paris","19":"tag-paris-news","20":"tag-republique-francaise"},"share_on_mastodon":{"url":"https:\/\/pubeurope.com\/@fr\/115658507546288483","error":""},"_links":{"self":[{"href":"https:\/\/www.europesays.com\/fr\/wp-json\/wp\/v2\/posts\/576457","targetHints":{"allow":["GET"]}}],"collection":[{"href":"https:\/\/www.europesays.com\/fr\/wp-json\/wp\/v2\/posts"}],"about":[{"href":"https:\/\/www.europesays.com\/fr\/wp-json\/wp\/v2\/types\/post"}],"author":[{"embeddable":true,"href":"https:\/\/www.europesays.com\/fr\/wp-json\/wp\/v2\/users\/2"}],"replies":[{"embeddable":true,"href":"https:\/\/www.europesays.com\/fr\/wp-json\/wp\/v2\/comments?post=576457"}],"version-history":[{"count":0,"href":"https:\/\/www.europesays.com\/fr\/wp-json\/wp\/v2\/posts\/576457\/revisions"}],"wp:featuredmedia":[{"embeddable":true,"href":"https:\/\/www.europesays.com\/fr\/wp-json\/wp\/v2\/media\/576458"}],"wp:attachment":[{"href":"https:\/\/www.europesays.com\/fr\/wp-json\/wp\/v2\/media?parent=576457"}],"wp:term":[{"taxonomy":"category","embeddable":true,"href":"https:\/\/www.europesays.com\/fr\/wp-json\/wp\/v2\/categories?post=576457"},{"taxonomy":"post_tag","embeddable":true,"href":"https:\/\/www.europesays.com\/fr\/wp-json\/wp\/v2\/tags?post=576457"}],"curies":[{"name":"wp","href":"https:\/\/api.w.org\/{rel}","templated":true}]}}