{"id":576466,"date":"2025-12-04T00:46:08","date_gmt":"2025-12-04T00:46:08","guid":{"rendered":"https:\/\/www.europesays.com\/fr\/576466\/"},"modified":"2025-12-04T00:46:08","modified_gmt":"2025-12-04T00:46:08","slug":"russie-ressources-naturelles-pourquoi-la-france-doit-vite-faire-evoluer-sa-strategie-polaire","status":"publish","type":"post","link":"https:\/\/www.europesays.com\/fr\/576466\/","title":{"rendered":"Russie, ressources naturelles\u2026 Pourquoi la France doit (vite) faire \u00e9voluer sa \u00ab\u00a0strat\u00e9gie polaire\u00a0\u00bb\u00a0?"},"content":{"rendered":"<p>La France doit \u00e0 nouveau montrer les muscles, se positionner comme \u00ab\u00a0une grande puissance polaire\u00a0\u00bb et int\u00e9grer \u00ab\u00a0beaucoup plus la question g\u00e9opolitique et de d\u00e9fense\u00a0\u00bb en Arctique et Antarctique face au \u00ab\u00a0retour des tensions et des menaces\u00a0\u00bb dans ces r\u00e9gions, affirme un rapport publi\u00e9 mercredi.<\/p>\n<p>Dans ces zones strat\u00e9giques riches en ressources naturelles, o\u00f9 s\u2019ouvrent de nouvelles routes commerciales en raison du changement climatique, la \u00ab\u00a0strat\u00e9gie <a href=\"https:\/\/www.20minutes.fr\/dossier\/ours_polaire\" class=\"c-link c-link--is-underlined\" target=\"_blank\" rel=\"noopener\">polaire<\/a> fran\u00e7aise\u00a0\u00bb dessin\u00e9e il y a trois ans \u00ab\u00a0souffre d\u2019un d\u00e9calage avec les transformations g\u00e9opolitiques survenues depuis\u00a02022\u00a0\u00bb et <a href=\"https:\/\/www.20minutes.fr\/monde\/ukraine\/\" class=\"c-link c-link--is-underlined\" target=\"_blank\" rel=\"noopener\">l\u2019invasion de l\u2019Ukraine<\/a> par la Russie, souligne dans ce document l\u2019envoy\u00e9 sp\u00e9cial du pr\u00e9sident <a href=\"https:\/\/www.20minutes.fr\/politique\/emmanuel-macron\/\" class=\"c-link c-link--is-underlined\" target=\"_blank\" rel=\"noopener\">Emmanuel Macron<\/a> pour les P\u00f4les et l\u2019Oc\u00e9an, Olivier Poivre\u00a0d&rsquo;Arvor.<\/p>\n<p>Plus de g\u00e9opolitique s\u2019il vous pla\u00eet<\/p>\n<p>\u00ab\u00a0La mont\u00e9e des tensions internationales dans l\u2019Arctique, la militarisation de certaines zones et la fragmentation de la coop\u00e9ration scientifique internationale remettent en question l\u2019approche initialement fond\u00e9e sur le multilat\u00e9ralisme et la science ouverte\u00a0\u00bb, \u00e9crit-il.<\/p>\n<p>Plus g\u00e9n\u00e9ralement, \u00ab\u00a0la comp\u00e9tition strat\u00e9gique entre Russie, Chine et \u00c9tats-Unis conduit \u00e0 une course pour le contr\u00f4le des ressources polaires, en premier lieu les minerais critiques et les ressources \u00e9nerg\u00e9tiques\u00a0\u00bb. Dans ce contexte, la nouvelle strat\u00e9gie fran\u00e7aise pour la p\u00e9riode 2026-2040 doit \u00ab\u00a0int\u00e9grer de mani\u00e8re beaucoup plus centrale la question g\u00e9opolitique et de d\u00e9fense\u00a0\u00bb, en particulier dans l\u2019Arctique o\u00f9 \u00ab\u00a0sept des huit \u00c9tats riverains (sont) d\u00e9sormais membres de l\u2019Otan\u00a0\u00bb.<\/p>\n<p>100\u00a0millions d\u2019euros \u00e0 investir sur 10 ans<\/p>\n<p>La France doit viser \u00e0 devenir \u00ab\u00a0une grande puissance polaire au service de la paix, de la science et de la protection des \u00e9cosyst\u00e8mes de la cryosph\u00e8re (espaces glac\u00e9s)\u00a0\u00bb, ajoute l\u2019auteur.<\/p>\n<\/p>\n<p>Dans le domaine militaire, Olivier Poivre\u00a0d&rsquo;Arvor propose notamment de \u00ab\u00a0renforcer [les] partenariats de d\u00e9fense avec les \u00c9tats membres de l\u2019<a href=\"https:\/\/www.20minutes.fr\/monde\/otan\/\" class=\"c-link c-link--is-underlined\" target=\"_blank\" rel=\"noopener\">Otan<\/a> pr\u00e9sents en Arctique\u00a0\u00bb, via notamment \u00ab\u00a0la participation r\u00e9guli\u00e8re \u00e0 des exercices conjoints en conditions polaires\u00a0\u00bb et \u00ab\u00a0le partage de renseignement, d\u2019analyses et de retours d\u2019exp\u00e9rience sur les dynamiques arctiques\u00a0\u00bb. C\u00f4t\u00e9 scientifique, le rapport sugg\u00e8re d\u2019investir 100\u00a0millions d\u2019euros sur dix ans pour \u00ab\u00a0renouveler les infrastructures scientifiques\u00a0\u00bb et notamment se doter de \u00ab\u00a0deux nouveaux navires de recherche polaire\u00a0\u00bb. Si le rapport est largement consacr\u00e9 \u00e0 l\u2019Arctique, il alerte sur les nouveaux enjeux dans l\u2019autre p\u00f4le.<\/p>\n<p>Une base de recherche d\u00e8s\u00a01963<\/p>\n<p>\u00ab\u00a0L\u2019Antarctique, certes pr\u00e9serv\u00e9 par un trait\u00e9 tr\u00e8s ambitieux et privil\u00e9giant la paix, la coop\u00e9ration scientifique, et l\u2019absence d\u2019activit\u00e9s extractives \u2013 c\u2019est-\u00e0-dire l\u2019exact contraire de ce qui se passe aujourd\u2019hui en Arctique \u2013, pourrait devenir dans la d\u00e9cennie \u00e0 venir la prochaine perspective strat\u00e9gique de trois des grandes puissances que sont les \u00c9tats-Unis, la <a href=\"https:\/\/www.20minutes.fr\/dossier\/chine\" class=\"c-link c-link--is-underlined\" target=\"_blank\" rel=\"noopener\">Chine<\/a> et la <a href=\"https:\/\/www.20minutes.fr\/monde\/russie\/\" class=\"c-link c-link--is-underlined\" target=\"_blank\" rel=\"noopener\">Russie<\/a>\u00a0\u00bb, alerte le document.<\/p>\n<p>\u00ab\u00a0Ces trois pays d\u00e9tiennent \u00e0 eux seuls un tiers de l\u2019ensemble des bases permanentes de recherches en Antarctique et semblent se projeter dans une r\u00e9vision du Protocole de Madrid relatif \u00e0 la protection de l\u2019environnement antarctique, quand cela deviendra possible en\u00a02048, avec une approche o\u00f9 l\u2019exploitation des ressources consid\u00e9rables du Continent blanc prendra clairement le dessus sur leur protection\u00a0\u00bb, souligne-t-il.<\/p>\n<p>Puissance historiquement pr\u00e9sente aux p\u00f4les, la France a install\u00e9 sa premi\u00e8re base de recherche scientifique en\u00a01963 dans l\u2019archipel <a href=\"https:\/\/www.20minutes.fr\/planete\/arctique\/\" class=\"c-link c-link--is-underlined\" target=\"_blank\" rel=\"noopener\">arctique<\/a> du Svalbard (<a href=\"https:\/\/www.20minutes.fr\/dossier\/norvege\" class=\"c-link c-link--is-underlined\" target=\"_blank\" rel=\"noopener\">Norv\u00e8ge<\/a>). Elle dispose \u00e9galement de deux stations de recherche permanentes en <a href=\"https:\/\/www.20minutes.fr\/dossier\/antarctique\" class=\"c-link c-link--is-underlined\" target=\"_blank\" rel=\"noopener\">Antarctique<\/a>.<\/p>\n","protected":false},"excerpt":{"rendered":"La France doit \u00e0 nouveau montrer les muscles, se positionner comme \u00ab\u00a0une grande puissance polaire\u00a0\u00bb et int\u00e9grer \u00ab\u00a0beaucoup&hellip;\n","protected":false},"author":2,"featured_media":576467,"comment_status":"","ping_status":"","sticky":false,"template":"","format":"standard","meta":{"footnotes":""},"categories":[1591],"tags":[11,5764,20931,1887,74,12,673,136,1885,1886,132],"class_list":{"0":"post-576466","1":"post","2":"type-post","3":"status-publish","4":"format-standard","5":"has-post-thumbnail","7":"category-russie","8":"tag-actualites","9":"tag-antarctique","10":"tag-arctique","11":"tag-federation-de-russie","12":"tag-monde","13":"tag-news","14":"tag-norvege","15":"tag-otan","16":"tag-russia","17":"tag-russian-federation","18":"tag-russie"},"share_on_mastodon":{"url":"https:\/\/pubeurope.com\/@fr\/115658541218258623","error":""},"_links":{"self":[{"href":"https:\/\/www.europesays.com\/fr\/wp-json\/wp\/v2\/posts\/576466","targetHints":{"allow":["GET"]}}],"collection":[{"href":"https:\/\/www.europesays.com\/fr\/wp-json\/wp\/v2\/posts"}],"about":[{"href":"https:\/\/www.europesays.com\/fr\/wp-json\/wp\/v2\/types\/post"}],"author":[{"embeddable":true,"href":"https:\/\/www.europesays.com\/fr\/wp-json\/wp\/v2\/users\/2"}],"replies":[{"embeddable":true,"href":"https:\/\/www.europesays.com\/fr\/wp-json\/wp\/v2\/comments?post=576466"}],"version-history":[{"count":0,"href":"https:\/\/www.europesays.com\/fr\/wp-json\/wp\/v2\/posts\/576466\/revisions"}],"wp:featuredmedia":[{"embeddable":true,"href":"https:\/\/www.europesays.com\/fr\/wp-json\/wp\/v2\/media\/576467"}],"wp:attachment":[{"href":"https:\/\/www.europesays.com\/fr\/wp-json\/wp\/v2\/media?parent=576466"}],"wp:term":[{"taxonomy":"category","embeddable":true,"href":"https:\/\/www.europesays.com\/fr\/wp-json\/wp\/v2\/categories?post=576466"},{"taxonomy":"post_tag","embeddable":true,"href":"https:\/\/www.europesays.com\/fr\/wp-json\/wp\/v2\/tags?post=576466"}],"curies":[{"name":"wp","href":"https:\/\/api.w.org\/{rel}","templated":true}]}}