{"id":576486,"date":"2025-12-04T01:00:17","date_gmt":"2025-12-04T01:00:17","guid":{"rendered":"https:\/\/www.europesays.com\/fr\/576486\/"},"modified":"2025-12-04T01:00:17","modified_gmt":"2025-12-04T01:00:17","slug":"rugby-il-ma-explose-le-nez-le-tres-mauvais-geste-dun-joueur-star-de-lafrique-du-sud-sur-lun-des-capitaines-du-xv-de-france","status":"publish","type":"post","link":"https:\/\/www.europesays.com\/fr\/576486\/","title":{"rendered":"Rugby\u00a0: \u00ab\u00a0Il m\u2019a explos\u00e9 le nez\u00a0!\u00a0\u00bb Le tr\u00e8s mauvais geste d\u2019un joueur star de l\u2019Afrique du Sud sur l\u2019un des capitaines du XV de France"},"content":{"rendered":"<p>\n                                                                    l&rsquo;essentiel<br \/>\n                                                                Au d\u00e9but des ann\u00e9es 2010, lors d\u2019une rencontre de Top 14 entre Lyon et Toulouse, un incident m\u00e9connu du grand public a gravement bless\u00e9 l\u2019un des capitaines du XV de France.\n                            <\/p>\n<p>C\u2019est le sujet qui revient depuis ce week-end. Samedi soir, le Toulousain Efrain Elias a \u00e9t\u00e9 victime d\u2019un violent coup de t\u00eate ass\u00e9n\u00e9 par son adversaire Janick Tarrit, avant qu\u2019Antoine Hastoy n\u2019\u00e9cope lui aussi d\u2019un carton rouge le lendemain pour un pied haut sur le Palois et champion olympique 2024 Aaron Grandidier. Alors, \u00e0 l\u2019occasion du nouvel \u00e9pisode de Rugby Confidential, Ga\u00ebl Fickou, l\u2019un des capitaines du XV de France, a offert une anecdote sur l\u2019un des coups dont il se souvient encore.<\/p>\n<p class=\"std-elt__inline\">\n        <strong>\u00c0 lire aussi :<\/strong><br \/>\n        <a href=\"https:\/\/www.ladepeche.fr\/2025\/12\/03\/video-rugby-une-faute-qui-nous-coute-tres-cher-un-coequipier-du-joueur-auteur-dun-coup-de-tete-sur-un-toulousain-se-confie-13089131.php\" target=\"_blank\" rel=\"noopener\">VIDEO. Rugby\u00a0: \u00ab\u00a0Une faute qui nous co\u00fbte tr\u00e8s cher\u2026\u00a0\u00bb Un co\u00e9quipier du joueur auteur d\u2019un coup de t\u00eate sur un Toulousain se confie<\/a>\n    <\/p>\n<p>\u00ab\u00a0Moi, \u00e7a m\u2019est arriv\u00e9 \u00e0 Lyon. C\u2019\u00e9tait le neuf sud-africain, Enrico Januarie (joueur de Lyon entre\u00a02011 et\u00a02015). Et en fait, je lui mets un tampon pendant le match. Il \u00e9tait un peu \u00e9nerv\u00e9, je dis\u00a0: &lsquo;reviens&rsquo;. Et \u00e0 un moment, je suis dans un ruck\u00a0au sol, je ne pouvais pas bouger mes mains, j\u2019\u00e9tais bloqu\u00e9.\u00a0Je te promets que c\u2019est vrai\u00a0: il m\u2019a fil\u00e9 un coup de coude. Il m\u2019a explos\u00e9 le nez. C\u2019est la premi\u00e8re fois que je me p\u00e9tais le nez\u00a0\u00bb a lanc\u00e9 celui qui portait les couleurs du Stade Toulousain lors de cet affrontement.<\/p>\n<p>Relanc\u00e9 par ses partenaires de jeu, Ga\u00ebl Fickou indique que l\u2019action n\u2019a pas \u00e9t\u00e9 revue \u00e0 la vid\u00e9o et que Januarie, champion du monde 2017 avec les Springboks, n\u2019a pas \u00e9t\u00e9 sanctionn\u00e9 pour ce geste dangereux. \u00ab\u00a0Je suis rest\u00e9 au sol.\u00a0Moi, trop d\u2019ego, donc je reste au sol deux minutes. Et je me suis dit\u00a0: &lsquo;je ne vais pas sortir&rsquo;. Et j\u2019ai essay\u00e9 de le fumer tout le match, je n\u2019ai pas r\u00e9ussi.\u00a0Il joue neuf, donc, \u00e0 part traverser le ruck\u00a0etc. Mais il m\u2019a fum\u00e9 le nez\u00a0\u00bb a l\u00e2ch\u00e9 l\u2019homme aux 98 s\u00e9lections sous les couleurs du XV de France \u00e0 propos de celui qui, apr\u00e8s avoir termin\u00e9 sa carri\u00e8re \u00e0\u00a0Ch\u00e2teauroux en 2022, a pris les commandes de l\u2019\u00e9quipe de\u00a0Villers-l\u00e8s-Nancy (Meurthe-et-Moselle) en 2024.<\/p>\n","protected":false},"excerpt":{"rendered":"l&rsquo;essentiel Au d\u00e9but des ann\u00e9es 2010, lors d\u2019une rencontre de Top 14 entre Lyon et Toulouse, un incident&hellip;\n","protected":false},"author":2,"featured_media":576487,"comment_status":"","ping_status":"","sticky":false,"template":"","format":"standard","meta":{"footnotes":""},"categories":[1416],"tags":[1011,27,479,1468,68796,517,60,513],"class_list":{"0":"post-576486","1":"post","2":"type-post","3":"status-publish","4":"format-standard","5":"has-post-thumbnail","7":"category-rugby","8":"tag-fr","9":"tag-france","10":"tag-rugby","11":"tag-rugby-football","12":"tag-rugby-u00e0-xv","13":"tag-sport","14":"tag-sports","15":"tag-xv-de-france"},"share_on_mastodon":{"url":"https:\/\/pubeurope.com\/@fr\/115658596249869872","error":""},"_links":{"self":[{"href":"https:\/\/www.europesays.com\/fr\/wp-json\/wp\/v2\/posts\/576486","targetHints":{"allow":["GET"]}}],"collection":[{"href":"https:\/\/www.europesays.com\/fr\/wp-json\/wp\/v2\/posts"}],"about":[{"href":"https:\/\/www.europesays.com\/fr\/wp-json\/wp\/v2\/types\/post"}],"author":[{"embeddable":true,"href":"https:\/\/www.europesays.com\/fr\/wp-json\/wp\/v2\/users\/2"}],"replies":[{"embeddable":true,"href":"https:\/\/www.europesays.com\/fr\/wp-json\/wp\/v2\/comments?post=576486"}],"version-history":[{"count":0,"href":"https:\/\/www.europesays.com\/fr\/wp-json\/wp\/v2\/posts\/576486\/revisions"}],"wp:featuredmedia":[{"embeddable":true,"href":"https:\/\/www.europesays.com\/fr\/wp-json\/wp\/v2\/media\/576487"}],"wp:attachment":[{"href":"https:\/\/www.europesays.com\/fr\/wp-json\/wp\/v2\/media?parent=576486"}],"wp:term":[{"taxonomy":"category","embeddable":true,"href":"https:\/\/www.europesays.com\/fr\/wp-json\/wp\/v2\/categories?post=576486"},{"taxonomy":"post_tag","embeddable":true,"href":"https:\/\/www.europesays.com\/fr\/wp-json\/wp\/v2\/tags?post=576486"}],"curies":[{"name":"wp","href":"https:\/\/api.w.org\/{rel}","templated":true}]}}