{"id":576490,"date":"2025-12-04T01:06:11","date_gmt":"2025-12-04T01:06:11","guid":{"rendered":"https:\/\/www.europesays.com\/fr\/576490\/"},"modified":"2025-12-04T01:06:11","modified_gmt":"2025-12-04T01:06:11","slug":"minimax-cycling-team-leffectif-2026-actualite","status":"publish","type":"post","link":"https:\/\/www.europesays.com\/fr\/576490\/","title":{"rendered":"Minimax Cycling Team : L&rsquo;effectif 2026 &#8211; Actualit\u00e9"},"content":{"rendered":"<p style=\"text-align: justify;\">Minimax Cycling Team, anciennement nomm\u00e9e Baloise Minimax WB, postule \u00e0 la Conti pour la saison 2026. La structure belge comptera ainsi sur un effectif de quatorze \u00e9l\u00e9ments. Dans le sens des d\u00e9parts, L\u00e9a Rondel s&rsquo;est engag\u00e9e avec Winspace Orange Seal, alors qu&rsquo;au rang des arriv\u00e9es, plusieurs coureuses arrivent du niveau sup\u00e9rieur.<\/p>\n<p><strong>L&rsquo;effectif 2026 de Minimax Cycling Team :<\/strong><br \/>Heidi Antikainen, 20 ans (Flying Freelancers &#8211; ZZPR.NL &#8211; WV Schijndel)<br \/>Lauren Bates, 19 ans (Keukens Redant CT)<br \/>Camilla Ranes Bye, 21 ans (Team Coop-Repsol)<br \/>Elo\u00efse Camir\u00e9, 20 ans<br \/>Emilie Fortin, 26 ans (CJ O&rsquo;Shea Racing Team)<br \/>Lilyth Jones, 19 ans (Bendigo Cycling Club)<br \/>Ursula Linden, 24 ans<br \/>Jade Linthoudt, 21 ans (AG Insurance-Soudal NXTG)<br \/>Clara Lundmark, 26 ans (Flying Freelancers &#8211; ZZPR.NL &#8211; WV Schijndel)<br \/>Gwen Nothum, 19 ans (Cycling Team Belco\/Van Eyck)<br \/>Katja Verkerk, 22 ans (Cynisca Cycling)<br \/>Junne Vermeeren, 18 ans<br \/>Manon Viaene, 18 ans (Baloise Minimax WB Ladies Juniors)<br \/>Eleanor Wiseman, 36 ans<\/p>\n<p>Les principaux d\u00e9parts : L\u00e9a Rondel (Winspace Orange Seal), Paquita Derie (Smurfit Westrock Cycling), Rosanne Breugelmans (Velopro-EGS Group-Alphamotorhomes), Est\u00e9e Goossens (Kasseien Fiets Huis), Naomie Julien (Flying Freelancers &#8211; ZZPR.NL &#8211; WV Schijndel), Agata Kowalska (Keukens Redant CT), Zo\u00eb Collie et Ma\u00eblle Michotte (arr\u00eat).<\/p>\n","protected":false},"excerpt":{"rendered":"Minimax Cycling Team, anciennement nomm\u00e9e Baloise Minimax WB, postule \u00e0 la Conti pour la saison 2026. La structure&hellip;\n","protected":false},"author":2,"featured_media":576491,"comment_status":"","ping_status":"","sticky":false,"template":"","format":"standard","meta":{"footnotes":""},"categories":[1411],"tags":[834,828,836,829,837,827,83,826,824,823,1154,207,814,817,815,816,822,821,832,211,839,1011,27,820,818,819,835,831,830,833,838,60,212,208,825],"class_list":{"0":"post-576490","1":"post","2":"type-post","3":"status-publish","4":"format-standard","5":"has-post-thumbnail","7":"category-cyclisme","8":"tag-attaque","9":"tag-belgique","10":"tag-braquet","11":"tag-bretagne","12":"tag-chute","13":"tag-competition","14":"tag-coupe-de-france","15":"tag-coureur","16":"tag-course-cyclisme","17":"tag-course-cycliste","18":"tag-cycling","19":"tag-cyclisme","20":"tag-direct","21":"tag-direct-velo","22":"tag-directvelo","23":"tag-directvelo-com","24":"tag-epreuve","25":"tag-epreuve-cycliste","26":"tag-federation-francaise-de-cyclisme","27":"tag-ffc","28":"tag-flandres","29":"tag-fr","30":"tag-france","31":"tag-live","32":"tag-live-course","33":"tag-live-epreuve","34":"tag-peloton","35":"tag-radio-peloton","36":"tag-radio-tour","37":"tag-ravitaillement","38":"tag-relance","39":"tag-sports","40":"tag-uci","41":"tag-velo","42":"tag-velos"},"share_on_mastodon":{"url":"https:\/\/pubeurope.com\/@fr\/115658619895035777","error":""},"_links":{"self":[{"href":"https:\/\/www.europesays.com\/fr\/wp-json\/wp\/v2\/posts\/576490","targetHints":{"allow":["GET"]}}],"collection":[{"href":"https:\/\/www.europesays.com\/fr\/wp-json\/wp\/v2\/posts"}],"about":[{"href":"https:\/\/www.europesays.com\/fr\/wp-json\/wp\/v2\/types\/post"}],"author":[{"embeddable":true,"href":"https:\/\/www.europesays.com\/fr\/wp-json\/wp\/v2\/users\/2"}],"replies":[{"embeddable":true,"href":"https:\/\/www.europesays.com\/fr\/wp-json\/wp\/v2\/comments?post=576490"}],"version-history":[{"count":0,"href":"https:\/\/www.europesays.com\/fr\/wp-json\/wp\/v2\/posts\/576490\/revisions"}],"wp:featuredmedia":[{"embeddable":true,"href":"https:\/\/www.europesays.com\/fr\/wp-json\/wp\/v2\/media\/576491"}],"wp:attachment":[{"href":"https:\/\/www.europesays.com\/fr\/wp-json\/wp\/v2\/media?parent=576490"}],"wp:term":[{"taxonomy":"category","embeddable":true,"href":"https:\/\/www.europesays.com\/fr\/wp-json\/wp\/v2\/categories?post=576490"},{"taxonomy":"post_tag","embeddable":true,"href":"https:\/\/www.europesays.com\/fr\/wp-json\/wp\/v2\/tags?post=576490"}],"curies":[{"name":"wp","href":"https:\/\/api.w.org\/{rel}","templated":true}]}}