{"id":576492,"date":"2025-12-04T01:07:12","date_gmt":"2025-12-04T01:07:12","guid":{"rendered":"https:\/\/www.europesays.com\/fr\/576492\/"},"modified":"2025-12-04T01:07:12","modified_gmt":"2025-12-04T01:07:12","slug":"lourde-sanction-de-la-lfp-le-kop-nord-ferme-pour-2-matchs","status":"publish","type":"post","link":"https:\/\/www.europesays.com\/fr\/576492\/","title":{"rendered":"Lourde sanction de la LFP, le Kop Nord ferm\u00e9 pour 2 matchs !"},"content":{"rendered":"<p><strong>Comme chaque mercredi soir, la Commission de Discipline de la Ligue de Football Professionnel (LFP) s&rsquo;est r\u00e9unie. Plusieurs dossiers ont \u00e9t\u00e9 \u00e9tudi\u00e9s. Voici les d\u00e9cisions prises ce mercredi 3 d\u00e9cembre 2025.<\/strong><\/p>\n<p>Pour rappel, la Commission de Discipline est pr\u00e9sid\u00e9e par S\u00e9bastien\u00a0DENEUX. <a href=\"https:\/\/www.lfp.fr\/commissions\" target=\"_blank\" rel=\"noopener\">Elle a notamment pour mission de<\/a> :<\/p>\n<ul>\n<li>relever et sanctionner les manquements \u00e0 la discipline des joueurs, des entra\u00eeneurs et des dirigeants et de toutes autres personnes accomplissant une mission permanente au sein d\u2019un club ou au sein de la LFP ;<\/li>\n<li>\u00e9valuer le degr\u00e9 de responsabilit\u00e9 des clubs pour tout incident survenu ou toute infraction aux r\u00e8glements constat\u00e9e et rapport\u00e9e par un officiel mandat\u00e9 par la Ligue de football professionnel dans l\u2019enceinte des stades ;<\/li>\n<\/ul>\n<p>Dans ce cadre, la Commission de Discipline s&rsquo;est r\u00e9unie ce mercredi et vient de publier ses d\u00e9cisions.<\/p>\n<p>L\u2019ASSE \u00e9tait sous la menace suite \u00e0 l\u2019utilisation d\u2019engins pyrotechniques face \u00e0 Nancy, en Kop Nord.<\/p>\n<p>L\u2019ASSE lourdement sanctionn\u00e9e<\/p>\n<p>\u00ab\u00a0<strong>15e journ\u00e9e de Ligue 2 BKT : AS Saint-\u00c9tienne \u2013 AS Nancy-Lorraine du samedi 22 novembre 2025<\/strong><br \/><strong>Comportement des supporters de l\u2019AS Saint-\u00c9tienne : usage d&rsquo;engins pyrotechniques et expressions orales constat\u00e9es<\/strong><\/p>\n<p>Fermeture partielle pour deux matchs fermes dont un par r\u00e9vocation du sursis de la partie basse de La Tribune Charles Paret du stade Geoffroy-Guichard.<\/p>\n<p>La sanction prend effet imm\u00e9diatement.\u00a0\u00bb<\/p>\n<p>Le stade Geoffroy Guichard sera donc priv\u00e9 de son Kop Nord pour les r\u00e9ceptions de Bastia et Clermont ou d\u2019un \u00e9ventuel seizi\u00e8me de finale de Coupe de France.<\/p>\n","protected":false},"excerpt":{"rendered":"Comme chaque mercredi soir, la Commission de Discipline de la Ligue de Football Professionnel (LFP) s&rsquo;est r\u00e9unie. Plusieurs&hellip;\n","protected":false},"author":2,"featured_media":576493,"comment_status":"","ping_status":"","sticky":false,"template":"","format":"standard","meta":{"footnotes":""},"categories":[1410],"tags":[63,1011,27,60],"class_list":{"0":"post-576492","1":"post","2":"type-post","3":"status-publish","4":"format-standard","5":"has-post-thumbnail","7":"category-football","8":"tag-football","9":"tag-fr","10":"tag-france","11":"tag-sports"},"share_on_mastodon":{"url":"https:\/\/pubeurope.com\/@fr\/115658623917558022","error":""},"_links":{"self":[{"href":"https:\/\/www.europesays.com\/fr\/wp-json\/wp\/v2\/posts\/576492","targetHints":{"allow":["GET"]}}],"collection":[{"href":"https:\/\/www.europesays.com\/fr\/wp-json\/wp\/v2\/posts"}],"about":[{"href":"https:\/\/www.europesays.com\/fr\/wp-json\/wp\/v2\/types\/post"}],"author":[{"embeddable":true,"href":"https:\/\/www.europesays.com\/fr\/wp-json\/wp\/v2\/users\/2"}],"replies":[{"embeddable":true,"href":"https:\/\/www.europesays.com\/fr\/wp-json\/wp\/v2\/comments?post=576492"}],"version-history":[{"count":0,"href":"https:\/\/www.europesays.com\/fr\/wp-json\/wp\/v2\/posts\/576492\/revisions"}],"wp:featuredmedia":[{"embeddable":true,"href":"https:\/\/www.europesays.com\/fr\/wp-json\/wp\/v2\/media\/576493"}],"wp:attachment":[{"href":"https:\/\/www.europesays.com\/fr\/wp-json\/wp\/v2\/media?parent=576492"}],"wp:term":[{"taxonomy":"category","embeddable":true,"href":"https:\/\/www.europesays.com\/fr\/wp-json\/wp\/v2\/categories?post=576492"},{"taxonomy":"post_tag","embeddable":true,"href":"https:\/\/www.europesays.com\/fr\/wp-json\/wp\/v2\/tags?post=576492"}],"curies":[{"name":"wp","href":"https:\/\/api.w.org\/{rel}","templated":true}]}}