{"id":576497,"date":"2025-12-04T01:11:14","date_gmt":"2025-12-04T01:11:14","guid":{"rendered":"https:\/\/www.europesays.com\/fr\/576497\/"},"modified":"2025-12-04T01:11:14","modified_gmt":"2025-12-04T01:11:14","slug":"le-medecin-qui-fournissait-de-la-ketamine-a-la-star-de-friends-matthew-perry-condamne-a-30-mois-de-prison","status":"publish","type":"post","link":"https:\/\/www.europesays.com\/fr\/576497\/","title":{"rendered":"Le m\u00e9decin qui fournissait de la k\u00e9tamine \u00e0 la star de \u00ab\u00a0Friends\u00a0\u00bb Matthew Perry condamn\u00e9 \u00e0 30 mois de prison"},"content":{"rendered":"<ul class=\"jsx-862013697 ArticleChapo__List\">\n<li class=\"jsx-862013697 ArticleChapo__List_Item flex\">Le m\u00e9decin qui a nourri l&rsquo;addiction \u00e0 la k\u00e9tamine de Matthew Perry, d\u00e9c\u00e9d\u00e9 d&rsquo;une overdose en octobre 2023, a \u00e9t\u00e9 condamn\u00e9 ce mercredi \u00e0 30 mois de prison.<\/li>\n<li class=\"jsx-862013697 ArticleChapo__List_Item flex\">Il est l&rsquo;un des principaux responsables de ce drame, pour lequel cinq personnes sont poursuivies.<\/li>\n<\/ul>\n<p><a href=\"https:\/\/www.tf1info.fr\/actualite\/etats-unis-matthew-perry-acteur-emblematique-de-la-serie-friends-est-mort-13480\/\" rel=\"noopener\" class=\"jsx-484472199 Link jsx-1428418400 jsx-798756813\" target=\"_blank\"><\/p>\n<p style=\"font-weight:400\" class=\"jsx-1837267516\">Suivez la couverture compl\u00e8te<\/p>\n<p style=\"font-weight:800\" class=\"jsx-1837267516\">Matthew Perry, acteur embl\u00e9matique de la s\u00e9rie \u00ab\u00a0Friends\u00a0\u00bb, est mort<\/p>\n<p><\/a><\/p>\n<p data-module=\"article-paragraph\" class=\"jsx-3046738180 Paragraph\">Il est le premier \u00e0 \u00eatre condamn\u00e9 \u00e0 de la prison. Le m\u00e9decin qui a nourri l&rsquo;addiction \u00e0 la k\u00e9tamine de <a href=\"https:\/\/www.tf1info.fr\/culture\/la-ketamine-queen-soupconnee-d-avoir-vendu-la-drogue-ayant-cause-la-mort-de-matthew-perry-plaide-coupable-2392527.html\" target=\"_blank\" rel=\"noopener\">Matthew Perry (nouvelle fen\u00eatre)<\/a>, acteur de la s\u00e9rie \u00ab\u00a0Friends\u00a0\u00bb d\u00e9c\u00e9d\u00e9 d&rsquo;une overdose en octobre 2023, a \u00e9t\u00e9 condamn\u00e9 mercredi \u00e0 30 mois de prison.<\/p>\n<p data-module=\"article-paragraph\" class=\"jsx-3046738180 Paragraph Paragraph__End\">Le docteur Salvador Plasencia est l&rsquo;un des principaux responsables de ce drame pour lequel cinq personnes sont poursuivies. Il n&rsquo;a pas fourni la k\u00e9tamine qui a tu\u00e9 l&rsquo;acteur mais a reconnu lui avoir vendu une vingtaine de flacons de cet anesth\u00e9siant hautement r\u00e9glement\u00e9 dans les semaines pr\u00e9c\u00e9dant sa mort.<\/p>\n<p data-module=\"article-paragraph\" class=\"jsx-3046738180 Paragraph\">Selon l&rsquo;accusation, c&rsquo;est lui qui a organis\u00e9 l'\u00a0\u00bbexploitation\u00a0\u00bb de Matthew Perry, apr\u00e8s la rechute de la star dans ses probl\u00e8mes d&rsquo;addiction \u00e0 l&rsquo;automne 2023. \u00ab\u00a0Je me demande combien ce cr\u00e9tin va payer\u00a0\u00bb, a \u00e9crit M. Plasencia \u00e0 un autre m\u00e9decin aupr\u00e8s duquel il se fournissait en k\u00e9tamine, selon un SMS exhum\u00e9 par les enqu\u00eateurs. Les flacons de k\u00e9tamine co\u00fbtaient environ 12 dollars aux m\u00e9decins impliqu\u00e9s, mais \u00e9taient revendus \u00ab\u00a02.000 dollars\u00a0\u00bb \u00e0 l&rsquo;acteur, selon les autorit\u00e9s.<\/p>\n<p data-module=\"article-paragraph\" class=\"jsx-3046738180 Paragraph Paragraph__End\">Matthew Perry prenait initialement de la k\u00e9tamine de mani\u00e8re supervis\u00e9e dans le cadre de sessions de th\u00e9rapie contre la d\u00e9pression. Mais cet anesth\u00e9siant l\u00e9gal, d\u00e9tourn\u00e9 par de nombreux f\u00eatards pour ses propri\u00e9t\u00e9s stimulantes ou euphorisantes, l&rsquo;a progressivement rendu accro. Au sein du petit r\u00e9seau qui a exploit\u00e9 les faiblesses de l&rsquo;acteur, le Dr Plasencia a agi \u00ab\u00a0sans but m\u00e9dical l\u00e9gitime\u00a0\u00bb, d&rsquo;apr\u00e8s l&rsquo;accusation. Il injectait parfois lui-m\u00eame la k\u00e9tamine \u00e0 l&rsquo;acteur, \u00e0 son domicile.\u00a0<\/p>\n<p><a href=\"https:\/\/www.tf1info.fr\/culture\/mort-de-matthew-perry-on-la-surnomme-la-ketamine-queen-qui-est-jasveen-sangha-la-dealeuse-presumee-de-l-acteur-2389511.html\" rel=\"noopener\" class=\"jsx-3308031228 Link flex\" target=\"_blank\"><img decoding=\"async\" src=\"https:\/\/www.europesays.com\/fr\/wp-content\/uploads\/2025\/12\/matthew-perry-et-jasveen-sangha-63aaef-0@1x.jpeg\" alt=\"AFP \/ Instagram Jasveen_S\" loading=\"lazy\" importance=\"low\" fetchpriority=\"low\" class=\"\" aria-hidden=\"true\"\/><\/p>\n<p class=\"jsx-3657663356 ReadMoreArticle__Title\">Lire aussi<\/p>\n<p class=\"jsx-3657663356\">On la surnomme la \u00ab\u00a0Ketamine Queen\u00a0\u00bb : qui est Jasveen Sangha, la dealeuse pr\u00e9sum\u00e9e de Matthew Perry ?<\/p>\n<p><\/a><\/p>\n<p data-module=\"article-paragraph\" class=\"jsx-3046738180 Paragraph Paragraph__End\">Lors d&rsquo;un de ces rendez-vous, la pression art\u00e9rielle de Matthew Perry \u00ab\u00a0a augment\u00e9, provoquant une paralysie\u00a0\u00bb du com\u00e9dien, selon l&rsquo;enqu\u00eate. Un \u00e9pisode qui n&rsquo;a pas emp\u00each\u00e9 le m\u00e9decin de laisser plusieurs flacons suppl\u00e9mentaires \u00e0 l&rsquo;assistant de la star.<\/p>\n<p>Antoine LLORCA avec AFP<\/p>\n","protected":false},"excerpt":{"rendered":"Le m\u00e9decin qui a nourri l&rsquo;addiction \u00e0 la k\u00e9tamine de Matthew Perry, d\u00e9c\u00e9d\u00e9 d&rsquo;une overdose en octobre 2023,&hellip;\n","protected":false},"author":2,"featured_media":576498,"comment_status":"","ping_status":"","sticky":false,"template":"","format":"standard","meta":{"footnotes":""},"categories":[1356],"tags":[69066,1111,11,1921,650,58,59,69067,73,1011,27,1922,45239,2041,4280,252,1364,133,2040],"class_list":{"0":"post-576497","1":"post","2":"type-post","3":"status-publish","4":"format-standard","5":"has-post-thumbnail","7":"category-television","8":"tag-acteur-emblematique-de-la-serie-friends","9":"tag-actu","10":"tag-actualites","11":"tag-article-video","12":"tag-cinema","13":"tag-divertissement","14":"tag-entertainment","15":"tag-est-mort","16":"tag-etats-unis","17":"tag-fr","18":"tag-france","19":"tag-info","20":"tag-matthew-perry","21":"tag-medias-et-divertissement","22":"tag-series-tele","23":"tag-television","24":"tag-tv","25":"tag-video","26":"tag-video-culture"},"share_on_mastodon":{"url":"https:\/\/pubeurope.com\/@fr\/115658640286006122","error":""},"_links":{"self":[{"href":"https:\/\/www.europesays.com\/fr\/wp-json\/wp\/v2\/posts\/576497","targetHints":{"allow":["GET"]}}],"collection":[{"href":"https:\/\/www.europesays.com\/fr\/wp-json\/wp\/v2\/posts"}],"about":[{"href":"https:\/\/www.europesays.com\/fr\/wp-json\/wp\/v2\/types\/post"}],"author":[{"embeddable":true,"href":"https:\/\/www.europesays.com\/fr\/wp-json\/wp\/v2\/users\/2"}],"replies":[{"embeddable":true,"href":"https:\/\/www.europesays.com\/fr\/wp-json\/wp\/v2\/comments?post=576497"}],"version-history":[{"count":0,"href":"https:\/\/www.europesays.com\/fr\/wp-json\/wp\/v2\/posts\/576497\/revisions"}],"wp:featuredmedia":[{"embeddable":true,"href":"https:\/\/www.europesays.com\/fr\/wp-json\/wp\/v2\/media\/576498"}],"wp:attachment":[{"href":"https:\/\/www.europesays.com\/fr\/wp-json\/wp\/v2\/media?parent=576497"}],"wp:term":[{"taxonomy":"category","embeddable":true,"href":"https:\/\/www.europesays.com\/fr\/wp-json\/wp\/v2\/categories?post=576497"},{"taxonomy":"post_tag","embeddable":true,"href":"https:\/\/www.europesays.com\/fr\/wp-json\/wp\/v2\/tags?post=576497"}],"curies":[{"name":"wp","href":"https:\/\/api.w.org\/{rel}","templated":true}]}}