{"id":576504,"date":"2025-12-04T01:15:17","date_gmt":"2025-12-04T01:15:17","guid":{"rendered":"https:\/\/www.europesays.com\/fr\/576504\/"},"modified":"2025-12-04T01:15:17","modified_gmt":"2025-12-04T01:15:17","slug":"un-horizon-degage-pour-les-bleus","status":"publish","type":"post","link":"https:\/\/www.europesays.com\/fr\/576504\/","title":{"rendered":"un horizon d\u00e9gag\u00e9 pour les Bleus"},"content":{"rendered":"<p>\n    Le tirage au sort du prochain Mondial a r\u00e9serv\u00e9 au XV de France un premier tour, un huiti\u00e8me et un quart de finale abordables.<\/p>\n<p class=\"fig-paragraph\">La 11e Coupe du monde de rugby, qui se d\u00e9roulera en Australie du 1er\u00a0octobre au 13\u00a0novembre 2027, est devenue, ce mercredi, une r\u00e9alit\u00e9 plus facilement identifiable. \u00c0 l\u2019occasion du tirage au sort de la phase de poules,\u00a0<a href=\"http:\/\/www.lefigaro.fr\/sports\/rugby\/coupe-du-monde\/xv-de-france-notre-ambition-c-est-d-etre-champion-du-monde-martele-fabien-galthie-20251203\" data-fig-type=\"NewsFlash\" data-gtm-custom-categorie=\"navigation\" data-gtm-custom-action=\"crossclick\" data-gtm-custom-label=\"Contextuel\" data-gtm-event=\"customEventSPE\" data-fig-domain=\"LEFIGARO\" target=\"_blank\" rel=\"noopener\">les Bleus de Fabien Galthi\u00e9<\/a>\u00a0sont d\u00e9sormais fix\u00e9s sur leur sort\u00a0: ils affronteront le Japon (12e au classement mondial), les \u00c9tats-Unis (16es) et les Samoa (19es). Un premier tour des plus abordables.<\/p>\n<p>                                            Une autoroute vers les demi-finales<\/p>\n<p class=\"fig-paragraph\">Cette fois, pas de mauvaise surprise. En 2023, l\u2019\u00e9quipe de France, qui n\u2019\u00e9tait pas t\u00eate de s\u00e9rie, avait h\u00e9rit\u00e9 d\u2019un sacr\u00e9 morceau d\u2019entr\u00e9e\u00a0: la Nouvelle-Z\u00e9lande, qu\u2019elle avait battue au Stade de France en ouverture de \u00ab\u00a0sa\u00a0\u00bb Coupe du monde. Mais, \u00e0 partir du classement mondial \u00e9tabli \u00e0 l\u2019issue de la derni\u00e8re tourn\u00e9e de novembre, le XV de France \u00e9tait cette fois parmi les six t\u00eates de s\u00e9rie et a \u00e9t\u00e9 verni au tirage avec trois premiers adversaires largement \u00e0 sa port\u00e9e. Les Bleus n\u2019ont jamais perdu en Coupe du monde contre le Japon (2003 et 2011) et les \u00c9tats-Unis\u2026<\/p>\n<p class=\"fig-premium-paywall__infos\">\n        Cet article est r\u00e9serv\u00e9 aux abonn\u00e9s.        Il vous reste 80% \u00e0 d\u00e9couvrir.\n    <\/p>\n<p>                <img  data- alt=\"Le Figaro\" class=\"fig-img--complete fig-img\"\/><\/p>\n<p class=\"fig-premium-paywall__title\">Vous avez envie de lire la suite ?<\/p>\n<p class=\"fig-premium-paywall__subtitle\">D\u00e9bloquez tous les articles imm\u00e9diatement.<\/p>\n<p class=\"fig-premium-paywall__connect\">\n                D\u00e9j\u00e0 abonn\u00e9\u00a0?                <a class=\"fig-premium-paywall__connect-link\" href=\"https:\/\/connect.lefigaro.fr\/login?client=horizon_web&amp;type=main&amp;redirect_uri=https%3A%2F%2Fwww.lefigaro.fr%2Fsports%2Frugby%2Fxv-de-france%2Fcoupe-du-monde-de-rugby-2027-un-horizon-degage-pour-les-bleus-20251203\" data-js-gtm=\"{&quot;customCategorie&quot;: &quot;conversion&quot;, &quot;customAction&quot;: &quot;before_Landing_Connexion_paywall_auto&quot;, &quot;customLabel&quot;: &quot;bGVmaWdhcm8uZnJfXzFmMGQwNGViLWUxY2ItNjc2Ni1iOWE2LTUzNWE4ZDFhM2I4ZV9fQXJ0aWNsZQ==_Coupe du monde de rugby 2027\u00a0: un horizon d\u00e9gag\u00e9 pour les Bleus_576&quot;, &quot;customIDSPE&quot;: &quot;bGVmaWdhcm8uZnJfXzFmMGQwNGViLWUxY2ItNjc2Ni1iOWE2LTUzNWE4ZDFhM2I4ZV9fQXJ0aWNsZQ==&quot;, &quot;event&quot;: &quot;customEventSPE&quot;}\" target=\"_blank\" rel=\"noopener\"><br \/>\n                    Connectez-vous<br \/>\n                <\/a>\n            <\/p>\n","protected":false},"excerpt":{"rendered":"Le tirage au sort du prochain Mondial a r\u00e9serv\u00e9 au XV de France un premier tour, un huiti\u00e8me&hellip;\n","protected":false},"author":2,"featured_media":576505,"comment_status":"","ping_status":"","sticky":false,"template":"","format":"standard","meta":{"footnotes":""},"categories":[9],"tags":[39070,515,1011,27,60],"class_list":{"0":"post-576504","1":"post","2":"type-post","3":"status-publish","4":"format-standard","5":"has-post-thumbnail","7":"category-sports","8":"tag-coupe-du-monde-de-rugby","9":"tag-fabien-galthie","10":"tag-fr","11":"tag-france","12":"tag-sports"},"share_on_mastodon":{"url":"https:\/\/pubeurope.com\/@fr\/115658655311087325","error":""},"_links":{"self":[{"href":"https:\/\/www.europesays.com\/fr\/wp-json\/wp\/v2\/posts\/576504","targetHints":{"allow":["GET"]}}],"collection":[{"href":"https:\/\/www.europesays.com\/fr\/wp-json\/wp\/v2\/posts"}],"about":[{"href":"https:\/\/www.europesays.com\/fr\/wp-json\/wp\/v2\/types\/post"}],"author":[{"embeddable":true,"href":"https:\/\/www.europesays.com\/fr\/wp-json\/wp\/v2\/users\/2"}],"replies":[{"embeddable":true,"href":"https:\/\/www.europesays.com\/fr\/wp-json\/wp\/v2\/comments?post=576504"}],"version-history":[{"count":0,"href":"https:\/\/www.europesays.com\/fr\/wp-json\/wp\/v2\/posts\/576504\/revisions"}],"wp:featuredmedia":[{"embeddable":true,"href":"https:\/\/www.europesays.com\/fr\/wp-json\/wp\/v2\/media\/576505"}],"wp:attachment":[{"href":"https:\/\/www.europesays.com\/fr\/wp-json\/wp\/v2\/media?parent=576504"}],"wp:term":[{"taxonomy":"category","embeddable":true,"href":"https:\/\/www.europesays.com\/fr\/wp-json\/wp\/v2\/categories?post=576504"},{"taxonomy":"post_tag","embeddable":true,"href":"https:\/\/www.europesays.com\/fr\/wp-json\/wp\/v2\/tags?post=576504"}],"curies":[{"name":"wp","href":"https:\/\/api.w.org\/{rel}","templated":true}]}}