{"id":576511,"date":"2025-12-04T01:19:14","date_gmt":"2025-12-04T01:19:14","guid":{"rendered":"https:\/\/www.europesays.com\/fr\/576511\/"},"modified":"2025-12-04T01:19:14","modified_gmt":"2025-12-04T01:19:14","slug":"donald-trump-filme-en-train-de-somnoler-plusieurs-fois-en-reunion-les-doutes-sur-son-etat-de-sante-se-reveillent-liberation","status":"publish","type":"post","link":"https:\/\/www.europesays.com\/fr\/576511\/","title":{"rendered":"Donald Trump film\u00e9 en train de somnoler plusieurs fois en r\u00e9union, les doutes sur son \u00e9tat de sant\u00e9 se r\u00e9veillent \u2013 Lib\u00e9ration"},"content":{"rendered":"<p class=\"sc-cPiKLX AiZTS text-element\">Il raillait son pr\u00e9d\u00e9cesseur, l\u2019appelant volontiers \u00abJoe l\u2019endormi\u00bb. Mais c\u2019est d\u00e9sormais \u00abDonald l\u2019endormi\u00bb qui est moqu\u00e9. Mardi, le r\u00e9publicain de 79\u00a0ans a sembl\u00e9 lutter contre le sommeil en Conseil des ministres. Pr\u00e9sident le plus \u00e2g\u00e9 \u00e0 pr\u00eater serment de l\u2019histoire des Etats-Unis, Donald Trump a ferm\u00e9 les yeux \u00e0 plusieurs reprises et pendant de longues secondes au cours de cette r\u00e9union ouverte \u00e0 la presse.<\/p>\n<p class=\"sc-cPiKLX AiZTS text-element\">L\u2019incident, largement comment\u00e9,<a href=\"https:\/\/www.liberation.fr\/international\/amerique\/diminution-des-apparitions-publiques-hematome-irm-la-sante-de-donald-trump-remise-en-question-par-le-new-york-times-20251126_WCATDOKSM5EDHB6Z5HCPRZYRCY\/\" target=\"_blank\" rel=\"noopener\" title=\"https:\/\/www.liberation.fr\/international\/amerique\/diminution-des-apparitions-publiques-hematome-irm-la-sante-de-donald-trump-remise-en-question-par-le-new-york-times-20251126_WCATDOKSM5EDHB6Z5HCPRZYRCY\/\"> replace les questions sur la sant\u00e9 du presque octog\u00e9naire au c\u0153ur du d\u00e9bat public<\/a>, alors m\u00eame qu\u2019il avait lui-m\u00eame balay\u00e9 d\u2019un revers de la main de telles pr\u00e9occupations la veille &#8211; comme la Maison Blanche le fait cette fois-ci. \u00abLe pr\u00e9sident Trump \u00e9coutait attentivement et a men\u00e9 ce conseil des ministres marathon pendant l\u2019enti\u00e8ret\u00e9 des trois heures\u00bb, a affirm\u00e9 la porte-parole de l\u2019ex\u00e9cutif, Karoline Leavitt, dans un communiqu\u00e9 ce mercredi 3\u00a0d\u00e9cembre.<\/p>\n<p class=\"sc-cPiKLX AiZTS text-element\">Au d\u00e9but de la r\u00e9union, Donald Trump avait lui-m\u00eame moqu\u00e9 l\u2019id\u00e9e qu\u2019il \u00e9tait \u00e0 court d\u2019\u00e9nergie. \u00abVous trouvez toujours quelque chose de nouveau, du genre \u2018\u2019est-il en bonne sant\u00e9\u00a0? Biden \u00e9tait super mais est-ce que Trump est bonne sant\u00e9\u00a0?\u2019\u2019\u00bb, a-t-il lanc\u00e9 aux journalistes pr\u00e9sents, les qualifiant de \u00abdingues\u00bb.<\/p>\n<p class=\"sc-cPiKLX AiZTS text-element\">\u00abJe vous le dirai quand quelque chose ne va pas\u00bb, a-t-il ensuite assur\u00e9. \u00abUn jour \u00e7a arrivera \u00e0 tout le monde, mais pour le moment je pense que je suis plus vif que je ne l\u2019\u00e9tais il y a 25\u00a0ans.\u00bb Quelques minutes plus tard, le pr\u00e9sident pouvait \u00eatre aper\u00e7u avec les paupi\u00e8res lourdes, rouvrant les yeux entre deux compliments de ministres \u00e0 son \u00e9gard, avant de les refermer.<\/p>\n<p class=\"sc-cPiKLX AiZTS text-element\">Le mois dernier, lors d\u2019un \u00e9v\u00e9nement \u00e9galement ouvert \u00e0 la presse dans le Bureau ovale de la Maison Blanche, Donald Trump avait d\u00e9j\u00e0 sembl\u00e9 au bord de l\u2019assoupissement, enfonc\u00e9 profond\u00e9ment dans son fauteuil.<\/p>\n<p class=\"sc-cPiKLX AiZTS text-element\">L\u2019attention sur la sant\u00e9 du milliardaire r\u00e9publicain, qui f\u00eatera ses 80\u00a0ans en juin, n\u2019a fait que s\u2019intensifier fin novembre avec la publication d\u2019un article du <a href=\"https:\/\/www.nytimes.com\/2025\/11\/25\/us\/politics\/trump-age-health.html\" target=\"_blank\" rel=\"noopener\" title=\"https:\/\/www.nytimes.com\/2025\/11\/25\/us\/politics\/trump-age-health.html\">New York Times<\/a>. \u00abJourn\u00e9es plus courtes, signes de fatigue\u00a0: Trump confront\u00e9 aux r\u00e9alit\u00e9s du vieillissement au pouvoir\u00bb, titrait l\u2019article, qui soulignait combien le pr\u00e9sident a \u00abtoujours utilis\u00e9 son endurance et son \u00e9nergie comme atouts politiques\u00bb. Compar\u00e9 aux 10 premiers mois de son premier mandat en\u00a02017, le nombre d\u2019\u00e9v\u00e8nements publics et de d\u00e9placements dans le pays, ainsi que <a href=\"https:\/\/www.liberation.fr\/international\/amerique\/diminution-des-apparitions-publiques-hematome-irm-la-sante-de-donald-trump-remise-en-question-par-le-new-york-times-20251126_WCATDOKSM5EDHB6Z5HCPRZYRCY\/\" target=\"_blank\" rel=\"noreferrer noopener\" title=\"https:\/\/www.liberation.fr\/international\/amerique\/diminution-des-apparitions-publiques-hematome-irm-la-sante-de-donald-trump-remise-en-question-par-le-new-york-times-20251126_WCATDOKSM5EDHB6Z5HCPRZYRCY\/\">le nombre d\u2019heures de travail du pr\u00e9sident ont fortement baiss\u00e9<\/a>, rapporte le quotidien am\u00e9ricain.<\/p>\n<p class=\"sc-cPiKLX AiZTS text-element\">Donald Trump s\u2019est emport\u00e9 contre un \u00abarticle \u00e0 charge\u00bb tandis que sa porte-parole, Karoline Leavitt, a brandi lors d\u2019une conf\u00e9rence de presse cette semaine des articles pass\u00e9s du New York Times, minimisant selon elle les probl\u00e8mes de sant\u00e9 de Joe Biden pendant son mandat. La col\u00e8re au sein de la Maison Blanche est aliment\u00e9e par ce qu\u2019ils consid\u00e8rent comme une volont\u00e9 g\u00e9n\u00e9ralis\u00e9e des m\u00e9dias d\u2019\u00e9touffer toute remise en question des capacit\u00e9s physiques et cognitives du pr\u00e9sident d\u00e9mocrate, qui a quitt\u00e9 le pouvoir \u00e0 82\u00a0ans.<\/p>\n<p class=\"sc-cPiKLX AiZTS text-element\">Le milliardaire r\u00e9publicain, de retour au pouvoir apr\u00e8s une campagne marqu\u00e9e par ses meetings o\u00f9 il haranguait la foule pendant des heures, adore justement jouer de comparaison avec son rival. Joe Biden avait renonc\u00e9 \u00e0 se pr\u00e9senter \u00e0 sa r\u00e9\u00e9lection <a href=\"https:\/\/www.liberation.fr\/international\/amerique\/debat-desastreux-de-joe-biden-les-democrates-peuvent-ils-changer-de-candidat-20240628_3QPQJAUPVNG5HORCEQYIWOG5HM\/\" target=\"_blank\" rel=\"noopener\" title=\"https:\/\/www.liberation.fr\/international\/amerique\/debat-desastreux-de-joe-biden-les-democrates-peuvent-ils-changer-de-candidat-20240628_3QPQJAUPVNG5HORCEQYIWOG5HM\/\">apr\u00e8s une performance d\u00e9sastreuse \u00e0 un d\u00e9bat<\/a> et des pressions internes.<\/p>\n<p class=\"sc-cPiKLX AiZTS text-element\">La sant\u00e9 du pr\u00e9sident de la premi\u00e8re puissance mondiale est toujours un sujet de la premi\u00e8re importance, et c\u2019est aujourd\u2019hui au tour de Donald Trump d\u2019\u00eatre le sujet des discussions. Les animateurs de talk-shows \u00e0 la t\u00e9l\u00e9vision am\u00e9ricaine n\u2019ont pas manqu\u00e9 de le railler mardi soir. L\u2019une de ses b\u00eates noires, <a href=\"https:\/\/www.liberation.fr\/international\/amerique\/de-retour-a-lantenne-jimmy-kimmel-defend-la-liberte-dexpression-face-aux-pressions-de-donald-trump-20250924_JOK6IZSRIZC3LKCVFHDCIE2CS4\/\" target=\"_blank\" rel=\"noreferrer noopener\" title=\"https:\/\/www.liberation.fr\/international\/amerique\/de-retour-a-lantenne-jimmy-kimmel-defend-la-liberte-dexpression-face-aux-pressions-de-donald-trump-20250924_JOK6IZSRIZC3LKCVFHDCIE2CS4\/\">Jimmy Kimmel<\/a>, a notamment montr\u00e9 les images du pr\u00e9sident les yeux clos lors du conseil des ministres. \u00abRappelle-nous \u00e0 quel point Joe est endormi, veux-tu\u00a0?\u00bb, a lanc\u00e9 d\u2019un ton moqueur l\u2019animateur d\u2019ABC.<\/p>\n<p class=\"sc-cPiKLX AiZTS text-element\">Les tentatives de Donald Trump et de la Maison Blanche de rejeter tout de go l\u2019id\u00e9e d\u2019une baisse de forme ne sont pas aid\u00e9es par les critiques r\u00e9currentes sur un manque de transparence autour de sa sant\u00e9. Apr\u00e8s des questions persistantes sur la raison pour laquelle le pr\u00e9sident avait pass\u00e9 une IRM \u00e0 l\u2019h\u00f4pital en octobre, son m\u00e9decin officiel a finalement communiqu\u00e9 cette semaine que l\u2019examen \u00e9tait \u00abpr\u00e9ventif\u00bb et avait d\u00e9montr\u00e9 une \u00abexcellente\u00bb sant\u00e9 cardiovasculaire du pr\u00e9sident.<\/p>\n","protected":false},"excerpt":{"rendered":"Il raillait son pr\u00e9d\u00e9cesseur, l\u2019appelant volontiers \u00abJoe l\u2019endormi\u00bb. Mais c\u2019est d\u00e9sormais \u00abDonald l\u2019endormi\u00bb qui est moqu\u00e9. Mardi, le&hellip;\n","protected":false},"author":2,"featured_media":576512,"comment_status":"","ping_status":"","sticky":false,"template":"","format":"standard","meta":{"footnotes":""},"categories":[5],"tags":[11,75,73,1011,27,14,12,28],"class_list":{"0":"post-576511","1":"post","2":"type-post","3":"status-publish","4":"format-standard","5":"has-post-thumbnail","7":"category-international","8":"tag-actualites","9":"tag-donald-trump","10":"tag-etats-unis","11":"tag-fr","12":"tag-france","13":"tag-international","14":"tag-news","15":"tag-world"},"share_on_mastodon":{"url":"https:\/\/pubeurope.com\/@fr\/115658671236458987","error":""},"_links":{"self":[{"href":"https:\/\/www.europesays.com\/fr\/wp-json\/wp\/v2\/posts\/576511","targetHints":{"allow":["GET"]}}],"collection":[{"href":"https:\/\/www.europesays.com\/fr\/wp-json\/wp\/v2\/posts"}],"about":[{"href":"https:\/\/www.europesays.com\/fr\/wp-json\/wp\/v2\/types\/post"}],"author":[{"embeddable":true,"href":"https:\/\/www.europesays.com\/fr\/wp-json\/wp\/v2\/users\/2"}],"replies":[{"embeddable":true,"href":"https:\/\/www.europesays.com\/fr\/wp-json\/wp\/v2\/comments?post=576511"}],"version-history":[{"count":0,"href":"https:\/\/www.europesays.com\/fr\/wp-json\/wp\/v2\/posts\/576511\/revisions"}],"wp:featuredmedia":[{"embeddable":true,"href":"https:\/\/www.europesays.com\/fr\/wp-json\/wp\/v2\/media\/576512"}],"wp:attachment":[{"href":"https:\/\/www.europesays.com\/fr\/wp-json\/wp\/v2\/media?parent=576511"}],"wp:term":[{"taxonomy":"category","embeddable":true,"href":"https:\/\/www.europesays.com\/fr\/wp-json\/wp\/v2\/categories?post=576511"},{"taxonomy":"post_tag","embeddable":true,"href":"https:\/\/www.europesays.com\/fr\/wp-json\/wp\/v2\/tags?post=576511"}],"curies":[{"name":"wp","href":"https:\/\/api.w.org\/{rel}","templated":true}]}}