{"id":576513,"date":"2025-12-04T01:20:21","date_gmt":"2025-12-04T01:20:21","guid":{"rendered":"https:\/\/www.europesays.com\/fr\/576513\/"},"modified":"2025-12-04T01:20:21","modified_gmt":"2025-12-04T01:20:21","slug":"un-an-de-prison-avec-sursis-pour-lhomme-qui-a-profane-la-tombe-de-robert-badinter","status":"publish","type":"post","link":"https:\/\/www.europesays.com\/fr\/576513\/","title":{"rendered":"Un an de prison avec sursis pour l\u2019homme qui a profan\u00e9 la tombe de Robert Badinter"},"content":{"rendered":"<p>Le tribunal de <a href=\"https:\/\/www.20minutes.fr\/dossier\/nanterre\" class=\"c-link c-link--is-underlined\" target=\"_blank\" rel=\"noopener\">Nanterre<\/a> a condamn\u00e9 mercredi soir \u00e0 un an d\u2019emprisonnement avec sursis un \u00e9tudiant de 23 ans ayant reconnu avoir profan\u00e9 la tombe de <a href=\"https:\/\/www.20minutes.fr\/politique\/robert-badinter\/\" class=\"c-link c-link--is-underlined\" target=\"_blank\" rel=\"noopener\">Robert Badinter<\/a>, quelques heures avant la panth\u00e9onisation de l\u2019ancien garde des Sceaux le 9\u00a0octobre dernier.<\/p>\n<p>Pr\u00e9sent\u00e9 en comparution imm\u00e9diate, le jeune homme, \u00e9l\u00e8ve d\u2019une grande \u00e9cole d\u2019ing\u00e9nieurs, \u00e9tait poursuivi pour <a href=\"https:\/\/www.20minutes.fr\/justice\/4189290-20251202-profanation-tombe-robert-badinter-homme-23-ans-garde-vue\" class=\"c-link c-link--is-underlined\" target=\"_blank\" rel=\"noopener\">profanation de s\u00e9pulture et d\u00e9gradation du bien d\u2019autrui<\/a>. Il a admis les faits \u00e0 chaque \u00e9tape de la proc\u00e9dure. La peine, conforme aux r\u00e9quisitions du parquet, est assortie d\u2019un stage de citoyennet\u00e9, d\u2019une obligation de soins et de 140 heures de travaux d\u2019int\u00e9r\u00eat g\u00e9n\u00e9ral.<\/p>\n<p>Un \u00ab\u00a0royaliste loyaliste\u00a0\u00bb<\/p>\n<p>La profanation avait \u00e9t\u00e9 d\u00e9couverte au petit matin au cimeti\u00e8re de Bagneux (<a href=\"https:\/\/www.20minutes.fr\/dossier\/hauts-de-seine\" class=\"c-link c-link--is-underlined\" target=\"_blank\" rel=\"noopener\">Hauts-de-Seine<\/a>)\u00a0: des inscriptions hostiles \u00e0 Robert Badinter, artisan de l\u2019abolition de la peine de mort, avaient \u00e9t\u00e9 peintes en bleu sur sa s\u00e9pulture. La pierre elle-m\u00eame n\u2019avait pas \u00e9t\u00e9 endommag\u00e9e et a \u00e9t\u00e9 nettoy\u00e9e rapidement par les services municipaux.<\/p>\n<\/p>\n<p>\u00c0 l\u2019audience, le pr\u00e9venu, qui se d\u00e9crit comme \u00ab\u00a0royaliste loyaliste\u00a0\u00bb, a expliqu\u00e9 avoir mal v\u00e9cu l\u2019hommage national rendu \u00e0 Robert Badinter. Il a \u00e9galement \u00e9voqu\u00e9 son int\u00e9r\u00eat r\u00e9cent pour <a href=\"https:\/\/www.20minutes.fr\/dossier\/jean-marie_le_pen\" class=\"c-link c-link--is-underlined\" target=\"_blank\" rel=\"noopener\">Jean-Marie Le\u00a0Pen<\/a>, dont la tombe avait \u00e9t\u00e9 d\u00e9grad\u00e9e quelques mois auparavant. \u00ab\u00a0C\u2019est vrai, ce que j\u2019ai fait, c\u2019\u00e9tait l\u00e2che\u00a0\u00bb, a-t-il conc\u00e9d\u00e9, en pr\u00e9sentant ses excuses \u00e0 la famille.<\/p>\n<p><a href=\"https:\/\/www.20minutes.fr\/politique\/robert-badinter\/\" class=\"c-link c-btn c-btn--primary\" target=\"_blank\" rel=\"noopener\">Notre dossier sur Robert Badinter<\/a>De \u00ab\u00a0l\u2019humour noir\u00a0\u00bb<\/p>\n<p>Le pr\u00e9sident du tribunal, Benjamin Deparis, s\u2019est dit frapp\u00e9 par les motivations du jeune homme\u00a0: \u00ab\u00a0Comment des \u00e9coles cens\u00e9es former des \u00e9lites peuvent attirer dans leurs rangs des personnes ayant un tel projet criminel\u00a0\u00bb, a-t-il interrog\u00e9. L\u2019enqu\u00eate avait \u00e9galement mis en \u00e9vidence deux croix gamm\u00e9es retrouv\u00e9es dans ses cahiers, que le pr\u00e9venu a tent\u00e9 de justifier par de \u00ab\u00a0l\u2019humour noir\u00a0\u00bb.<\/p>\n<p>Les gendarmes ont rapidement identifi\u00e9 le suspect gr\u00e2ce aux images de vid\u00e9osurveillance et au bornage de son t\u00e9l\u00e9phone. Une carte annot\u00e9e du cimeti\u00e8re a \u00e9t\u00e9 retrouv\u00e9e \u00e0 son domicile, indiquant l\u2019emplacement pr\u00e9cis de la tombe. Son avocate, Me Fanny Ginsburg, a reconnu une \u00ab\u00a0pr\u00e9m\u00e9ditation\u00a0\u00bb, tout en estimant que la d\u00e9termination \u00ab\u00a0n\u2019\u00e9tait pas aboutie\u00a0\u00bb.<\/p>\n<p>Le jeune homme, jusque-l\u00e0 inconnu de la justice, avait \u00e9t\u00e9 interpell\u00e9 mardi matin. \u00c9lisabeth Badinter n\u2019\u00e9tait pas pr\u00e9sente lors de l\u2019audience. Emmanuel Macron avait condamn\u00e9 \u00ab\u00a0la volont\u00e9 de souiller la m\u00e9moire\u00a0\u00bb de l\u2019ancien <a href=\"https:\/\/www.20minutes.fr\/dossier\/ministre\" class=\"c-link c-link--is-underlined\" target=\"_blank\" rel=\"noopener\">ministre<\/a>, rappelant que \u00ab\u00a0la R\u00e9publique est toujours plus forte que la haine\u00a0\u00bb.<\/p>\n","protected":false},"excerpt":{"rendered":"Le tribunal de Nanterre a condamn\u00e9 mercredi soir \u00e0 un an d\u2019emprisonnement avec sursis un \u00e9tudiant de 23&hellip;\n","protected":false},"author":2,"featured_media":576514,"comment_status":"","ping_status":"","sticky":false,"template":"","format":"standard","meta":{"footnotes":""},"categories":[4],"tags":[47,11,21654,6313,1073,1011,27,3314,662,303,12,9711,25,56676],"class_list":{"0":"post-576513","1":"post","2":"type-post","3":"status-publish","4":"format-standard","5":"has-post-thumbnail","7":"category-france","8":"tag-actualite","9":"tag-actualites","10":"tag-bagneux","11":"tag-cimetiere","12":"tag-emmanuel-macron","13":"tag-fr","14":"tag-france","15":"tag-hauts-de-seine","16":"tag-ile-de-france","17":"tag-justice","18":"tag-news","19":"tag-pantheon","20":"tag-republique-francaise","21":"tag-robert-badinter"},"share_on_mastodon":{"url":"https:\/\/pubeurope.com\/@fr\/115658674950362333","error":""},"_links":{"self":[{"href":"https:\/\/www.europesays.com\/fr\/wp-json\/wp\/v2\/posts\/576513","targetHints":{"allow":["GET"]}}],"collection":[{"href":"https:\/\/www.europesays.com\/fr\/wp-json\/wp\/v2\/posts"}],"about":[{"href":"https:\/\/www.europesays.com\/fr\/wp-json\/wp\/v2\/types\/post"}],"author":[{"embeddable":true,"href":"https:\/\/www.europesays.com\/fr\/wp-json\/wp\/v2\/users\/2"}],"replies":[{"embeddable":true,"href":"https:\/\/www.europesays.com\/fr\/wp-json\/wp\/v2\/comments?post=576513"}],"version-history":[{"count":0,"href":"https:\/\/www.europesays.com\/fr\/wp-json\/wp\/v2\/posts\/576513\/revisions"}],"wp:featuredmedia":[{"embeddable":true,"href":"https:\/\/www.europesays.com\/fr\/wp-json\/wp\/v2\/media\/576514"}],"wp:attachment":[{"href":"https:\/\/www.europesays.com\/fr\/wp-json\/wp\/v2\/media?parent=576513"}],"wp:term":[{"taxonomy":"category","embeddable":true,"href":"https:\/\/www.europesays.com\/fr\/wp-json\/wp\/v2\/categories?post=576513"},{"taxonomy":"post_tag","embeddable":true,"href":"https:\/\/www.europesays.com\/fr\/wp-json\/wp\/v2\/tags?post=576513"}],"curies":[{"name":"wp","href":"https:\/\/api.w.org\/{rel}","templated":true}]}}