{"id":576518,"date":"2025-12-04T01:23:21","date_gmt":"2025-12-04T01:23:21","guid":{"rendered":"https:\/\/www.europesays.com\/fr\/576518\/"},"modified":"2025-12-04T01:23:21","modified_gmt":"2025-12-04T01:23:21","slug":"saint-etienne-une-nouvelle-collecte-de-sang-organisee-au-stade-geoffroy-guichard","status":"publish","type":"post","link":"https:\/\/www.europesays.com\/fr\/576518\/","title":{"rendered":"Saint-\u00c9tienne : une nouvelle collecte de sang organis\u00e9e au stade Geoffroy-Guichard"},"content":{"rendered":"<p>L&rsquo;EFS et ASSE C\u0153ur-Vert organisent, ce jeudi 4 d\u00e9cembre, une grande collecte de sang dans les salons du stade Geoffroy-Guichard.<\/p>\n<p>Une belle habitude pour sauver des vies.<\/p>\n<p>Pour la quinzi\u00e8me ann\u00e9e d&rsquo;affil\u00e9e, le Chaudron ouvre ses portes, <b>ce jeudi 4 d\u00e9cembre<\/b>.<\/p>\n<p>Le <b>stade Geoffroy-Guichard<\/b> accueille, en effet, une grande <a class=\"url\" href=\"https:\/\/dondesang.efs.sante.fr\/trouver-une-collecte\/145056\/sang\" target=\"_blank\" rel=\"noopener\">collecte de sang<\/a>, organis\u00e9e par l&rsquo;EFS (\u00c9tablissement fran\u00e7ais du sang) et l&rsquo;association ASSE-C\u0153ur Vert.<\/p>\n<p>\u00ab\u00a0Faire encore mieux\u00a0\u00bb<\/p>\n<p>L&rsquo;an dernier, <b>320 personnes<\/b> ont particip\u00e9 \u00e0 cet \u00e9v\u00e9nement. \u00ab\u00a0Cette ann\u00e9e, l&rsquo;objectif est clair : faire encore mieux pour r\u00e9pondre aux besoins des patients\u00a0\u00bb, pr\u00e9cisent les organisateurs.<\/p>\n<p>Rendez-vous <b>de 9h \u00e0 18h30<\/b>, ce jeudi, dans les salons de la tribune officielle, au stade Geoffroy-Guichard.<\/p>\n<p><img loading=\"lazy\" decoding=\"async\" src=\"https:\/\/www.europesays.com\/fr\/wp-content\/uploads\/2025\/12\/1764811401_727_img\" width=\"350\" height=\"200\" border=\"0\" title=\"Les joueurs de l'ASSE et de l'US \u00c3\u0089cotay-Moingt avant le coup d'envoi.\"\/><\/p>\n<p>\u25baFootball<\/p>\n<p style=\"font-size: 22px;\"><b>ASSE &#8211; \u00c9cotay-Moingt (11-1) : les Verts largement et logiquement victorieux\u00a0<\/b><\/p>\n<p>L&rsquo;AS Saint-\u00c9tienne n&rsquo;a pas trembl\u00e9 face \u00e0 l&rsquo;US&#8230;<\/p>\n<p><\/p>\n","protected":false},"excerpt":{"rendered":"L&rsquo;EFS et ASSE C\u0153ur-Vert organisent, ce jeudi 4 d\u00e9cembre, une grande collecte de sang dans les salons du&hellip;\n","protected":false},"author":2,"featured_media":576519,"comment_status":"","ping_status":"","sticky":false,"template":"","format":"standard","meta":{"footnotes":""},"categories":[9653],"tags":[1111,11,2430,10957,26182,1777,674,1011,27,12,25,9920,4001,7233,9841],"class_list":{"0":"post-576518","1":"post","2":"type-post","3":"status-publish","4":"format-standard","5":"has-post-thumbnail","7":"category-saint-etienne","8":"tag-actu","9":"tag-actualites","10":"tag-auvergne-rhone-alpes","11":"tag-collecte","12":"tag-efs","13":"tag-eu","14":"tag-europe","15":"tag-fr","16":"tag-france","17":"tag-news","18":"tag-republique-francaise","19":"tag-saint-tienne","20":"tag-saint-etienne","21":"tag-sang","22":"tag-stade-geoffroy-guichard"},"share_on_mastodon":{"url":"https:\/\/pubeurope.com\/@fr\/115658687622271526","error":""},"_links":{"self":[{"href":"https:\/\/www.europesays.com\/fr\/wp-json\/wp\/v2\/posts\/576518","targetHints":{"allow":["GET"]}}],"collection":[{"href":"https:\/\/www.europesays.com\/fr\/wp-json\/wp\/v2\/posts"}],"about":[{"href":"https:\/\/www.europesays.com\/fr\/wp-json\/wp\/v2\/types\/post"}],"author":[{"embeddable":true,"href":"https:\/\/www.europesays.com\/fr\/wp-json\/wp\/v2\/users\/2"}],"replies":[{"embeddable":true,"href":"https:\/\/www.europesays.com\/fr\/wp-json\/wp\/v2\/comments?post=576518"}],"version-history":[{"count":0,"href":"https:\/\/www.europesays.com\/fr\/wp-json\/wp\/v2\/posts\/576518\/revisions"}],"wp:featuredmedia":[{"embeddable":true,"href":"https:\/\/www.europesays.com\/fr\/wp-json\/wp\/v2\/media\/576519"}],"wp:attachment":[{"href":"https:\/\/www.europesays.com\/fr\/wp-json\/wp\/v2\/media?parent=576518"}],"wp:term":[{"taxonomy":"category","embeddable":true,"href":"https:\/\/www.europesays.com\/fr\/wp-json\/wp\/v2\/categories?post=576518"},{"taxonomy":"post_tag","embeddable":true,"href":"https:\/\/www.europesays.com\/fr\/wp-json\/wp\/v2\/tags?post=576518"}],"curies":[{"name":"wp","href":"https:\/\/api.w.org\/{rel}","templated":true}]}}