{"id":576524,"date":"2025-12-04T01:27:26","date_gmt":"2025-12-04T01:27:26","guid":{"rendered":"https:\/\/www.europesays.com\/fr\/576524\/"},"modified":"2025-12-04T01:27:26","modified_gmt":"2025-12-04T01:27:26","slug":"toulon-le-chh-et-le-chits-participent-au-1er-festival-culturel-en-maison-de-retraite-ehpadons-nous","status":"publish","type":"post","link":"https:\/\/www.europesays.com\/fr\/576524\/","title":{"rendered":"TOULON : Le CHH et le CHITS participent au 1er festival culturel en maison de retraite \u00ab EHPADONS-NOUS \u00bb"},"content":{"rendered":"<p style=\"text-align: left;\"><strong>Les r\u00e9sidents de l\u2019EHPAD Clemenceau, \u00e9tablissement du Centre Hospitalier Intercommunal Toulon \u2013 La Seyne-sur-Mer et du centre G\u00e9rontologique de Riondet, \u00e9tablissement du Centre hospitalier d\u2019Hy\u00e8res (deux \u00e9tablissements en direction commune) participent au festival \u00ab Ehpadons-nous \u00bb, cr\u00e9\u00e9 en 2020 par l\u2019association Viellison le festival se d\u00e9ploie dans plusieurs r\u00e9gions et l\u2019\u00e9dition 2025 dans le Var b\u00e9n\u00e9ficie du soutien du D\u00e9partement du Var.<\/strong><\/p>\n<p style=\"text-align: left;\">Depuis le mois de septembre 2025, les r\u00e9sidents de ces deux \u00e9tablissements ont particip\u00e9 \u00e0 des ateliers de chants. Les ateliers sont con\u00e7us pour \u00eatre ludiques et offrent aux participants un espace de cr\u00e9ativit\u00e9, de m\u00e9moire et d\u2019expression, tout en valorisant leur implication dans le processus artistique. Chaque cycle d\u2019ateliers se conclut par une cinqui\u00e8me s\u00e9ance de restitution, un moment unique o\u00f9 les r\u00e9sidents montent sur sc\u00e8ne aux c\u00f4t\u00e9s de Dani\u00e8le Alfosea, chanteuse professionnelle qui animent ces ateliers. Ce spectacle participatif rassemble l\u2019ensemble de l\u2019\u00e9tablissement : r\u00e9sidents, personnel soignant, familles et partenaires. Au programme : une mise en valeur des chansons travaill\u00e9es lors des ateliers, offrant un temps de fiert\u00e9, de partage et de c\u00e9l\u00e9bration collective.<\/p>\n<p style=\"text-align: left;\"><strong>Les spectacles de restitution auront lieu le :<\/strong><\/p>\n<p style=\"text-align: left;\">Samedi 13 d\u00e9cembre \u00e0 14h \u00e0 l\u2019EHPAD Clemenceau \u00e0 La Garde<\/p>\n<p style=\"text-align: left;\">Mardi 2 d\u00e9cembre \u00e0 14h au Centre G\u00e9rontologique de Riondet, \u00e0 Hy\u00e8res<\/p>\n<p style=\"text-align: left;\">Ces spectacles sont r\u00e9serv\u00e9s aux r\u00e9sidents, au personnel et \u00e0 leurs familles.<\/p>\n<p style=\"text-align: left;\"><strong>Plus d\u2019informations :<\/strong> <a href=\"https:\/\/ehpadons-nous.fr\/\" target=\"_blank\" rel=\"noopener\">https:\/\/ehpadons-nous.fr\/<\/a><\/p>\n","protected":false},"excerpt":{"rendered":"Les r\u00e9sidents de l\u2019EHPAD Clemenceau, \u00e9tablissement du Centre Hospitalier Intercommunal Toulon \u2013 La Seyne-sur-Mer et du centre G\u00e9rontologique&hellip;\n","protected":false},"author":2,"featured_media":576525,"comment_status":"","ping_status":"","sticky":false,"template":"","format":"standard","meta":{"footnotes":""},"categories":[9619],"tags":[1111,11,1777,674,1011,27,12,882,25,2310],"class_list":{"0":"post-576524","1":"post","2":"type-post","3":"status-publish","4":"format-standard","5":"has-post-thumbnail","7":"category-toulon","8":"tag-actu","9":"tag-actualites","10":"tag-eu","11":"tag-europe","12":"tag-fr","13":"tag-france","14":"tag-news","15":"tag-provence-alpes-cote-dazur","16":"tag-republique-francaise","17":"tag-toulon"},"share_on_mastodon":{"url":"https:\/\/pubeurope.com\/@fr\/115658702455663179","error":""},"_links":{"self":[{"href":"https:\/\/www.europesays.com\/fr\/wp-json\/wp\/v2\/posts\/576524","targetHints":{"allow":["GET"]}}],"collection":[{"href":"https:\/\/www.europesays.com\/fr\/wp-json\/wp\/v2\/posts"}],"about":[{"href":"https:\/\/www.europesays.com\/fr\/wp-json\/wp\/v2\/types\/post"}],"author":[{"embeddable":true,"href":"https:\/\/www.europesays.com\/fr\/wp-json\/wp\/v2\/users\/2"}],"replies":[{"embeddable":true,"href":"https:\/\/www.europesays.com\/fr\/wp-json\/wp\/v2\/comments?post=576524"}],"version-history":[{"count":0,"href":"https:\/\/www.europesays.com\/fr\/wp-json\/wp\/v2\/posts\/576524\/revisions"}],"wp:featuredmedia":[{"embeddable":true,"href":"https:\/\/www.europesays.com\/fr\/wp-json\/wp\/v2\/media\/576525"}],"wp:attachment":[{"href":"https:\/\/www.europesays.com\/fr\/wp-json\/wp\/v2\/media?parent=576524"}],"wp:term":[{"taxonomy":"category","embeddable":true,"href":"https:\/\/www.europesays.com\/fr\/wp-json\/wp\/v2\/categories?post=576524"},{"taxonomy":"post_tag","embeddable":true,"href":"https:\/\/www.europesays.com\/fr\/wp-json\/wp\/v2\/tags?post=576524"}],"curies":[{"name":"wp","href":"https:\/\/api.w.org\/{rel}","templated":true}]}}