{"id":576528,"date":"2025-12-04T01:29:16","date_gmt":"2025-12-04T01:29:16","guid":{"rendered":"https:\/\/www.europesays.com\/fr\/576528\/"},"modified":"2025-12-04T01:29:16","modified_gmt":"2025-12-04T01:29:16","slug":"previsions-du-jeudi-4-decembre-2025-4","status":"publish","type":"post","link":"https:\/\/www.europesays.com\/fr\/576528\/","title":{"rendered":"pr\u00e9visions du jeudi 4 d\u00e9cembre 2025"},"content":{"rendered":"<p>\u00c0 Montpellier, les valeurs seront de 9\u00b0C au cours de la journ\u00e9e. Une l\u00e9g\u00e8re brise de nord-ouest soufflera. Cette matin\u00e9e rimera avec beau soleil. On anticipe des temp\u00e9ratures avoisinant 8\u00b0C. Les nuages seront peu \u00e0 peu visibles au fil de l&rsquo;apr\u00e8s-midi. Des pluies \u00e9parses vont tomber sur la ville. Les valeurs seront de 9\u00b0C au minimum et de 11\u00b0C au maximum. Le soir, le thermom\u00e8tre affichera 10\u00b0C en moyenne. Un ciel pluvieux est pr\u00e9vu dans la nuit entre jeudi et vendredi.<\/p>\n<p>Un bel ensoleillement est attendu demain \u00e0 Montpellier. La m\u00e9t\u00e9o va se r\u00e9chauffer avec une hausse de quelques degr\u00e9s. Il fera 10\u00b0C en moyenne. Un vent de nord-ouest rafra\u00eechira quelque peu l&rsquo;atmosph\u00e8re. Dans la matin\u00e9e, les temp\u00e9ratures seront de 9\u00b0C. Les valeurs seront comprises entre 9\u00b0C et 12\u00b0C dans l&rsquo;apr\u00e8s-midi. Le ciel va l\u00e9g\u00e8rement se d\u00e9gager dans la soir\u00e9e avec des \u00e9claircies. Il va faire environ 8\u00b0C.<\/p>\n<p>Pour les jours suivants, la m\u00e9t\u00e9o ne bougera pas. Il va faire un temps plut\u00f4t ensoleill\u00e9 avec des temp\u00e9ratures autour de 13\u00b0C.<\/p>\n<p><\/p>\n","protected":false},"excerpt":{"rendered":"\u00c0 Montpellier, les valeurs seront de 9\u00b0C au cours de la journ\u00e9e. Une l\u00e9g\u00e8re brise de nord-ouest soufflera.&hellip;\n","protected":false},"author":2,"featured_media":576529,"comment_status":"","ping_status":"","sticky":false,"template":"","format":"standard","meta":{"footnotes":""},"categories":[9599],"tags":[1111,11,1777,674,1011,27,2208,12,2680,2119,25],"class_list":{"0":"post-576528","1":"post","2":"type-post","3":"status-publish","4":"format-standard","5":"has-post-thumbnail","7":"category-montpellier","8":"tag-actu","9":"tag-actualites","10":"tag-eu","11":"tag-europe","12":"tag-fr","13":"tag-france","14":"tag-montpellier","15":"tag-news","16":"tag-occitanie","17":"tag-previsions-meteo","18":"tag-republique-francaise"},"share_on_mastodon":{"url":"https:\/\/pubeurope.com\/@fr\/115658710287428786","error":""},"_links":{"self":[{"href":"https:\/\/www.europesays.com\/fr\/wp-json\/wp\/v2\/posts\/576528","targetHints":{"allow":["GET"]}}],"collection":[{"href":"https:\/\/www.europesays.com\/fr\/wp-json\/wp\/v2\/posts"}],"about":[{"href":"https:\/\/www.europesays.com\/fr\/wp-json\/wp\/v2\/types\/post"}],"author":[{"embeddable":true,"href":"https:\/\/www.europesays.com\/fr\/wp-json\/wp\/v2\/users\/2"}],"replies":[{"embeddable":true,"href":"https:\/\/www.europesays.com\/fr\/wp-json\/wp\/v2\/comments?post=576528"}],"version-history":[{"count":0,"href":"https:\/\/www.europesays.com\/fr\/wp-json\/wp\/v2\/posts\/576528\/revisions"}],"wp:featuredmedia":[{"embeddable":true,"href":"https:\/\/www.europesays.com\/fr\/wp-json\/wp\/v2\/media\/576529"}],"wp:attachment":[{"href":"https:\/\/www.europesays.com\/fr\/wp-json\/wp\/v2\/media?parent=576528"}],"wp:term":[{"taxonomy":"category","embeddable":true,"href":"https:\/\/www.europesays.com\/fr\/wp-json\/wp\/v2\/categories?post=576528"},{"taxonomy":"post_tag","embeddable":true,"href":"https:\/\/www.europesays.com\/fr\/wp-json\/wp\/v2\/tags?post=576528"}],"curies":[{"name":"wp","href":"https:\/\/api.w.org\/{rel}","templated":true}]}}