{"id":576531,"date":"2025-12-04T01:37:44","date_gmt":"2025-12-04T01:37:44","guid":{"rendered":"https:\/\/www.europesays.com\/fr\/576531\/"},"modified":"2025-12-04T01:37:44","modified_gmt":"2025-12-04T01:37:44","slug":"laeroport-grenoble-alpes-isere-impacte","status":"publish","type":"post","link":"https:\/\/www.europesays.com\/fr\/576531\/","title":{"rendered":"l\u2019A\u00e9roport Grenoble Alpes Is\u00e8re impact\u00e9"},"content":{"rendered":"<p itemprop=\"description\"><strong>Redoutant l\u2019arriv\u00e9e d\u2019un nouvel op\u00e9rateur, les salari\u00e9s de l\u2019a\u00e9roport de Grenoble d\u00e9cident de faire gr\u00e8ve pour d\u00e9buter d\u00e9cembre.<\/strong><\/p>\n<p>L\u2019a\u00e9roport Grenoble Alpes Is\u00e8re s\u2019appr\u00eate \u00e0 vivre une journ\u00e9e perturb\u00e9e ce vendredi. Le Syndicat national du transport a\u00e9rien a d\u00e9pos\u00e9 un pr\u00e9avis de gr\u00e8ve, ce qui devrait avoir des r\u00e9percussions sur les conditions d\u2019accueil et de vol.<\/p>\n<p>Selon les repr\u00e9sentants du personnel, la commission d\u2019appel d\u2019offres du D\u00e9partement de l\u2019Is\u00e8re a retenu le groupe Edeis pour reprendre l\u2019exploitation du site \u00e0 l\u2019\u00e9t\u00e9 2026, propri\u00e9t\u00e9 de la collectivit\u00e9. Cette orientation doit encore \u00eatre confirm\u00e9e par les \u00e9lus d\u00e9partementaux, r\u00e9unis ce jeudi. Une d\u00e9l\u00e9gation de salari\u00e9s sera d\u2019ailleurs pr\u00e9sente lors de la session pour faire entendre ses pr\u00e9occupations, alors qu\u2019ils risqueraient de perdre certains de leurs avantages.<\/p>\n<p>Le pr\u00e9sident du D\u00e9partement, Jean-Pierre Barbier, a assur\u00e9 que le choix du futur d\u00e9l\u00e9gataire reposait sur une analyse d\u00e9taill\u00e9e des offres, privil\u00e9giant notamment les conditions \u00e9conomiques et la qualit\u00e9 du service propos\u00e9.<\/p>\n<p>Pour assurer un service fluide en vue des f\u00eates de fin d\u2019ann\u00e9es, l\u2019a\u00e9roport vient de former 300 saisonniers.<\/p>\n","protected":false},"excerpt":{"rendered":"Redoutant l\u2019arriv\u00e9e d\u2019un nouvel op\u00e9rateur, les salari\u00e9s de l\u2019a\u00e9roport de Grenoble d\u00e9cident de faire gr\u00e8ve pour d\u00e9buter d\u00e9cembre.&hellip;\n","protected":false},"author":2,"featured_media":576532,"comment_status":"","ping_status":"","sticky":false,"template":"","format":"standard","meta":{"footnotes":""},"categories":[9566],"tags":[1111,11,2813,2430,1109,251,1112,2811,1777,674,118,1011,27,21780,2731,14004,1922,1110,1114,108,12,316,25,2812,517,800],"class_list":{"0":"post-576531","1":"post","2":"type-post","3":"status-publish","4":"format-standard","5":"has-post-thumbnail","7":"category-grenoble","8":"tag-actu","9":"tag-actualites","10":"tag-article","11":"tag-auvergne-rhone-alpes","12":"tag-breves","13":"tag-culture","14":"tag-depeches","15":"tag-economique","16":"tag-eu","17":"tag-europe","18":"tag-faits-divers","19":"tag-fr","20":"tag-france","21":"tag-gf38","22":"tag-grenoble","23":"tag-grenoblemag","24":"tag-info","25":"tag-informations","26":"tag-infos","27":"tag-isere","28":"tag-news","29":"tag-politique","30":"tag-republique-francaise","31":"tag-sociale","32":"tag-sport","33":"tag-transports"},"share_on_mastodon":{"url":"https:\/\/pubeurope.com\/@fr\/115658741720010908","error":""},"_links":{"self":[{"href":"https:\/\/www.europesays.com\/fr\/wp-json\/wp\/v2\/posts\/576531","targetHints":{"allow":["GET"]}}],"collection":[{"href":"https:\/\/www.europesays.com\/fr\/wp-json\/wp\/v2\/posts"}],"about":[{"href":"https:\/\/www.europesays.com\/fr\/wp-json\/wp\/v2\/types\/post"}],"author":[{"embeddable":true,"href":"https:\/\/www.europesays.com\/fr\/wp-json\/wp\/v2\/users\/2"}],"replies":[{"embeddable":true,"href":"https:\/\/www.europesays.com\/fr\/wp-json\/wp\/v2\/comments?post=576531"}],"version-history":[{"count":0,"href":"https:\/\/www.europesays.com\/fr\/wp-json\/wp\/v2\/posts\/576531\/revisions"}],"wp:featuredmedia":[{"embeddable":true,"href":"https:\/\/www.europesays.com\/fr\/wp-json\/wp\/v2\/media\/576532"}],"wp:attachment":[{"href":"https:\/\/www.europesays.com\/fr\/wp-json\/wp\/v2\/media?parent=576531"}],"wp:term":[{"taxonomy":"category","embeddable":true,"href":"https:\/\/www.europesays.com\/fr\/wp-json\/wp\/v2\/categories?post=576531"},{"taxonomy":"post_tag","embeddable":true,"href":"https:\/\/www.europesays.com\/fr\/wp-json\/wp\/v2\/tags?post=576531"}],"curies":[{"name":"wp","href":"https:\/\/api.w.org\/{rel}","templated":true}]}}