{"id":576537,"date":"2025-12-04T01:50:04","date_gmt":"2025-12-04T01:50:04","guid":{"rendered":"https:\/\/www.europesays.com\/fr\/576537\/"},"modified":"2025-12-04T01:50:04","modified_gmt":"2025-12-04T01:50:04","slug":"a-strasbourg-pere-et-fils-ouvrent-leur-boutique-dediee-aux-montres","status":"publish","type":"post","link":"https:\/\/www.europesays.com\/fr\/576537\/","title":{"rendered":"\u00e0 Strasbourg, p\u00e8re et fils ouvrent leur boutique d\u00e9di\u00e9e aux montres !"},"content":{"rendered":"<p><strong>Vous aimez les belles montres, ces pi\u00e8ces \u00e0 l\u2019histoire parfois unique ou au design plus moderne ? Pour les amateurs\/rices comme les collectionneurs\/ses, un nouveau repaire a ouvert rue Jean-Fr\u00e9d\u00e9ric-Oberlin \u00e0 Strasbourg. Tenue par Francis et Gauthier, p\u00e8re et fils qui sont deux grands passionn\u00e9s, l\u2019adresse propose l\u2019achat et la revente de p\u00e9pites de luxe. On vous emm\u00e8ne y faire un tour.<\/strong><\/p>\n<p><strong>Depuis le 8 octobre, le Cercle horloger a ouvert ses portes \u00e0 Strasbourg. <\/strong>Ce qui, au d\u00e9part, \u00e9tait une activit\u00e9 de vente en ligne, est devenu aujourd\u2019hui <strong>un repaire d\u00e9di\u00e9 \u00e0 l\u2019horlogerie pas comme les autres, anim\u00e9 par la passion commune de Francis et son fils Gauthier. <\/strong><\/p>\n<p>Francis nous raconte\u00a0: \u00ab\u00a0<strong>Nous sommes des passionn\u00e9s depuis trois g\u00e9n\u00e9rations.<\/strong> Mon p\u00e8re \u00e9tait lui aussi f\u00e9ru de montres. \u00bb Tout comme Gauthier, qui s\u2019int\u00e9resse au savoir-faire, aux diff\u00e9rents mod\u00e8les et \u00e0 leur histoire depuis ses 13 ans. C\u2019est pour cette raison que le Cercle Horloger <strong>est un point de rachat, de vente, de r\u00e9paration et surtout un lieu de rencontre et d\u2019\u00e9change.<\/strong><\/p>\n<p>                <img width=\"281\" height=\"500\" src=\"https:\/\/www.europesays.com\/fr\/wp-content\/uploads\/2025\/12\/le-cercle-horloger-32-281x500.jpg\" class=\"attachment-gallery size-gallery\" alt=\"Le Cercle Horloger (32)\" data-full-url=\"https:\/\/pokaa.fr\/wp-content\/uploads\/2025\/12\/01\/le-cercle-horloger-32.jpg\" decoding=\"async\" loading=\"lazy\"  \/>            <\/p>\n<p>                <img width=\"750\" height=\"500\" src=\"https:\/\/www.europesays.com\/fr\/wp-content\/uploads\/2025\/12\/le-cercle-horloger-25-750x500.jpg\" class=\"attachment-gallery size-gallery\" alt=\"Le Cercle Horloger (25)\" data-full-url=\"https:\/\/pokaa.fr\/wp-content\/uploads\/2025\/12\/01\/le-cercle-horloger-25.jpg\" decoding=\"async\" loading=\"lazy\"  \/>            <\/p>\n<p>                <img width=\"751\" height=\"500\" src=\"https:\/\/www.europesays.com\/fr\/wp-content\/uploads\/2025\/12\/le-cercle-horloger-4-1-751x500.jpg\" class=\"attachment-gallery size-gallery\" alt=\"Le Cercle Horloger (4)\" data-full-url=\"https:\/\/pokaa.fr\/wp-content\/uploads\/2025\/12\/01\/le-cercle-horloger-4-1.jpg\" decoding=\"async\" loading=\"lazy\"  \/>            <\/p>\n<p>                    Francis et Gauthier. \u00a9 Marie Goehner-David \/ Pokaa<\/p>\n<p>L\u2019id\u00e9e du cercle : partager, \u00e9changer<\/p>\n<p>Gauthier nous explique : \u00ab Le nom Cercle Horloger fait \u00e9cho au cadran d\u2019une montre, mais aussi <strong>au concept de communaut\u00e9,<\/strong> qui nous tient tout particuli\u00e8rement \u00e0 c\u0153ur. <strong>L\u2019id\u00e9e, c\u2019est que le c\u00f4t\u00e9 humain soit au centre de notre d\u00e9marche. <\/strong>C\u2019est pour cela que la boutique est con\u00e7ue de mani\u00e8re \u00e0 prendre le temps, pour s\u2019asseoir, discuter.\u00a0\u00bb<\/p>\n<p>En effet, le comptoir central, lui aussi en forme de cercle, permet aux curieux\/ses comme aux passionn\u00e9(e)s de s\u2019asseoir, tout comme le coin fauteuil un peu plus loin. <strong>Une salle VIP, pour plus de confort et d\u2019intimit\u00e9, est \u00e9galement propos\u00e9e,<\/strong> et la d\u00e9coration soign\u00e9e fait \u00e9cho \u00e0 des pans de l\u2019histoire horlog\u00e8re, dont p\u00e8re et fils nous parlent avec entrain.<\/p>\n<p>                <img width=\"888\" height=\"500\" src=\"https:\/\/www.europesays.com\/fr\/wp-content\/uploads\/2025\/12\/le-cercle-horloger-30-888x500.jpg\" class=\"attachment-gallery size-gallery\" alt=\"Le Cercle Horloger (30)\" data-full-url=\"https:\/\/pokaa.fr\/wp-content\/uploads\/2025\/12\/01\/le-cercle-horloger-30.jpg\" decoding=\"async\" loading=\"lazy\"  \/>            <\/p>\n<p>                <img width=\"888\" height=\"500\" src=\"https:\/\/www.europesays.com\/fr\/wp-content\/uploads\/2025\/12\/le-cercle-horloger-29-888x500.jpg\" class=\"attachment-gallery size-gallery\" alt=\"Le Cercle Horloger (29)\" data-full-url=\"https:\/\/pokaa.fr\/wp-content\/uploads\/2025\/12\/01\/le-cercle-horloger-29.jpg\" decoding=\"async\" loading=\"lazy\"  \/>            <\/p>\n<p>                    \u00a9 Marie Goehner-David \/ Pokaa<\/p>\n<p>Gauthier poursuit\u00a0: \u00ab La boutique n\u2019est pas dans le centre m\u00eame de Strasbourg. L\u2019objectif, c\u2019\u00e9tait de <strong>proposer un lieu facilement accessible par tout type de transport, <\/strong>proche des commodit\u00e9s, avec beaucoup d\u2019espace et une qualit\u00e9 d\u2019accueil en cons\u00e9quence.\u00a0\u00bb<\/p>\n<p>                <img width=\"333\" height=\"500\" src=\"https:\/\/www.europesays.com\/fr\/wp-content\/uploads\/2025\/12\/le-cercle-horloger-17-333x500.jpg\" class=\"attachment-gallery size-gallery\" alt=\"Le Cercle Horloger (17)\" data-full-url=\"https:\/\/pokaa.fr\/wp-content\/uploads\/2025\/12\/01\/le-cercle-horloger-17.jpg\" decoding=\"async\" loading=\"lazy\"  \/>            <\/p>\n<p>                <img width=\"281\" height=\"500\" src=\"https:\/\/www.europesays.com\/fr\/wp-content\/uploads\/2025\/12\/le-cercle-horloger-28-281x500.jpg\" class=\"attachment-gallery size-gallery\" alt=\"Le Cercle Horloger (28)\" data-full-url=\"https:\/\/pokaa.fr\/wp-content\/uploads\/2025\/12\/01\/le-cercle-horloger-28.jpg\" decoding=\"async\" loading=\"lazy\"  \/>            <\/p>\n<p>                <img width=\"750\" height=\"500\" src=\"https:\/\/www.europesays.com\/fr\/wp-content\/uploads\/2025\/12\/le-cercle-horloger-10-750x500.jpg\" class=\"attachment-gallery size-gallery\" alt=\"Le Cercle Horloger (10)\" data-full-url=\"https:\/\/pokaa.fr\/wp-content\/uploads\/2025\/12\/01\/le-cercle-horloger-10.jpg\" decoding=\"async\" loading=\"lazy\"  \/>            <\/p>\n<p>                    \u00a9 Marie Goehner-David \/ Pokaa<\/p>\n<p>Les montres d\u2019occasion, des objets remplis d\u2019histoire<\/p>\n<p>Autre point qui attire imm\u00e9diatement notre attention \u00e0 l\u2019entr\u00e9e de la boutique : <strong>on tombe nez \u00e0 nez avec Adrien, horloger, en train de r\u00e9parer un mod\u00e8le derri\u00e8re sa vitre. <\/strong><\/p>\n<p>\u00ab\u00a0On a choisi de travailler sur <strong>le march\u00e9 de l\u2019occasion,<\/strong> car les montres anciennes reviennent \u00e0 la mode. Surtout, <strong>elles ont une patine, une histoire,<\/strong> et il nous tenait \u00e0 c\u0153ur de pouvoir proposer un service de r\u00e9paration directement sur place, en toute transparence \u00bb, explique Gauthier, tandis qu\u2019on regarde <strong>les pr\u00e9sentoirs aux couleurs, designs et mat\u00e9riaux hypnotisants. <\/strong><\/p>\n<p>                <img width=\"750\" height=\"500\" src=\"https:\/\/www.europesays.com\/fr\/wp-content\/uploads\/2025\/12\/le-cercle-horloger-16-750x500.jpg\" class=\"attachment-gallery size-gallery\" alt=\"Le Cercle Horloger (16)\" data-full-url=\"https:\/\/pokaa.fr\/wp-content\/uploads\/2025\/12\/01\/le-cercle-horloger-16.jpg\" decoding=\"async\" loading=\"lazy\"  \/>            <\/p>\n<p>                <img width=\"750\" height=\"500\" src=\"https:\/\/www.europesays.com\/fr\/wp-content\/uploads\/2025\/12\/le-cercle-horloger-43-750x500.jpg\" class=\"attachment-gallery size-gallery\" alt=\"Le Cercle Horloger (43)\" data-full-url=\"https:\/\/pokaa.fr\/wp-content\/uploads\/2025\/12\/01\/le-cercle-horloger-43.jpg\" decoding=\"async\" loading=\"lazy\"  \/>            <\/p>\n<p>                <img width=\"750\" height=\"500\" src=\"https:\/\/www.europesays.com\/fr\/wp-content\/uploads\/2025\/12\/le-cercle-horloger-42-750x500.jpg\" class=\"attachment-gallery size-gallery\" alt=\"Le Cercle Horloger (42)\" data-full-url=\"https:\/\/pokaa.fr\/wp-content\/uploads\/2025\/12\/01\/le-cercle-horloger-42.jpg\" decoding=\"async\" loading=\"lazy\"  \/>            <\/p>\n<p>                <img width=\"750\" height=\"500\" src=\"https:\/\/www.europesays.com\/fr\/wp-content\/uploads\/2025\/12\/le-cercle-horloger-44-750x500.jpg\" class=\"attachment-gallery size-gallery\" alt=\"Le Cercle Horloger (44)\" data-full-url=\"https:\/\/pokaa.fr\/wp-content\/uploads\/2025\/12\/01\/le-cercle-horloger-44.jpg\" decoding=\"async\" loading=\"lazy\"  \/>            <\/p>\n<p>                <img width=\"750\" height=\"500\" src=\"https:\/\/www.europesays.com\/fr\/wp-content\/uploads\/2025\/12\/le-cercle-horloger-9-750x500.jpg\" class=\"attachment-gallery size-gallery\" alt=\"Le Cercle Horloger (9)\" data-full-url=\"https:\/\/pokaa.fr\/wp-content\/uploads\/2025\/12\/01\/le-cercle-horloger-9.jpg\" decoding=\"async\" loading=\"lazy\"  \/>            <\/p>\n<p>                    \u00a9 Marie Goehner-David \/ Pokaa<\/p>\n<p>Il continue\u00a0: \u00ab Au d\u00e9but, on travaillait avec des horlogers en externe. <strong>Mais on aime l\u2019id\u00e9e de tout faire sur place, de contr\u00f4ler chaque d\u00e9tail, de pouvoir expliquer pr\u00e9cis\u00e9ment tout le processus,<\/strong> et les co\u00fbts qui vont avec.\u00a0\u00bb<\/p>\n<p>De quoi assurer la p\u00e9rennit\u00e9 de ces objets pr\u00e9cieux, avec <strong>des gammes de prix adapt\u00e9es \u00e0 plusieurs envies ;<\/strong> qu\u2019il s\u2019agisse d\u2019acheter une premi\u00e8re montre, ou d\u2019acqu\u00e9rir une pi\u00e8ce de collection.<\/p>\n<p>                <img width=\"750\" height=\"500\" src=\"https:\/\/www.europesays.com\/fr\/wp-content\/uploads\/2025\/12\/le-cercle-horloger-40-750x500.jpg\" class=\"attachment-gallery size-gallery\" alt=\"Le Cercle Horloger (40)\" data-full-url=\"https:\/\/pokaa.fr\/wp-content\/uploads\/2025\/12\/01\/le-cercle-horloger-40.jpg\" decoding=\"async\" loading=\"lazy\"  \/>            <\/p>\n<p>                <img width=\"750\" height=\"500\" src=\"https:\/\/www.europesays.com\/fr\/wp-content\/uploads\/2025\/12\/le-cercle-horloger-19-750x500.jpg\" class=\"attachment-gallery size-gallery\" alt=\"Le Cercle Horloger (19)\" data-full-url=\"https:\/\/pokaa.fr\/wp-content\/uploads\/2025\/12\/01\/le-cercle-horloger-19.jpg\" decoding=\"async\" loading=\"lazy\"  \/>            <\/p>\n<p>                <img width=\"750\" height=\"500\" src=\"https:\/\/www.europesays.com\/fr\/wp-content\/uploads\/2025\/12\/le-cercle-horloger-35-750x500.jpg\" class=\"attachment-gallery size-gallery\" alt=\"Le Cercle Horloger (35)\" data-full-url=\"https:\/\/pokaa.fr\/wp-content\/uploads\/2025\/12\/01\/le-cercle-horloger-35.jpg\" decoding=\"async\" loading=\"lazy\"  \/>            <\/p>\n<p>                <img width=\"750\" height=\"500\" src=\"https:\/\/www.europesays.com\/fr\/wp-content\/uploads\/2025\/12\/le-cercle-horloger-34-750x500.jpg\" class=\"attachment-gallery size-gallery\" alt=\"Le Cercle Horloger (34)\" data-full-url=\"https:\/\/pokaa.fr\/wp-content\/uploads\/2025\/12\/01\/le-cercle-horloger-34.jpg\" decoding=\"async\" loading=\"lazy\"  \/>            <\/p>\n<p>                <img width=\"750\" height=\"500\" src=\"https:\/\/www.europesays.com\/fr\/wp-content\/uploads\/2025\/12\/le-cercle-horloger-20-750x500.jpg\" class=\"attachment-gallery size-gallery\" alt=\"Le Cercle Horloger (20)\" data-full-url=\"https:\/\/pokaa.fr\/wp-content\/uploads\/2025\/12\/01\/le-cercle-horloger-20.jpg\" decoding=\"async\" loading=\"lazy\"  \/>            <\/p>\n<p>                    \u00a9 Marie Goehner-David \/ Pokaa<\/p>\n<p>Le m\u00e9tier d\u2019horloger : un savoir-faire qui se perd <\/p>\n<p>On en a profit\u00e9 pour papoter avec <strong>Adrien<\/strong> de son m\u00e9tier peu courant, en voie de disparition. \u00ab\u00a0Ce que j\u2019aime, c\u2019est la pr\u00e9cision. Tout ce qu\u2019on fait au niveau m\u00e9canique a une r\u00e9percussion, et parfois, certaines pi\u00e8ces ne se trouvent plus. <strong>Il faut aller faire appel \u00e0 toute sa cr\u00e9ativit\u00e9 pour trouver des solutions\u00a0: c\u2019est tr\u00e8s \u00e9panouissant.<\/strong>\u00a0\u00bb<\/p>\n<p>Il continue\u00a0: \u00ab\u00a0En fait, <strong>chaque montre qui passe entre mes mains est unique, a sa propre histoire,<\/strong> et doit \u00eatre trait\u00e9e en cons\u00e9quence. <strong>Chaque jour, il se passe des choses diff\u00e9rentes, impossible de s\u2019ennuyer.<\/strong><strong>\u00a0<\/strong>\u00bb<\/p>\n<p>                <img width=\"750\" height=\"500\" src=\"https:\/\/www.europesays.com\/fr\/wp-content\/uploads\/2025\/12\/le-cercle-horloger-13-750x500.jpg\" class=\"attachment-gallery size-gallery\" alt=\"Le Cercle Horloger (13)\" data-full-url=\"https:\/\/pokaa.fr\/wp-content\/uploads\/2025\/12\/01\/le-cercle-horloger-13.jpg\" decoding=\"async\" loading=\"lazy\"  \/>            <\/p>\n<p>                <img width=\"750\" height=\"500\" src=\"https:\/\/www.europesays.com\/fr\/wp-content\/uploads\/2025\/12\/le-cercle-horloger-6-750x500.jpg\" class=\"attachment-gallery size-gallery\" alt=\"Le Cercle Horloger (6)\" data-full-url=\"https:\/\/pokaa.fr\/wp-content\/uploads\/2025\/12\/01\/le-cercle-horloger-6.jpg\" decoding=\"async\" loading=\"lazy\"  \/>            <\/p>\n<p>                    \u00a9 Marie Goehner-David \/ Pokaa<\/p>\n<p>Gauthier rench\u00e9rit : \u00ab L\u2019artisanat, en g\u00e9n\u00e9ral, n\u2019est pas tr\u00e8s bien valoris\u00e9. Et pourtant, <strong>ce sont des savoir-faire pr\u00e9cieux, que nous voulons absolument maintenir, valoriser et transmettre.<\/strong> On n\u2019est pas l\u00e0 juste pour vendre, mais pour partager.\u00a0\u00bb<\/p>\n<p>Francis acquiesce, et conclut sur ces mots\u00a0: \u00ab <strong>Finalement, notre but, c\u2019est de d\u00e9poussi\u00e9rer le concept de l\u2019horlogerie, et de continuer \u00e0 faire vivre les m\u00e9tiers, connaissances et techniques qui vont avec.<\/strong>\u00a0\u00bb<\/p>\n<p>                <img width=\"750\" height=\"500\" src=\"https:\/\/www.europesays.com\/fr\/wp-content\/uploads\/2025\/12\/le-cercle-horloger-15-750x500.jpg\" class=\"attachment-gallery size-gallery\" alt=\"Le Cercle Horloger (15)\" data-full-url=\"https:\/\/pokaa.fr\/wp-content\/uploads\/2025\/12\/01\/le-cercle-horloger-15.jpg\" decoding=\"async\" loading=\"lazy\"  \/>            <\/p>\n<p>                <img width=\"333\" height=\"500\" src=\"https:\/\/www.europesays.com\/fr\/wp-content\/uploads\/2025\/12\/le-cercle-horloger-1-333x500.jpg\" class=\"attachment-gallery size-gallery\" alt=\"Le Cercle Horloger (1)\" data-full-url=\"https:\/\/pokaa.fr\/wp-content\/uploads\/2025\/12\/01\/le-cercle-horloger-1-1500x2250.jpg\" decoding=\"async\" loading=\"lazy\"  \/>            <\/p>\n<p>                <img width=\"750\" height=\"500\" src=\"https:\/\/www.europesays.com\/fr\/wp-content\/uploads\/2025\/12\/le-cercle-horloger-14-750x500.jpg\" class=\"attachment-gallery size-gallery\" alt=\"Le Cercle Horloger (14)\" data-full-url=\"https:\/\/pokaa.fr\/wp-content\/uploads\/2025\/12\/01\/le-cercle-horloger-14.jpg\" decoding=\"async\" loading=\"lazy\"  \/>            <\/p>\n<p>                    \u00a9 Marie Goehner-David \/ Pokaa<\/p>\n<p>            Le Cercle Horloger<\/p>\n<p>            Quoi ?<br \/>\n            Sp\u00e9cialiste des montres de luxe         <\/p>\n<p>            o\u00f9 ?<br \/>\n            15 rue Jean-Fr\u00e9d\u00e9ric-Oberlin, \u00e0 Strasbourg        <\/p>\n<p>                Plus d&rsquo;infos ?<\/p>\n<p><a href=\"https:\/\/www.le-cercle-horloger.com\/\" target=\"_blank\" rel=\"noopener\">Site web<\/a><\/p>\n<p><a href=\"https:\/\/www.instagram.com\/le_cercle_horloger\/\" target=\"_blank\" rel=\"noopener\">Page Instagram<\/a><\/p>\n<p><script async src=\"\/\/www.instagram.com\/embed.js\"><\/script><\/p>\n","protected":false},"excerpt":{"rendered":"Vous aimez les belles montres, ces pi\u00e8ces \u00e0 l\u2019histoire parfois unique ou au design plus moderne ? Pour&hellip;\n","protected":false},"author":2,"featured_media":576538,"comment_status":"","ping_status":"","sticky":false,"template":"","format":"standard","meta":{"footnotes":""},"categories":[2820],"tags":[1111,11,11647,18807,69068,1777,674,1011,27,775,6066,15422,12,25,640],"class_list":{"0":"post-576537","1":"post","2":"type-post","3":"status-publish","4":"format-standard","5":"has-post-thumbnail","7":"category-strasbourg","8":"tag-actu","9":"tag-actualites","10":"tag-boutique","11":"tag-cadeaux","12":"tag-cercle-horloger","13":"tag-eu","14":"tag-europe","15":"tag-fr","16":"tag-france","17":"tag-grand-est","18":"tag-horlogerie","19":"tag-montre","20":"tag-news","21":"tag-republique-francaise","22":"tag-strasbourg"},"share_on_mastodon":{"url":"https:\/\/pubeurope.com\/@fr\/115658794827211411","error":""},"_links":{"self":[{"href":"https:\/\/www.europesays.com\/fr\/wp-json\/wp\/v2\/posts\/576537","targetHints":{"allow":["GET"]}}],"collection":[{"href":"https:\/\/www.europesays.com\/fr\/wp-json\/wp\/v2\/posts"}],"about":[{"href":"https:\/\/www.europesays.com\/fr\/wp-json\/wp\/v2\/types\/post"}],"author":[{"embeddable":true,"href":"https:\/\/www.europesays.com\/fr\/wp-json\/wp\/v2\/users\/2"}],"replies":[{"embeddable":true,"href":"https:\/\/www.europesays.com\/fr\/wp-json\/wp\/v2\/comments?post=576537"}],"version-history":[{"count":0,"href":"https:\/\/www.europesays.com\/fr\/wp-json\/wp\/v2\/posts\/576537\/revisions"}],"wp:featuredmedia":[{"embeddable":true,"href":"https:\/\/www.europesays.com\/fr\/wp-json\/wp\/v2\/media\/576538"}],"wp:attachment":[{"href":"https:\/\/www.europesays.com\/fr\/wp-json\/wp\/v2\/media?parent=576537"}],"wp:term":[{"taxonomy":"category","embeddable":true,"href":"https:\/\/www.europesays.com\/fr\/wp-json\/wp\/v2\/categories?post=576537"},{"taxonomy":"post_tag","embeddable":true,"href":"https:\/\/www.europesays.com\/fr\/wp-json\/wp\/v2\/tags?post=576537"}],"curies":[{"name":"wp","href":"https:\/\/api.w.org\/{rel}","templated":true}]}}