{"id":576542,"date":"2025-12-04T01:53:19","date_gmt":"2025-12-04T01:53:19","guid":{"rendered":"https:\/\/www.europesays.com\/fr\/576542\/"},"modified":"2025-12-04T01:53:19","modified_gmt":"2025-12-04T01:53:19","slug":"incidents-a-nice-les-joueurs-denoncent-les-tentatives-de-minimisation-et-veulent-retablir-la-verite","status":"publish","type":"post","link":"https:\/\/www.europesays.com\/fr\/576542\/","title":{"rendered":"Incidents \u00e0 Nice\u00a0: les joueurs d\u00e9noncent \u00ab\u00a0les tentatives de minimisation\u00a0\u00bb et veulent \u00ab\u00a0r\u00e9tablir la v\u00e9rit\u00e9\u00a0\u00bb"},"content":{"rendered":"<p class=\"paragraph text_align_left lp-f-body-02\">Les joueurs de l\u2019OGC Nice veulent \u00ab r\u00e9tablir la v\u00e9rit\u00e9 \u00bb. Leur v\u00e9rit\u00e9. Ce mercredi soir, dans un communiqu\u00e9 commun <a href=\"https:\/\/www.ogcnice.com\/fr\/article\/129582\/retablir-la-verite-sur-les-evenements-recents.html\" target=\"_blank\" rel=\"noreferrer noopener\">publi\u00e9 sur le site du club<\/a>, ils ont d\u00e9nonc\u00e9 une volont\u00e9 de minimiser les faits, des d\u00e9faillances s\u00e9curitaires et un \u00ab manque de soutien \u00bb, apr\u00e8s <a href=\"https:\/\/www.leparisien.fr\/sports\/football\/ligue-1\/insultes-bousculades-climat-hostile-et-plaintes-ce-que-lon-sait-des-incidents-entre-les-joueurs-et-les-supporters-de-logc-nice-02-12-2025-KA5MHTW5QJBUHLKVRS4AAVCASM.php\" target=\"_blank\" rel=\"noreferrer noopener\">les graves incidents survenus dans la nuit de dimanche \u00e0 lundi<\/a>, quand ils ont \u00e9t\u00e9 pris pour cible par des supporters m\u00e9contents du club.<\/p>\n<p class=\"paragraph text_align_left lp-f-body-02\">\u00ab Plusieurs de nos joueurs et dirigeants ont \u00e9t\u00e9 directement victimes d\u2019agressions physiques (multiples crachats et coups) et verbales, est-il \u00e9crit. Florian Maurice, Terem Moffi, J\u00e9r\u00e9mie Boga et Jonathan Clauss ont notamment \u00e9t\u00e9 pris \u00e0 partie dans des conditions inacceptables. <a href=\"https:\/\/www.leparisien.fr\/sports\/football\/ligue-1\/terem-moffi-et-jeremie-boga-places-en-arret-de-travail-apres-avoir-ete-cibles-par-les-supporters-de-nice-01-12-2025-M2XLXHYYLJFVHBB4E3AP3Z6MYQ.php\" target=\"_blank\" rel=\"noreferrer noopener\">Deux d\u2019entre eux souffrent encore aujourd\u2019hui de s\u00e9quelles physiques<\/a> et psychologiques, les emp\u00eachant de reprendre sereinement la comp\u00e9tition. \u00bb.<\/p>\n<p class=\"paragraph text_align_left lp-f-body-02\">Manifestement remont\u00e9s, et d\u00e9sireux de \u00ab r\u00e9tablir la v\u00e9rit\u00e9 \u00bb, ils ont notamment d\u00e9nonc\u00e9 \u00ab les <a href=\"http:\/\/leparisien.fr\/sports\/football\/ligue-1\/insultes-secoues-et-bouscules-le-rapport-de-police-ne-confirme-pas-les-coups-apres-les-incidents-a-nice-02-12-2025-MCLJBJNYA5BANAF2GW6Y54HYFU.php\" target=\"_blank\" rel=\"noreferrer noopener\">tentatives de minimisation ou de d\u00e9formation des faits<\/a> par certaines personnes et organismes n\u2019ayant pas assist\u00e9 \u00e0 la sc\u00e8ne \u00bb. Ils ont \u00e9galement r\u00e9clam\u00e9 \u00ab une enqu\u00eate approfondie \u00bb et \u00ab la mise en lumi\u00e8re des responsabilit\u00e9s \u00bb.<\/p>\n<p>Des mesures de s\u00e9curit\u00e9 \u00ab largement insuffisantes \u00bb<\/p>\n<p class=\"paragraph text_align_left lp-f-body-02\">Alors que plus de 200 supporters en col\u00e8re les attendaient au centre d\u2019entra\u00eenement du club, au retour d\u2019un match perdu (3-1) \u00e0 Lorient dimanche, l\u2019effectif ni\u00e7ois a encore dit \u00ab d\u00e9plorer avec la plus grande fermet\u00e9 les d\u00e9faillances constat\u00e9es dans l\u2019organisation et la gestion du dispositif de s\u00e9curit\u00e9 \u00bb.<\/p>\n<p class=\"paragraph text_align_left lp-f-body-02\">\u00ab Les services de police n\u2019ont pas proc\u00e9d\u00e9 \u00e0 la dispersion \u00bb d\u2019un \u00ab grand nombre d\u2019individus cagoul\u00e9s, \u00e9l\u00e9ments clairement identifi\u00e9s comme interdits sur la voie publique \u00bb, \u00ab ni \u00e0 une intervention adapt\u00e9e \u00e0 la gravit\u00e9 de la situation \u00bb, ont-ils fustig\u00e9. Selon eux, \u00ab compte tenu du contexte, du nombre de supporters pr\u00e9sents et de leur virulence manifeste, les mesures mises en place \u00e9taient largement insuffisantes \u00bb.<\/p>\n<p class=\"paragraph text_align_left lp-f-body-02\">Ces incidents ont entra\u00een\u00e9 lundi le d\u00e9p\u00f4t de plaintes puis <a href=\"https:\/\/www.leparisien.fr\/sports\/football\/ligue-1\/football-le-parquet-confirme-louverture-dune-enquete-suite-aux-violences-subies-par-les-joueurs-nicois-moffi-et-boga-02-12-2025-CR4QFT2MDZAGDNIUYC7XYQ2NGA.php\" target=\"_blank\" rel=\"noreferrer noopener\">l\u2019ouverture d\u2019une enqu\u00eate le lendemain par le parquet de Nice<\/a> pour \u00ab violences aggrav\u00e9es, participation \u00e0 un groupement pr\u00e9parant des violences ou d\u00e9gradations et non-emp\u00eachement d\u2019un d\u00e9lit contre l\u2019int\u00e9grit\u00e9 corporelle \u00bb.<\/p>\n<p class=\"paragraph text_align_left lp-f-body-02\">Le <a href=\"https:\/\/www.leparisien.fr\/sports\/football\/ligue-1\/incidents-a-nice-les-ultras-nicois-communiquent-et-assurent-avoir-contribue-a-lapaisement-02-12-2025-WNE3BZSYXND3TIK4P2B5JQHUTU.php\" target=\"_blank\" rel=\"noreferrer noopener\">club de Nice a \u00e0 son tour d\u00e9pos\u00e9 plainte contre X<\/a> mardi soir. Les ultras ni\u00e7ois ont eux publi\u00e9 un communiqu\u00e9 dans lequel ils ont dit \u00ab ne pas \u00eatre \u00e0 l\u2019origine \u00bb de la manifestation. Nice, qui a perdu ses six derniers matchs, doit recevoir dimanche Angers en Ligue 1 et le match a \u00e9t\u00e9 class\u00e9 \u00e0 hauts risques.<\/p>\n","protected":false},"excerpt":{"rendered":"Les joueurs de l\u2019OGC Nice veulent \u00ab r\u00e9tablir la v\u00e9rit\u00e9 \u00bb. Leur v\u00e9rit\u00e9. Ce mercredi soir, dans un&hellip;\n","protected":false},"author":2,"featured_media":576543,"comment_status":"","ping_status":"","sticky":false,"template":"","format":"standard","meta":{"footnotes":""},"categories":[2819],"tags":[1111,11,1777,674,63,1011,27,66,12,2401,882,25,60],"class_list":{"0":"post-576542","1":"post","2":"type-post","3":"status-publish","4":"format-standard","5":"has-post-thumbnail","7":"category-nice","8":"tag-actu","9":"tag-actualites","10":"tag-eu","11":"tag-europe","12":"tag-football","13":"tag-fr","14":"tag-france","15":"tag-ligue-1","16":"tag-news","17":"tag-nice","18":"tag-provence-alpes-cote-dazur","19":"tag-republique-francaise","20":"tag-sports"},"share_on_mastodon":{"url":"https:\/\/pubeurope.com\/@fr\/115658804757457913","error":""},"_links":{"self":[{"href":"https:\/\/www.europesays.com\/fr\/wp-json\/wp\/v2\/posts\/576542","targetHints":{"allow":["GET"]}}],"collection":[{"href":"https:\/\/www.europesays.com\/fr\/wp-json\/wp\/v2\/posts"}],"about":[{"href":"https:\/\/www.europesays.com\/fr\/wp-json\/wp\/v2\/types\/post"}],"author":[{"embeddable":true,"href":"https:\/\/www.europesays.com\/fr\/wp-json\/wp\/v2\/users\/2"}],"replies":[{"embeddable":true,"href":"https:\/\/www.europesays.com\/fr\/wp-json\/wp\/v2\/comments?post=576542"}],"version-history":[{"count":0,"href":"https:\/\/www.europesays.com\/fr\/wp-json\/wp\/v2\/posts\/576542\/revisions"}],"wp:featuredmedia":[{"embeddable":true,"href":"https:\/\/www.europesays.com\/fr\/wp-json\/wp\/v2\/media\/576543"}],"wp:attachment":[{"href":"https:\/\/www.europesays.com\/fr\/wp-json\/wp\/v2\/media?parent=576542"}],"wp:term":[{"taxonomy":"category","embeddable":true,"href":"https:\/\/www.europesays.com\/fr\/wp-json\/wp\/v2\/categories?post=576542"},{"taxonomy":"post_tag","embeddable":true,"href":"https:\/\/www.europesays.com\/fr\/wp-json\/wp\/v2\/tags?post=576542"}],"curies":[{"name":"wp","href":"https:\/\/api.w.org\/{rel}","templated":true}]}}