{"id":576544,"date":"2025-12-04T01:54:24","date_gmt":"2025-12-04T01:54:24","guid":{"rendered":"https:\/\/www.europesays.com\/fr\/576544\/"},"modified":"2025-12-04T01:54:24","modified_gmt":"2025-12-04T01:54:24","slug":"tes-ou-philipe-katerine-le-touchant-doc-de-son-ami-nantais-de-35-ans","status":"publish","type":"post","link":"https:\/\/www.europesays.com\/fr\/576544\/","title":{"rendered":"\u00ab\u00a0T\u2019es o\u00f9 Philipe Katerine\u00a0?\u00a0\u00bb, le touchant doc de son ami nantais de 35\u00a0ans"},"content":{"rendered":"<p>Le film commence par <a href=\"https:\/\/www.ouest-france.fr\/jeux-olympiques\/jo-2024-philippe-katerine-chante-nu-on-interdit-de-montrer-des-fesses-mais-pas-des-massacres-a970dd90-4c26-11ef-b8ce-b2976298b162\" target=\"_blank\" rel=\"noopener\">Philippe Katerine \u00e0 la c\u00e9r\u00e9monie d\u2019ouverture des JO de Paris.<\/a> Et cette question en voix off\u00a0: que s\u2019est-il pass\u00e9\u00a0? Comment, lui, le timide, le fragile, le discret qui dans sa jeunesse rougissait sans cesse a-t-il pu se retrouver l\u00e0, apparaissant quasiment \u00e0 poil aux yeux du monde\u00a0?<\/p>\n<p>La question est pos\u00e9e par Ga\u00ebtan Chataignier, son ami de 35\u00a0ans qui signe le documentaire \u00a0T\u2019es o\u00f9 Philippe Katerine\u00a0?\u00a0, qui sera diffus\u00e9 ce vendredi 5\u00a0d\u00e9cembre sur France 5.\u00a0Ga\u00ebtan, qui vit aujourd\u2019hui \u00e0 Nantes, \u00e9tait de Beaurepaire en Vend\u00e9e.\u00a0Leur rencontre a d\u00e9marr\u00e9, ados, sur une histoire de vomi. Quelqu\u2019un avait vomi sur Ga\u00ebtan et Philippe l\u2019avait sorti de cette situation d\u00e9sagr\u00e9able avec \u00e9l\u00e9gance et bienveillance en lui pr\u00eatant sa veste.<\/p>\n<p>Un Philippe vraiment \u00e0 poil<\/p>\n<p>Ces deux-l\u00e0 ne se sont plus jamais quitt\u00e9s. Ils ont tout partag\u00e9 et fait de la musique ensemble. Puis, Ga\u00ebtan a troqu\u00e9 sa basse des Little rabbits contre une cam\u00e9ra.<a href=\"https:\/\/rennes.maville.com\/sport\/detail_-dans-la-foulee-des-jo-philippe-katerine-sort-le-clip-de-nu-qui-approche-le-million-de-vues-_53511-6402309_actu.Htm\" target=\"_self\" rel=\"noopener\"> Il a sign\u00e9 les clips de son pote<\/a>. Et film\u00e9 tout le temps. Dans ce film, il y a ces images, des archives de jeunesse et il se fait raconter ce Philippe \u00a0\u00e0 l\u2019Ouest\u00a0 par sa maman. Par sa s\u0153ur Anne, celle-l\u00e0 m\u00eame, lors de ses ann\u00e9es nantaises, qu\u2019il faisait chanter sous le nom de Bruno sur \u00a0L\u2019\u00e9ducation anglaise\u00a0. Du temps o\u00f9 il n\u2019aimait pas sa voix. Au fil des images, on voit la chenille devenir papillon, un Philippe vraiment \u00e0 poil  et  une amiti\u00e9 se raconter.<\/p>\n<p>Dr\u00f4le, po\u00e9tique, touchant, le doc est une merveilleuse d\u00e9claration d\u2019amiti\u00e9 en rose et bleu. \u00a0Avec Philippe, on se sent toujours un peu plus vivant  . Tu m\u2019\u00e9pates mon pote. Tu me nourris.\u00a0\u00bb<\/p>\n<p><strong>Vendredi 5\u00a0d\u00e9cembre,<\/strong> \u00e0 22\u00a0h\u00a055 sur France 5 et en replay sur France TV.<\/p>\n<p>\u00a0<\/p>\n","protected":false},"excerpt":{"rendered":"Le film commence par Philippe Katerine \u00e0 la c\u00e9r\u00e9monie d\u2019ouverture des JO de Paris. Et cette question en&hellip;\n","protected":false},"author":2,"featured_media":576545,"comment_status":"","ping_status":"","sticky":false,"template":"","format":"standard","meta":{"footnotes":""},"categories":[2818],"tags":[42537,1111,11,6484,1764,61382,1777,674,1011,27,13602,4715,766,12,2636,69069,25,69070],"class_list":{"0":"post-576544","1":"post","2":"type-post","3":"status-publish","4":"format-standard","5":"has-post-thumbnail","7":"category-nantes","8":"tag-42537","9":"tag-actu","10":"tag-actualites","11":"tag-ami","12":"tag-ans","13":"tag-doc","14":"tag-eu","15":"tag-europe","16":"tag-fr","17":"tag-france","18":"tag-katerine","19":"tag-nantais","20":"tag-nantes","21":"tag-news","22":"tag-pays-de-la-loire","23":"tag-philipe","24":"tag-republique-francaise","25":"tag-touchant"},"share_on_mastodon":{"url":"https:\/\/pubeurope.com\/@fr\/115658808720547096","error":""},"_links":{"self":[{"href":"https:\/\/www.europesays.com\/fr\/wp-json\/wp\/v2\/posts\/576544","targetHints":{"allow":["GET"]}}],"collection":[{"href":"https:\/\/www.europesays.com\/fr\/wp-json\/wp\/v2\/posts"}],"about":[{"href":"https:\/\/www.europesays.com\/fr\/wp-json\/wp\/v2\/types\/post"}],"author":[{"embeddable":true,"href":"https:\/\/www.europesays.com\/fr\/wp-json\/wp\/v2\/users\/2"}],"replies":[{"embeddable":true,"href":"https:\/\/www.europesays.com\/fr\/wp-json\/wp\/v2\/comments?post=576544"}],"version-history":[{"count":0,"href":"https:\/\/www.europesays.com\/fr\/wp-json\/wp\/v2\/posts\/576544\/revisions"}],"wp:featuredmedia":[{"embeddable":true,"href":"https:\/\/www.europesays.com\/fr\/wp-json\/wp\/v2\/media\/576545"}],"wp:attachment":[{"href":"https:\/\/www.europesays.com\/fr\/wp-json\/wp\/v2\/media?parent=576544"}],"wp:term":[{"taxonomy":"category","embeddable":true,"href":"https:\/\/www.europesays.com\/fr\/wp-json\/wp\/v2\/categories?post=576544"},{"taxonomy":"post_tag","embeddable":true,"href":"https:\/\/www.europesays.com\/fr\/wp-json\/wp\/v2\/tags?post=576544"}],"curies":[{"name":"wp","href":"https:\/\/api.w.org\/{rel}","templated":true}]}}