{"id":576550,"date":"2025-12-04T01:58:17","date_gmt":"2025-12-04T01:58:17","guid":{"rendered":"https:\/\/www.europesays.com\/fr\/576550\/"},"modified":"2025-12-04T01:58:17","modified_gmt":"2025-12-04T01:58:17","slug":"notre-selection-des-sorties-culturelles-a-ne-pas-manquer-en-decembre-a-bordeaux","status":"publish","type":"post","link":"https:\/\/www.europesays.com\/fr\/576550\/","title":{"rendered":"Notre s\u00e9lection des sorties culturelles \u00e0 ne pas manquer en d\u00e9cembre \u00e0 Bordeaux"},"content":{"rendered":"<p>                    Par<br \/>\n        <strong><br \/>\n            <a href=\"https:\/\/actu.fr\/auteur\/juliette-cardinale\" title=\"Consulter tous les articles de Juliette Cardinale\" target=\"_blank\" rel=\"noopener\">Juliette Cardinale<\/a><br \/>\n                    <\/strong><\/p>\n<p>        Publi\u00e9 le<\/p>\n<p>            3 d\u00e9c. 2025 \u00e0 19h32        <\/p>\n<p>Concerts, expositions, pi\u00e8ce de th\u00e9\u00e2tre, ballet\u2026 Pour ce dernier mois de l\u2019ann\u00e9e 2025, la r\u00e9daction <a href=\"https:\/\/actu.fr\/bordeaux\/\" target=\"_blank\" rel=\"noopener\">d\u2019actu Bordeaux<\/a> a s\u00e9lectionn\u00e9 <strong>dix id\u00e9es de sorties culturelles<\/strong> qui valent le d\u00e9tour. Comme tous les mois, <strong>l\u2019offre est riche<\/strong> dans la ville qui ne m\u00e9rite plus son surnom de Belle Endormie. Pour aiguiller un public qui ne saurait o\u00f9 aller, on vous aide \u00e0 faire un petit tri. Attention, certains spectacles n\u2019ont plus beaucoup de places disponibles alors ne tardez pas\u2026<\/p>\n<p>De la danse au Femina<\/p>\n<p class=\" wall-content\">C\u00e9l\u00e8bre danseuse et chor\u00e9graphe, <strong>Marie-Claude Pietragalla<\/strong> rend hommage \u00e0 Barbara sur la sc\u00e8ne du Femina. Trois repr\u00e9sentations, de ce jeudi\u00a04 au samedi 6\u00a0d\u00e9cembre, pour lesquelles il reste quelques places. L\u2019artiste se m\u00e9tamorphose sur sc\u00e8ne et interpr\u00e8te la profondeur des <strong>musiques de Barbara.<\/strong><\/p>\n<p class=\" wall-content\">\n<p class=\" wall-content\">\u00ab\u2009Sa danse devient <strong>un langage vibrant,<\/strong> traduisant les paroles et les m\u00e9lodies embl\u00e9matiques de l\u2019artiste\u2009\u00bb, souligne le Femina. \u00ab\u2009Les souvenirs, les joies et les peines se mat\u00e9rialisent dans chaque pas, offrant au public une exp\u00e9rience visuelle et \u00e9motionnelle unique.\u2009\u00bb<\/p>\n<p>Les 4, 5 et 6\u00a0d\u00e9cembre\u00a0<a href=\"https:\/\/theatrefemina.com\/evenement\/barbara-pietragalla\/\" target=\"_blank\" rel=\"noopener\">au Femina<\/a>Du hip-hop au Grand Parc<\/p>\n<p class=\" wall-content\">Ces vendredi\u00a05 et samedi 6\u00a0d\u00e9cembre, la salle des f\u00eates du Grand Parc accueille la quatri\u00e8me \u00e9dition <strong>du festival Rest in Zik.<\/strong> Pour cette nouvelle ann\u00e9e \u00ab\u2009encore plus hip-hop\u2009\u00bb, le rap fran\u00e7ais est toujours \u00e0 l\u2019honneur. On retrouvera sur sc\u00e8ne Sinik, LIM, La Brigade, Melan, Triptik et Juste Shani. Mais ce n\u2019est pas tout\u2009: <strong>un Open Mic,<\/strong> des DJ, une battle de danse et du graff sont notamment au rendez-vous.<\/p>\n<p>Les 5 et 6\u00a0d\u00e9cembre dans la\u00a0<a href=\"https:\/\/shotgun.live\/fr\/festivals\/rest-in-zik-festival\" target=\"_blank\" rel=\"noopener\">salle des f\u00eates du Grand Parc<\/a>Du metal \u00e0 l\u2019Ark\u00e9a Arena<\/p>\n<p class=\" wall-content\">Les trois concerts d\u2019Indochine \u00e0 l\u2019Ark\u00e9a Arena affichent complets d\u00e9but d\u00e9cembre. Pas de panique, ce n\u2019est <strong>pas le seul groupe fran\u00e7ais<\/strong> reconnu \u00e0 investir la sc\u00e8ne de la salle de Floirac. \u00c0 l\u2019heure o\u00f9 nous \u00e9crivons ces lignes, il reste quelques places pour aller applaudir les membres de Gojira ce mardi 9\u00a0d\u00e9cembre \u00e0 19h30. Un show <strong>assur\u00e9ment enflamm\u00e9<\/strong> attend le <a href=\"https:\/\/actu.fr\/nouvelle-aquitaine\/bordeaux_33063\/apres-la-ceremonie-d-ouverture-des-jeux-olympiques-gojira-va-enflammer-l-arkea-arena-de-bordeaux_61649706.html\" target=\"_blank\" rel=\"noopener\">public du ph\u00e9nom\u00e8ne metal\u00a0<\/a>appr\u00e9ci\u00e9 \u00e0 travers le monde.<\/p>\n<p>Votre r\u00e9gion, votre actu !<\/p>\n<p>Recevez chaque jour les infos qui comptent pour vous.<\/p>\n<p>\t<a href=\"https:\/\/actu.fr\/newsletter\" class=\"ac-btn ac-btn--corner ac-btn--medium ac-btn--blue800\" target=\"_blank\" rel=\"noopener\">S&rsquo;incrire<\/a><br \/>\nLe 9\u00a0d\u00e9cembre<a href=\"https:\/\/www.arkeaarena.com\/evenements\/gojira-en-concert-09-decembre-2025-billetterie-bordeaux\" target=\"_blank\" rel=\"noopener\"> \u00e0 l\u2019Arkea Arena<\/a><\/p>\n<p class=\" wall-content\">\n<p>Une soir\u00e9e avec Jenifer au Pin Galant<\/p>\n<p class=\" wall-content\">Jeudi 11\u00a0d\u00e9cembre, il reste quelques places pour aller voir <strong>Jenifer<\/strong> \u00ab\u2009partager un moment unique et intime\u2009\u00bb avec son public sur la sc\u00e8ne du Pin Galant. On ne pr\u00e9sente plus la <strong>chanteuse de Ma R\u00e9volution et <\/strong><strong>Au Soleil<\/strong>.\u00a0Mais depuis le milieu des ann\u00e9es 2000, Jenifer a sorti neuf autres albums et une compilation intitul\u00e9e Jukebox.<\/p>\n<p class=\" wall-content\">C\u2019est aussi le nom de sa tourn\u00e9e avec un <strong>concept participatif<\/strong>\u2009: d\u00e8s son arriv\u00e9e dans la salle, le public est invit\u00e9 \u00e0 utiliser son t\u00e9l\u00e9phone pour <strong>composer sa playlist<\/strong> parmi les titres propos\u00e9s. \u00ab\u2009\u00c0 quelques minutes de son entr\u00e9e sur sc\u00e8ne, Jenifer d\u00e9couvrira la s\u00e9lection coup de c\u0153ur du public\u2009\u00bb, d\u00e9taille la production.<\/p>\n<p>Le 11\u00a0d\u00e9cembre <a href=\"https:\/\/www.lepingalant.com\/fr\/evenement\/jenifer\/\" target=\"_blank\" rel=\"noopener\">au Pin Galant<\/a>La grande pr\u00eatresse Sarah McCoy au Rocher de Palmer<\/p>\n<p class=\" wall-content\">De l\u2019autre c\u00f4t\u00e9 de la m\u00e9tropole, c\u2019est <strong>Sarah McCoy<\/strong> que l\u2019on retrouve le m\u00eame soir sur la sc\u00e8ne du Rocher de Palmer \u00e0 Cenon. Avec sa tourn\u00e9e High Priestess (ou grande pr\u00eatresse en fran\u00e7ais), la chanteuse et pianiste am\u00e9ricaine s\u00e9duit le public partout o\u00f9 elle passe.<\/p>\n<p class=\" wall-content\">\u00ab\u2009On ne se lasse pas des performances sc\u00e9niques et du puissant bagou de cette divine diablesse, guide hautement spirituelle d\u2019une <strong>chanson blues-jazz revisit\u00e9e,<\/strong> habit\u00e9e, voire poss\u00e9d\u00e9e\u2009\u00bb, \u00e9crit la salle de spectacle. Pour cette tourn\u00e9e o\u00f9 elle est seule au piano, Sarah McCoy entraine le public dans un set tour \u00e0 tour \u00e9mouvant et intense.<\/p>\n<p>Le 11\u00a0d\u00e9cembre <a href=\"https:\/\/lerocherdepalmer.fr\/agenda\/sarah-mccoy-1\" target=\"_blank\" rel=\"noopener\">au Rocher de Palmer<\/a><\/p>\n<p class=\" wall-content\">\n<p>Une l\u00e9gende artistique au CAPC<\/p>\n<p class=\" wall-content\">Rammellzee a marqu\u00e9 la contre-culture hip-hop des ann\u00e9es\u00a01970 et\u00a01980. <strong>L\u2019artiste new-yorkais<\/strong> a multipli\u00e9 les pratiques\u2009: graffiti, peinture, sculpture, performances, mode\u2026 Son univers unique a influenc\u00e9 des artistes \u00e0 travers le monde. Jusqu\u2019en avril prochain, l\u2019exposition du CAPC r\u00e9pond \u00e0 celle qui s\u2019est d\u00e9roul\u00e9e de f\u00e9vrier \u00e0 septembre au Palais de Tokyo \u00e0 Paris.<\/p>\n<p class=\" wall-content\"><a href=\"https:\/\/www.instagram.com\/p\/DRku5yujB8w\/embed\" title=\"Ouvrir le lien sur Instagram\" target=\"_blank\" rel=\"noopener\">Visualiser le contenu sur Instagram<\/a><\/p>\n<p class=\" wall-content\">Dans Rammellzee Alphabeta Sigma (Face B), le CAPC remet aussi <strong>dans son contexte<\/strong> la production de Rammellzee, avec des \u0153uvres de Madonna, Jean-Michel Basquiat, Andy Warhol\u2026<\/p>\n<p>Une pi\u00e8ce contemporaine au th\u00e9\u00e2tre des Beaux-Arts<\/p>\n<p class=\" wall-content\">La compagnie La Machine \u00e0 Pingouins pr\u00e9sente la pi\u00e8ce Monologue Culinaire de et avec Luis Alberto Rodr\u00edguez au th\u00e9\u00e2tre des Beaux-Arts. Du 3 au 13\u00a0d\u00e9cembre, c\u2019est l\u2019occasion de d\u00e9couvrir une <strong>cr\u00e9ation contemporaine<\/strong>. \u00ab\u2009Luis Alberto Rodr\u00edguez remonte le fil de sa vie en pr\u00e9parant un repas mexicain, devant nous, \u00e0 coups d\u2019\u00e9pices et d\u2019odeurs fumantes\u2009\u00bb, explique la compagnie. Il \u00ab\u2009n\u2019h\u00e9site pas \u00e0 d\u00e9miner les clich\u00e9s et tout faire d\u00e9border par la fiction et l\u2019auto-d\u00e9rision. Car il le sait, \u00e9voquer le Mexique, c\u2019est aussi activer un imaginaire exotique, parfois caricatural.\u2009\u00bb<\/p>\n<p class=\" wall-content\">Attention, <strong>les bonnes<\/strong> odeurs d\u00e9gag\u00e9es par la pr\u00e9paration de Luis Alberto Rodr\u00edguez pourraient donner faim aux spectateurs\u2009: pr\u00e9voyez de bien manger avant (ou apr\u00e8s).<\/p>\n<p>Du 3 au 13\u00a0d\u00e9cembre <a href=\"https:\/\/www.theatre-beauxarts.fr\/programmation-theatre-bordeaux\/spectacles\/monologue-culinaire\/\" target=\"_blank\" rel=\"noopener\">au Th\u00e9\u00e2tre des Beaux-Arts<\/a>Immersion dans l\u2019oc\u00e9an aux Bassins des Lumi\u00e8res<\/p>\n<p class=\" wall-content\">Envie d\u2019\u00eatre totalement d\u00e9pays\u00e9\u2009? Aux Bassins des Lumi\u00e8res, l\u2019exposition Oc\u00e9an vous plonge (jeu de mots facile, certes) au c\u0153ur d\u2019un univers subaquatique. Sur les murs d\u00e9fileront des <strong>mammif\u00e8res marins taille r\u00e9elle,<\/strong> des coraux, des bancs de poissons ou des m\u00e9duses\u2026 sur une bande-son enregistr\u00e9e dans les fonds marins.<\/p>\n<p>    <img   decoding=\"async\" loading=\"lazy\" src=\"https:\/\/www.europesays.com\/fr\/wp-content\/uploads\/2025\/12\/ocean-base-sous-marine-bordeaux-960x640.jpg\" alt=\"L'exposition Oc\u00e9an aux Bassins des lumi\u00e8res \u00e0 Bordeaux.\" width=\"960\" height=\"640\"\/><br \/>\n    L\u2019exposition Oc\u00e9an aux Bassins des lumi\u00e8res \u00e0 Bordeaux. (\u00a9actu Bordeaux \/ Julian Doubax)<\/p>\n<p class=\" wall-content\">\u00ab\u2009Des <strong>profondeurs myst\u00e9rieuses<\/strong> \u00e0 la surface glaciale de la banquise en passant par les r\u00e9cifs coralliens multicolores, embarquez pour un voyage spectaculaire parmi pr\u00e8s d\u2019une centaine d\u2019esp\u00e8ces marines toutes plus fascinantes les unes que les autres\u2009\u00bb, soulignent les Bassins des Lumi\u00e8res.<\/p>\n<p>Jusqu\u2019au 1er\u00a0f\u00e9vrier\u00a0<a href=\"https:\/\/www.bassins-lumieres.com\/fr\/ocean?srsltid=AfmBOooObSY9f28UmhsyGbqgnEil0v-9MUZlAT3bpnmzEIbC5r7qT9r_\" target=\"_blank\" rel=\"noopener\">aux Bassins des Lumi\u00e8res<\/a>Du hip-hop et une bonne action \u00e0 la Rock School Barbey<\/p>\n<p class=\" wall-content\">Le dimanche 14\u00a0d\u00e9cembre, la Rock School Barbey accueille l\u2019\u00e9v\u00e8nement Unity &amp; Hope. Pour ce No\u00ebl solidaire, <strong>une battle de danse<\/strong> est au programme anim\u00e9e par Les Associ\u00e9s Crew, Le 4\u00e8me Art et Foksabouge. Le rappeur bordelais Maydo doit \u00e9galement se produire en showcase.<\/p>\n<p class=\" wall-content\">De 14h \u00e0 18h, l\u2019entr\u00e9e ne se fait pas avec un billet mais\u2026 <strong>un don de jouet.<\/strong> Il sera ensuite offert par le Secours Populaire \u00e0 des enfants pour No\u00ebl. Une belle occasion de passer un apr\u00e8s-midi culturel tout en faisant une bonne action.<\/p>\n<p>Le 14\u00a0d\u00e9cembre<a href=\"https:\/\/www.rockschool-barbey.com\/agenda\/1186\/unity-hope\" target=\"_blank\" rel=\"noopener\"> \u00e0 la Rock School Barbey<\/a>La sc\u00e8ne marocaine \u00e0 la M\u00e9ca<\/p>\n<p class=\" wall-content\">C\u2019est le <strong>dernier mois<\/strong> pour d\u00e9couvrir l\u2019exposition A\u00efta, fragments po\u00e9tiques d\u2019une sc\u00e8ne marocaine\u00a0au Frac Nouvelle-Aquitaine \u00e0 la M\u00e9ca. Depuis d\u00e9but juillet\u00a02025, le public peut y d\u00e9couvrir les \u0153uvres d\u2019une trentaine d\u2019artistes qui \u00ab\u2009mettent en lumi\u00e8re l\u2019incroyable <strong>inventivit\u00e9 des traditions orales,<\/strong> un art de conter et de se raconter, aiguis\u00e9 comme un outil d\u2019\u00e9mancipation et de lutte au Maroc\u2009\u00bb, explique le Frac.<\/p>\n<p>Jusqu\u2019au 4\u00a0janvier <a href=\"https:\/\/fracnouvelleaquitaine-meca.fr\/evenement\/aita\/\" target=\"_blank\" rel=\"noopener\">\u00e0 la M\u00e9ca<\/a><\/p>\n<p class=\" wall-content\">Personnalisez votre actualit\u00e9 en ajoutant vos villes et m\u00e9dias en favori avec <a href=\"https:\/\/moncompte.actu.fr\" title=\"D\u00e9couvez Mon Actu\" rel=\"nofollow noopener\" data-trk=\"{&quot;cta&quot;:{&quot;action&quot;:&quot;https:\\\/\\\/moncompte.actu.fr&quot;,&quot;category&quot;:&quot;mon compte&quot;,&quot;from&quot;:&quot;article footer&quot;,&quot;name&quot;:&quot;Mon actu&quot;,&quot;type&quot;:&quot;cta&quot;}}\" target=\"_blank\">Mon Actu<\/a>.<\/p>\n<p>                    <script async src=\"\/\/www.instagram.com\/embed.js\"><\/script><\/p>\n","protected":false},"excerpt":{"rendered":"Par Juliette Cardinale Publi\u00e9 le 3 d\u00e9c. 2025 \u00e0 19h32 Concerts, expositions, pi\u00e8ce de th\u00e9\u00e2tre, ballet\u2026 Pour ce&hellip;\n","protected":false},"author":2,"featured_media":576551,"comment_status":"","ping_status":"","sticky":false,"template":"","format":"standard","meta":{"footnotes":""},"categories":[2817],"tags":[1111,11,1997,1697,1777,674,1011,27,1652,12,2219,25],"class_list":{"0":"post-576550","1":"post","2":"type-post","3":"status-publish","4":"format-standard","5":"has-post-thumbnail","7":"category-bordeaux","8":"tag-actu","9":"tag-actualites","10":"tag-bordeaux","11":"tag-concert","12":"tag-eu","13":"tag-europe","14":"tag-fr","15":"tag-france","16":"tag-loisirs-culture","17":"tag-news","18":"tag-nouvelle-aquitaine","19":"tag-republique-francaise"},"share_on_mastodon":{"url":"https:\/\/pubeurope.com\/@fr\/115658826021096964","error":""},"_links":{"self":[{"href":"https:\/\/www.europesays.com\/fr\/wp-json\/wp\/v2\/posts\/576550","targetHints":{"allow":["GET"]}}],"collection":[{"href":"https:\/\/www.europesays.com\/fr\/wp-json\/wp\/v2\/posts"}],"about":[{"href":"https:\/\/www.europesays.com\/fr\/wp-json\/wp\/v2\/types\/post"}],"author":[{"embeddable":true,"href":"https:\/\/www.europesays.com\/fr\/wp-json\/wp\/v2\/users\/2"}],"replies":[{"embeddable":true,"href":"https:\/\/www.europesays.com\/fr\/wp-json\/wp\/v2\/comments?post=576550"}],"version-history":[{"count":0,"href":"https:\/\/www.europesays.com\/fr\/wp-json\/wp\/v2\/posts\/576550\/revisions"}],"wp:featuredmedia":[{"embeddable":true,"href":"https:\/\/www.europesays.com\/fr\/wp-json\/wp\/v2\/media\/576551"}],"wp:attachment":[{"href":"https:\/\/www.europesays.com\/fr\/wp-json\/wp\/v2\/media?parent=576550"}],"wp:term":[{"taxonomy":"category","embeddable":true,"href":"https:\/\/www.europesays.com\/fr\/wp-json\/wp\/v2\/categories?post=576550"},{"taxonomy":"post_tag","embeddable":true,"href":"https:\/\/www.europesays.com\/fr\/wp-json\/wp\/v2\/tags?post=576550"}],"curies":[{"name":"wp","href":"https:\/\/api.w.org\/{rel}","templated":true}]}}