{"id":576553,"date":"2025-12-04T02:00:34","date_gmt":"2025-12-04T02:00:34","guid":{"rendered":"https:\/\/www.europesays.com\/fr\/576553\/"},"modified":"2025-12-04T02:00:34","modified_gmt":"2025-12-04T02:00:34","slug":"a-toulouse-jean-luc-moudenc-rempile-face-a-une-gauche-divisee","status":"publish","type":"post","link":"https:\/\/www.europesays.com\/fr\/576553\/","title":{"rendered":"\u00c0 Toulouse, Jean-Luc Moudenc rempile face \u00e0 une gauche divis\u00e9e"},"content":{"rendered":"<p>\u00c0 trois mois et demi du scrutin, la campagne des municipales commence tout juste \u00e0 prendre forme \u00e0 <a href=\"https:\/\/www.latribune.fr\/economie\/developpement-economique\/2025-01-14\/budget-2025-toulouse-face-au-defi-de-la-croissance-demographique-1015844.html\" target=\"_blank\" rel=\"noopener\">Toulouse<\/a>. La faute \u00e0 la crise politique travers\u00e9e par l\u2019ex\u00e9cutif depuis cet \u00e9t\u00e9.\u00a0\u00ab\u00a0J\u2019aurai trouv\u00e9 ind\u00e9cent d\u2019annoncer ma candidature alors que le pays \u00e9tait dans une impasse politique\u00a0\u00bb, glisse <a href=\"https:\/\/www.latribune.fr\/politique\/2024-10-09\/notre-action-municipale-se-veut-ouverte-et-pluraliste-jean-luc-moudenc-maire-de-toulouse-1008391.html\" target=\"_blank\" rel=\"noopener\">Jean-Luc Moudenc<\/a>. \u00c0 65 ans, l\u2019\u00e9dile soutenu par six formations de la droite et du centre a annonc\u00e9 d\u00e9but novembre qu\u2019il brigue un troisi\u00e8me mandat cons\u00e9cutif au Capitole, auquel s\u2019ajoute son premier exercice de 2004 \u00e0 2008. L\u2019\u00e9lu balaie d\u2019un revers de la main toute usure du pouvoir, misant sur son exp\u00e9rience prolong\u00e9e pour convaincre les \u00e9lecteurs de la Ville rose.\u00a0<\/p>\n<p>\u00ab L&rsquo;avantage d&rsquo;avoir effectu\u00e9 plusieurs mandats c&rsquo;est que les Toulousains ont sous leurs yeux le b\u00e9n\u00e9fice de la stabilit\u00e9. Cela contraste avec le chaos politique au niveau national. En cas d\u2019\u00e9lection d\u2019une alliance m\u00e9lenchoniste, je discerne pour Toulouse le risque d&rsquo;\u00e9tendre cette instabilit\u00e9 \u00e0 un chaos municipal \u00bb, fustige Jean-Luc Moudenc.<\/p>\n","protected":false},"excerpt":{"rendered":"\u00c0 trois mois et demi du scrutin, la campagne des municipales commence tout juste \u00e0 prendre forme \u00e0&hellip;\n","protected":false},"author":2,"featured_media":576554,"comment_status":"","ping_status":"","sticky":false,"template":"","format":"standard","meta":{"footnotes":""},"categories":[2816],"tags":[17,13041,1111,11,69073,1777,674,2823,1011,27,2383,69071,3102,61655,12,2680,69072,25,2312],"class_list":{"0":"post-576553","1":"post","2":"type-post","3":"status-publish","4":"format-standard","5":"has-post-thumbnail","7":"category-toulouse","8":"tag-17","9":"tag-a","10":"tag-actu","11":"tag-actualites","12":"tag-divisee","13":"tag-eu","14":"tag-europe","15":"tag-face","16":"tag-fr","17":"tag-france","18":"tag-gauche","19":"tag-jean-luc","20":"tag-la-tribune-dimanche","21":"tag-moudenc","22":"tag-news","23":"tag-occitanie","24":"tag-rempile","25":"tag-republique-francaise","26":"tag-toulouse"},"share_on_mastodon":{"url":"https:\/\/pubeurope.com\/@fr\/115658832143689968","error":""},"_links":{"self":[{"href":"https:\/\/www.europesays.com\/fr\/wp-json\/wp\/v2\/posts\/576553","targetHints":{"allow":["GET"]}}],"collection":[{"href":"https:\/\/www.europesays.com\/fr\/wp-json\/wp\/v2\/posts"}],"about":[{"href":"https:\/\/www.europesays.com\/fr\/wp-json\/wp\/v2\/types\/post"}],"author":[{"embeddable":true,"href":"https:\/\/www.europesays.com\/fr\/wp-json\/wp\/v2\/users\/2"}],"replies":[{"embeddable":true,"href":"https:\/\/www.europesays.com\/fr\/wp-json\/wp\/v2\/comments?post=576553"}],"version-history":[{"count":0,"href":"https:\/\/www.europesays.com\/fr\/wp-json\/wp\/v2\/posts\/576553\/revisions"}],"wp:featuredmedia":[{"embeddable":true,"href":"https:\/\/www.europesays.com\/fr\/wp-json\/wp\/v2\/media\/576554"}],"wp:attachment":[{"href":"https:\/\/www.europesays.com\/fr\/wp-json\/wp\/v2\/media?parent=576553"}],"wp:term":[{"taxonomy":"category","embeddable":true,"href":"https:\/\/www.europesays.com\/fr\/wp-json\/wp\/v2\/categories?post=576553"},{"taxonomy":"post_tag","embeddable":true,"href":"https:\/\/www.europesays.com\/fr\/wp-json\/wp\/v2\/tags?post=576553"}],"curies":[{"name":"wp","href":"https:\/\/api.w.org\/{rel}","templated":true}]}}