{"id":576557,"date":"2025-12-04T02:04:10","date_gmt":"2025-12-04T02:04:10","guid":{"rendered":"https:\/\/www.europesays.com\/fr\/576557\/"},"modified":"2025-12-04T02:04:10","modified_gmt":"2025-12-04T02:04:10","slug":"a-marseille-herve-menchon-quitte-le-groupe-des-ecologistes-2","status":"publish","type":"post","link":"https:\/\/www.europesays.com\/fr\/576557\/","title":{"rendered":"A Marseille, Herv\u00e9 Menchon quitte le groupe des \u00e9cologistes"},"content":{"rendered":"\n<p>Moi j\u2019aime la mer, mais je n\u2019aime pas le brouillard en mer\u00a0\u00bb, image Herv\u00e9 Menchon. Ce mercredi, l\u2019adjoint (EELV) \u00e0 la Mer a annonc\u00e9 dans un communiqu\u00e9 son d\u00e9part du groupe \u00c9cologistes et pluriel-s, invitant les autres \u00e9lus \u00ab\u00a0\u00e0 clarifier rapidement leur position\u00a0\u00bb.<\/p>\n<p>\u00ab\u00a0Ce n\u2019est pas une question d\u2019inimit\u00e9 ou de frustration, mais derni\u00e8rement des signaux ont \u00e9t\u00e9 envoy\u00e9s par des membres du groupe qui sont contraires aux orientations prises par mon parti\u00a0\u00bb, justifie-t-il. Alors que les \u00c9cologistes se sont prononc\u00e9s \u00e0 pr\u00e8s de 90% pour l\u2019alliance avec le Printemps marseillais (notre \u00e9dition du 15\/10), il cible ainsi l\u2019alliance du collectif Va\u00ef, men\u00e9 par l\u2019adjoint S\u00e9bastien Barles, avec les insoumis, mais aussi l\u2019implication du pr\u00e9sident (EELV) du groupe Fabien Perez dans le think tank \u00c9cologie des solutions, au c\u00f4t\u00e9 du conseiller r\u00e9gional (UCE) Christophe Madrolle. \u00ab\u00a0Chacun a le droit de d\u00e9fendre les valeurs auxquelles il croit, mais il faut de la coh\u00e9rence\u00a0\u00bb, plaide Herv\u00e9 Menchon. \u00ab\u00a0Je prends acte qu\u2019il quitte le groupe, mais je ne comprends pas la raison\u00a0\u00bb, r\u00e9pond de son c\u00f4t\u00e9 Fabien Perez, r\u00e9p\u00e9tant que \u00ab\u00a0ce groupe reste partie prenante de la majorit\u00e9, il n\u2019y a pas d\u2019ambigu\u00eft\u00e9\u00a0\u00bb. Quant au pr\u00e9sident du groupe Printemps marseillais Pierre Huguet (G.s), il indique qu\u2019il \u00ab\u00a0est bien s\u00fbr le bienvenu\u00a0\u00bb. Rappelant que le prochain conseil municipal est le dernier avant les municipales.<\/p>\n","protected":false},"excerpt":{"rendered":"Moi j\u2019aime la mer, mais je n\u2019aime pas le brouillard en mer\u00a0\u00bb, image Herv\u00e9 Menchon. Ce mercredi, l\u2019adjoint&hellip;\n","protected":false},"author":2,"featured_media":575980,"comment_status":"","ping_status":"","sticky":false,"template":"","format":"standard","meta":{"footnotes":""},"categories":[2814],"tags":[1111,11,1777,674,1011,27,3539,884,12,882,25],"class_list":{"0":"post-576557","1":"post","2":"type-post","3":"status-publish","4":"format-standard","5":"has-post-thumbnail","7":"category-marseille","8":"tag-actu","9":"tag-actualites","10":"tag-eu","11":"tag-europe","12":"tag-fr","13":"tag-france","14":"tag-les-ecologistes","15":"tag-marseille","16":"tag-news","17":"tag-provence-alpes-cote-dazur","18":"tag-republique-francaise"},"share_on_mastodon":{"url":"https:\/\/pubeurope.com\/@fr\/115658848130500808","error":""},"_links":{"self":[{"href":"https:\/\/www.europesays.com\/fr\/wp-json\/wp\/v2\/posts\/576557","targetHints":{"allow":["GET"]}}],"collection":[{"href":"https:\/\/www.europesays.com\/fr\/wp-json\/wp\/v2\/posts"}],"about":[{"href":"https:\/\/www.europesays.com\/fr\/wp-json\/wp\/v2\/types\/post"}],"author":[{"embeddable":true,"href":"https:\/\/www.europesays.com\/fr\/wp-json\/wp\/v2\/users\/2"}],"replies":[{"embeddable":true,"href":"https:\/\/www.europesays.com\/fr\/wp-json\/wp\/v2\/comments?post=576557"}],"version-history":[{"count":0,"href":"https:\/\/www.europesays.com\/fr\/wp-json\/wp\/v2\/posts\/576557\/revisions"}],"wp:featuredmedia":[{"embeddable":true,"href":"https:\/\/www.europesays.com\/fr\/wp-json\/wp\/v2\/media\/575980"}],"wp:attachment":[{"href":"https:\/\/www.europesays.com\/fr\/wp-json\/wp\/v2\/media?parent=576557"}],"wp:term":[{"taxonomy":"category","embeddable":true,"href":"https:\/\/www.europesays.com\/fr\/wp-json\/wp\/v2\/categories?post=576557"},{"taxonomy":"post_tag","embeddable":true,"href":"https:\/\/www.europesays.com\/fr\/wp-json\/wp\/v2\/tags?post=576557"}],"curies":[{"name":"wp","href":"https:\/\/api.w.org\/{rel}","templated":true}]}}