{"id":576558,"date":"2025-12-04T02:05:12","date_gmt":"2025-12-04T02:05:12","guid":{"rendered":"https:\/\/www.europesays.com\/fr\/576558\/"},"modified":"2025-12-04T02:05:12","modified_gmt":"2025-12-04T02:05:12","slug":"musique-de-fete-bab-kasbah-%c2%b7-isam-elias-live-le-makeda-marseille-marseille-13005-sortir-a-marseille","status":"publish","type":"post","link":"https:\/\/www.europesays.com\/fr\/576558\/","title":{"rendered":"Musique De F\u00ebte : Bab &#038; Kasbah \u00b7 Isam Elias Live &#8211; LE MAKEDA &#8211; MARSEILLE &#8211; Marseille, 13005 &#8211; Sortir \u00e0 Marseille"},"content":{"rendered":"<p>Le Makeda accueille une soir\u00e9e exceptionnelle plac\u00e9e sous le signe des rythmes orientaux, des sonorit\u00e9s \u00e9lectroniques et des voyages musicaux hybrides. Pour cette nouvelle date Musique de F\u00ebte, trois artistes phares de la sc\u00e8ne \u00e9lectro-orientale contemporaine se r\u00e9unissent pour un moment festif, intense et profond\u00e9ment inspir\u00e9.&#13;<br \/>\n&#13;<br \/>\nBAB&#13;<br \/>\nMembre du collectif Musique de f\u00eate, DJ, Bab brille \u00e9galement dans la production musicale \u00e0 travers son projet solo. Il a d\u00e9j\u00e0 sign\u00e9 sur des labels tels que Nowadays Records, Hard Fist, Crowdspacer et Macadam Mambo. Une musique inspir\u00e9e par des sonorit\u00e9s m\u00e9lodiques d&rsquo;Alg\u00e9rie, qui, associ\u00e9e aux synth\u00e9tiseurs et aux bo\u00eetes \u00e0 rythmes, offre une vision contemporaine de cet h\u00e9ritage. Un patchwork oscillant entre musique de club et musique traditionnelle.&#13;<br \/>\n&#13;<br \/>\nIl a d\u00e9j\u00e0 eu la chance de jouer au Rex Club \u00e0 Paris, \u00e0 Elsewhere \u00e0 NYC, au Bar Americas au Mexique, et bien d&rsquo;autres entre Berlin et Londres, mais aussi dans des festivals tels que Nuits Sonores, We Love Green, Le Bon Air, La f\u00eate de l&rsquo;Humanit\u00e9&#8230;&#13;<br \/>\n&#13;<br \/>\n  Instagram : https:\/\/www.instagram.com\/babmnd\/&#13;<br \/>\n  Youtube : https:\/\/www.youtube.com\/@babmnd&#13;<br \/>\n  Spotify : https:\/\/open.spotify.com\/intl-fr\/artist\/6d9aYoNbyYgHt8zUlOjyB4?si=ZHdd8U3pRYKObKm9XYOUCg&#13;<br \/>\n  Soundcloud : https:\/\/soundcloud.com\/babmnd &#13;<br \/>\n  TikTok : https:\/\/www.tiktok.com\/@babmnd&#13;<br \/>\n&#13;<br \/>\n KASBAH&#13;<br \/>\nLe DJ et producteur KasbaH est l&rsquo;un des artistes les plus innovants de la sc\u00e8ne \u00e9lectronique fran\u00e7aise et a fait le tour des plus grandes sc\u00e8nes (Cabaret Sauvage, Institut du Monde Arabe, Lollapalooza, Sziget, F\u00eate de L&rsquo;Humanit\u00e9, United We Stream, &#8230;). R\u00e9sident pendant 5 ans pour les soir\u00e9es Habibi Love, KasbaH a pu cimenter le lien entre les rythmes orientaux et la musique club des ann\u00e9es 90. Il s&rsquo;attache \u00e0 d\u00e9velopper un pont cr\u00e9atif entre la musique traditionnelle et la musique club, qu&rsquo;il appelle tradi\/club.&#13;<br \/>\n&#13;<br \/>\nMais KasbaH ne voyage plus seul. \u00c0 ses c\u00f4t\u00e9s se trouve d\u00e9sormais le collectif , qu&rsquo;il a cofond\u00e9 avec le label . Le collectif Musique de F\u00eate a pour but de mettre en lumi\u00e8re la sc\u00e8ne \u00e9lectronique orientale avec une s\u00e9rie de mixtapes et de soir\u00e9es en Europe et au Maghreb.&#13;<br \/>\n&#13;<br \/>\nLe collectif a \u00e9galement r\u00e9uni KasbaH et le producteur Bab, qui ont sorti l&rsquo;EP rai &amp; bass Mektoub 303 en juin dernier pour rendre hommage aux racines alg\u00e9riennes de KasbaH. Ils ont \u00e9galement cr\u00e9\u00e9 la r\u00e9sidence bimensuelle Salle des F\u00eates au Cabaret Sauvage \u00e0 Paris.&#13;<br \/>\n&#13;<br \/>\nAinsi, apr\u00e8s de nombreuses ann\u00e9es \u00e0 c\u00e9l\u00e9brer l&rsquo;acid, la techno, le breakbeat et la musique percussive, le producteur hyperactif sort son nouveau projet Bl\u00e9dard.es de France ++.&#13;<br \/>\n&#13;<br \/>\n  Instagram : https:\/\/www.instagram.com\/kasbahofficiel\/&#13;<br \/>\n  Facebook : https:\/\/www.facebook.com\/KasbaHofficiel\/?locale=fr_FR&#13;<br \/>\n  Youtube : https:\/\/www.youtube.com\/@KASBAHofficiel&#13;<br \/>\n  Spotify : https:\/\/open.spotify.com\/intl-fr\/artist\/1npID7VMjUphlLHTtks7B0?si=7_eOSB1tS86HJH9SwVs1Kg&#13;<br \/>\n  TikTok : https:\/\/www.tiktok.com\/@kasbah.official&#13;<br \/>\n&#13;<br \/>\n ISAM ELIAS&#13;<br \/>\nIsam Elias est un pianiste, compositeur, chanteur et auteur palestinien. N\u00e9 en 1991 \u00e0 Nazareth, il a \u00e9t\u00e9 tr\u00e8s t\u00f4t touch\u00e9 par la musique arabe traditionnelle et a commenc\u00e9 \u00e0 jouer du piano \u00e0 6 ans. &#13;<br \/>\n&#13;<br \/>\nIl a cofond\u00e9 le groupe Ghazall Band, en tant qu&rsquo;auteur, pianiste et clavi\u00e9riste. Leur&#13;<br \/>\npremier album A Tareeq, est sorti en 2017. La m\u00eame ann\u00e9e, Isam Elias est dipl\u00f4m\u00e9 de la Rimon School of Jazz &amp; Contemporary Music, avec une sp\u00e9cialisation en interpr\u00e9tation au piano et en production musicale.&#13;<br \/>\n&#13;<br \/>\nIl a \u00e9galement cofond\u00e9 Zenobia, un duo \u00e9lectrique combinant des m\u00e9lodies pop arabes, des rythmes dabkeh palestiniens\/syriens, des synth\u00e9s et des rythmes puissants avec des relents dub occasionnels. Ils ont sorti leur premier album Halak Halak en 2019 sous le label Crammed Discs Records.&#13;<br \/>\n&#13;<br \/>\nC&rsquo;est en 2024 qu&rsquo;Isam Elias cr\u00e9e son projet Solo \u00e0 Paris. Le projet lui-m\u00eame est un voyage \u00e0 travers productions occidentales et rythmes, mettant le piano au premier plan aux c\u00f4t\u00e9s de synth\u00e9tiseurs, avec des vibrations de danse afro-orientales et des touches de dancehall. M\u00ealant les m\u00e9lodies folkloriques orientales \u00e0 des sons \u00e9lectroniques puissants avec des rythmes de dabkeh et de danse du Moyen-Orient.&#13;<br \/>\n&#13;<br \/>\n  Instagram : https:\/\/www.instagram.com\/isam.elias\/&#13;<br \/>\n  Facebook : https:\/\/www.facebook.com\/isameliasofficial&#13;<br \/>\n  Spotify : https:\/\/open.spotify.com\/intl-fr\/artist\/11oxh46Sp5uHrNnGQ2qV7X?si=C2Be9k4eRKygUAlYLUQfwA<\/p>\n<p>https:\/\/shotgun.live\/fr\/events\/musique-de-fete<\/p>\n<p><script async src=\"\/\/www.instagram.com\/embed.js\"><\/script><script async src=\"\/\/www.tiktok.com\/embed.js\"><\/script><\/p>\n","protected":false},"excerpt":{"rendered":"Le Makeda accueille une soir\u00e9e exceptionnelle plac\u00e9e sous le signe des rythmes orientaux, des sonorit\u00e9s \u00e9lectroniques et des&hellip;\n","protected":false},"author":2,"featured_media":576559,"comment_status":"","ping_status":"","sticky":false,"template":"","format":"standard","meta":{"footnotes":""},"categories":[2814],"tags":[1111,11,1777,674,1011,27,884,12,882,25],"class_list":{"0":"post-576558","1":"post","2":"type-post","3":"status-publish","4":"format-standard","5":"has-post-thumbnail","7":"category-marseille","8":"tag-actu","9":"tag-actualites","10":"tag-eu","11":"tag-europe","12":"tag-fr","13":"tag-france","14":"tag-marseille","15":"tag-news","16":"tag-provence-alpes-cote-dazur","17":"tag-republique-francaise"},"share_on_mastodon":{"url":"https:\/\/pubeurope.com\/@fr\/115658851929076474","error":""},"_links":{"self":[{"href":"https:\/\/www.europesays.com\/fr\/wp-json\/wp\/v2\/posts\/576558","targetHints":{"allow":["GET"]}}],"collection":[{"href":"https:\/\/www.europesays.com\/fr\/wp-json\/wp\/v2\/posts"}],"about":[{"href":"https:\/\/www.europesays.com\/fr\/wp-json\/wp\/v2\/types\/post"}],"author":[{"embeddable":true,"href":"https:\/\/www.europesays.com\/fr\/wp-json\/wp\/v2\/users\/2"}],"replies":[{"embeddable":true,"href":"https:\/\/www.europesays.com\/fr\/wp-json\/wp\/v2\/comments?post=576558"}],"version-history":[{"count":0,"href":"https:\/\/www.europesays.com\/fr\/wp-json\/wp\/v2\/posts\/576558\/revisions"}],"wp:featuredmedia":[{"embeddable":true,"href":"https:\/\/www.europesays.com\/fr\/wp-json\/wp\/v2\/media\/576559"}],"wp:attachment":[{"href":"https:\/\/www.europesays.com\/fr\/wp-json\/wp\/v2\/media?parent=576558"}],"wp:term":[{"taxonomy":"category","embeddable":true,"href":"https:\/\/www.europesays.com\/fr\/wp-json\/wp\/v2\/categories?post=576558"},{"taxonomy":"post_tag","embeddable":true,"href":"https:\/\/www.europesays.com\/fr\/wp-json\/wp\/v2\/tags?post=576558"}],"curies":[{"name":"wp","href":"https:\/\/api.w.org\/{rel}","templated":true}]}}