{"id":576566,"date":"2025-12-04T02:10:33","date_gmt":"2025-12-04T02:10:33","guid":{"rendered":"https:\/\/www.europesays.com\/fr\/576566\/"},"modified":"2025-12-04T02:10:33","modified_gmt":"2025-12-04T02:10:33","slug":"lassemblee-nationale-rejette-finalement-sa-generalisation-a-une-courte-majorite","status":"publish","type":"post","link":"https:\/\/www.europesays.com\/fr\/576566\/","title":{"rendered":"l\u2019Assembl\u00e9e nationale rejette finalement sa g\u00e9n\u00e9ralisation \u00e0 une courte majorit\u00e9"},"content":{"rendered":"<p>                      <img loading=\"lazy\" decoding=\"async\" src=\"https:\/\/www.europesays.com\/fr\/wp-content\/uploads\/2025\/12\/1a37fae_ftp-import-images-1-iuxlhkrfcheu-5251444-01-06.jpg\" alt=\"Illustration.\"   width=\"664\" height=\"443\"\/>    Illustration.  FRED TANNEAU \/ AFP                        <\/p>\n<p class=\"article__paragraph  \">Ils avaient vot\u00e9 pour d\u00e9but novembre, mais un mois plus tard, finalement, c\u2019est non. Les d\u00e9put\u00e9s ont rejet\u00e9 \u00e0 une courte majorit\u00e9, mercredi 3\u00a0novembre, une mesure visant \u00e0 g\u00e9n\u00e9raliser l\u2019affichage du Nutri-Score sur de nombreux emballages d\u2019aliments. Le gouvernement \u00e9tait oppos\u00e9 \u00e0 cet \u00e9largissement qu\u2019il jugeait inadapt\u00e9, et contraire aux normes europ\u00e9ennes.<\/p>\n<p class=\"article__paragraph  \">Adopt\u00e9e en premi\u00e8re lecture \u00e0 l\u2019Assembl\u00e9e, la mesure visant \u00e0 imposer l\u2019affichage de cette \u00e9chelle de notation des aliments pouvant aller de A \u00e0 E, avait ensuite <a href=\"https:\/\/www.lemonde.fr\/planete\/article\/2025\/11\/22\/nutri-score-le-senat-s-oppose-a-la-generalisation-de-l-affichage-nutritionnel-sur-les-emballages_6654375_3244.html\" target=\"_blank\" rel=\"noopener\">\u00e9t\u00e9 rejet\u00e9e au S\u00e9nat<\/a>, dans le cadre de l\u2019examen du projet de budget de la S\u00e9curit\u00e9 sociale. Les entreprises qui auraient refus\u00e9 d\u2019afficher cette information auraient \u00e9t\u00e9 p\u00e9nalis\u00e9es d\u2019une taxe de 5\u00a0% sur leur chiffre d\u2019affaires, dont le produit aurait \u00e9t\u00e9 affect\u00e9 \u00e0 l\u2019Assurance-maladie.<\/p>\n<p class=\"article__paragraph  \">Soutenus par l\u2019essentiel de la gauche, malgr\u00e9 une poign\u00e9e d\u2019abstentions, et par une partie du camp gouvernemental, des amendements en ce sens ont \u00e9t\u00e9 repouss\u00e9s de justesse (120 voix contre 117).<\/p>\n<p>                                     Lire aussi |  Article r\u00e9serv\u00e9 \u00e0 nos abonn\u00e9s  <a href=\"https:\/\/www.lemonde.fr\/planete\/article\/2025\/11\/21\/nutri-score-le-debat-sur-la-generalisation-de-l-affichage-relance-lors-des-discussions-sur-le-budget-de-la-secu_6654258_3244.html\" class=\"js-article-read-also catcher--favoris__link\" data-premium=\"1\" id=\"article-title-3447498\" target=\"_blank\" rel=\"noopener\">Nutri-Score\u00a0: le d\u00e9bat sur la g\u00e9n\u00e9ralisation de l\u2019affichage relanc\u00e9 lors des discussions sur le budget de la \u00ab\u00a0S\u00e9cu\u00a0\u00bb<\/a>    <\/p>\n<p>   Lire plus tard  <\/p>\n<p class=\"article__paragraph  \">A l\u2019Assembl\u00e9e, des d\u00e9put\u00e9s de gauche et du MoDem ont d\u00e9fendu divers amendements allant d\u2019une g\u00e9n\u00e9ralisation large \u00e0 un dispositif plus restreint, avec des exceptions pouvant \u00eatre d\u00e9cr\u00e9t\u00e9es pour certains produits \u2013 appellation d\u2019origine contr\u00f4l\u00e9e (AOC), Label rouge,\u00a0etc. Le d\u00e9put\u00e9 (La France insoumise) de Gironde Lo\u00efc Prud\u2019homme a d\u00e9fendu une g\u00e9n\u00e9ralisation assez large, pour lutter contre des \u00ab\u00a0\u00e9pid\u00e9mies de maladies chroniques\u00a0\u00bb li\u00e9es \u00e0 \u00ab\u00a0la malbouffe\u00a0\u00bb. Le d\u00e9put\u00e9 (Renaissance) de l\u2019Aveyron Jean-Fran\u00e7ois Rousset a, lui, soutenu un Nutri-Score qui ne p\u00e8se pas sur \u00ab\u00a0les produits de nos terroirs, les AOP [appellation d\u2019origine prot\u00e9g\u00e9e], les IGP [indication g\u00e9ographique\u00a0prot\u00e9g\u00e9e]\u2026\u00a0\u00bb.<\/p>\n<p>                  La ministre de la sant\u00e9 pr\u00e9f\u00e8re le \u00ab\u00a0volontariat\u00a0\u00bb                  <\/p>\n<p class=\"article__paragraph  \">La ministre de la sant\u00e9, St\u00e9phanie Rist, s\u2019est oppos\u00e9e aux amendements, pr\u00e9f\u00e9rant \u00ab\u00a0poursuivre l\u2019augmentation du nombre de produits \u00e9tiquet\u00e9s avec le Nutri-Score sur la base du volontariat\u00a0\u00bb, et soulevant un \u00ab\u00a0probl\u00e8me de droit europ\u00e9en \u00e0 vouloir le rendre obligatoire\u00a0\u00bb. \u00ab\u00a0Une obligation nationale isol\u00e9e risque de cr\u00e9er une ins\u00e9curit\u00e9 juridique et une distorsion du march\u00e9\u00a0\u00bb, a abond\u00e9 la d\u00e9put\u00e9e (Rassemblement national) des Pyr\u00e9n\u00e9es-Orientales Sandrine Dogor-Suchs.<\/p>\n<p class=\"article__paragraph  \">Sur un autre volet les d\u00e9put\u00e9s ont en revanche adopt\u00e9 la version s\u00e9natoriale d\u2019une taxe sur les boissons \u00e9nergisantes alcoolis\u00e9es, ciblant notamment de nouveaux produits particuli\u00e8rement pris\u00e9s des jeunes comme la boisson Vody. Mais selon plusieurs d\u00e9put\u00e9s, l\u2019\u00e9criture s\u00e9natoriale engloberait un trop grand nombre de boissons m\u00e9langeant alcool fort et ingr\u00e9dients sucr\u00e9s et aromatis\u00e9s.<\/p>\n<p class=\"article__paragraph  \">Fr\u00e9d\u00e9ric Valletoux, pr\u00e9sident Horizons de la commission des affaires sociales, favorable \u00e0 une taxe sur les Vody, a jug\u00e9 que cette version pourrait \u00ab\u00a0toucher des productions alcoolis\u00e9es, traditionnelles\u00a0\u00bb, y compris des \u00ab\u00a0rhums fruit\u00e9s\u00a0\u00bb et de \u00ab\u00a0petites productions r\u00e9gionales\u00a0\u00bb. Il a annonc\u00e9 qu\u2019il solliciterait un nouveau vote sur cette mesure, qui devrait intervenir jeudi ou vendredi.<\/p>\n<p>                                           <img loading=\"lazy\" decoding=\"async\" src=\"https:\/\/www.europesays.com\/fr\/wp-content\/uploads\/2025\/12\/305747c_sirius-fs-upload-1-ml2gv4k0sep5-1742395408819-nutros.jpg\" width=\"86\" height=\"86\"\/>      \u00c9couter aussi   <a href=\"https:\/\/www.lemonde.fr\/podcasts\/article\/2025\/03\/20\/qui-veut-la-peau-du-nutri-score_6583755_5463015.html\" target=\"_blank\" rel=\"noopener\"> Qui veut la peau du Nutri-Score\u00a0? <\/a>                            <\/p>\n<p class=\"author__detail\">  Le Monde avec AFP  <\/p>\n<p>                <a href=\"https:\/\/www.lemonde.fr\/syndication\/\" class=\"reuse__content\" title=\"R\u00e9utiliser ce contenu\" target=\"_blank\" rel=\"noopener\">R\u00e9utiliser ce contenu<\/a>      <\/p>\n","protected":false},"excerpt":{"rendered":"Illustration. FRED TANNEAU \/ AFP Ils avaient vot\u00e9 pour d\u00e9but novembre, mais un mois plus tard, finalement, c\u2019est&hellip;\n","protected":false},"author":2,"featured_media":576567,"comment_status":"","ping_status":"","sticky":false,"template":"","format":"standard","meta":{"footnotes":""},"categories":[1888],"tags":[1111,1928,11,1927,1777,674,1011,27,12,1926,626,1925,25],"class_list":{"0":"post-576566","1":"post","2":"type-post","3":"status-publish","4":"format-standard","5":"has-post-thumbnail","7":"category-paris","8":"tag-actu","9":"tag-actu-paris","10":"tag-actualites","11":"tag-actualites-paris","12":"tag-eu","13":"tag-europe","14":"tag-fr","15":"tag-france","16":"tag-news","17":"tag-news-paris","18":"tag-paris","19":"tag-paris-news","20":"tag-republique-francaise"},"share_on_mastodon":{"url":"https:\/\/pubeurope.com\/@fr\/115658872595224429","error":""},"_links":{"self":[{"href":"https:\/\/www.europesays.com\/fr\/wp-json\/wp\/v2\/posts\/576566","targetHints":{"allow":["GET"]}}],"collection":[{"href":"https:\/\/www.europesays.com\/fr\/wp-json\/wp\/v2\/posts"}],"about":[{"href":"https:\/\/www.europesays.com\/fr\/wp-json\/wp\/v2\/types\/post"}],"author":[{"embeddable":true,"href":"https:\/\/www.europesays.com\/fr\/wp-json\/wp\/v2\/users\/2"}],"replies":[{"embeddable":true,"href":"https:\/\/www.europesays.com\/fr\/wp-json\/wp\/v2\/comments?post=576566"}],"version-history":[{"count":0,"href":"https:\/\/www.europesays.com\/fr\/wp-json\/wp\/v2\/posts\/576566\/revisions"}],"wp:featuredmedia":[{"embeddable":true,"href":"https:\/\/www.europesays.com\/fr\/wp-json\/wp\/v2\/media\/576567"}],"wp:attachment":[{"href":"https:\/\/www.europesays.com\/fr\/wp-json\/wp\/v2\/media?parent=576566"}],"wp:term":[{"taxonomy":"category","embeddable":true,"href":"https:\/\/www.europesays.com\/fr\/wp-json\/wp\/v2\/categories?post=576566"},{"taxonomy":"post_tag","embeddable":true,"href":"https:\/\/www.europesays.com\/fr\/wp-json\/wp\/v2\/tags?post=576566"}],"curies":[{"name":"wp","href":"https:\/\/api.w.org\/{rel}","templated":true}]}}