{"id":576572,"date":"2025-12-04T02:13:14","date_gmt":"2025-12-04T02:13:14","guid":{"rendered":"https:\/\/www.europesays.com\/fr\/576572\/"},"modified":"2025-12-04T02:13:14","modified_gmt":"2025-12-04T02:13:14","slug":"condamnation-de-christophe-gleizes-en-algerie-paris-proteste-la-famille-du-journaliste-abasourdie","status":"publish","type":"post","link":"https:\/\/www.europesays.com\/fr\/576572\/","title":{"rendered":"Condamnation de Christophe Gleizes en Alg\u00e9rie. Paris proteste, la famille du journaliste \u00ab\u00a0abasourdie\u00a0\u00bb"},"content":{"rendered":"<p>L\u2019annonce a stup\u00e9fi\u00e9 ses proches, les d\u00e9fenseurs de la presse et une partie de la classe politique fran\u00e7aise. La Cour d\u2019appel de Tizi Ouzou (Alg\u00e9rie) a confirm\u00e9 ce mercredi 3\u00a0d\u00e9cembre <a href=\"https:\/\/www.20minutes.fr\/sport\/4189488-20251203-algerie-10-ans-prison-requis-appel-encontre-journaliste-christophe-gleizes\" class=\"c-link c-link--is-underlined\" target=\"_blank\" rel=\"noopener\">la condamnation \u00e0 sept ans de prison du journaliste fran\u00e7ais Christophe Gleizes<\/a>, poursuivi en Alg\u00e9rie pour \u00ab\u00a0apologie du terrorisme\u00a0\u00bb. Un verdict qui a d\u00e9clench\u00e9 une vague d\u2019indignation en France comme en Alg\u00e9rie.<\/p>\n<p>Christophe Gleizes, 36 ans, avait \u00e9t\u00e9 arr\u00eat\u00e9 en mai\u00a02024 alors qu\u2019il r\u00e9alisait un reportage sur la Jeunesse Sportive de Kabylie (JSK). D\u2019abord plac\u00e9 sous contr\u00f4le judiciaire, il est d\u00e9tenu depuis juin apr\u00e8s une premi\u00e8re condamnation identique \u00e0 celle confirm\u00e9e mercredi.<\/p>\n<p>\u00ab\u00a0Un journaliste qui n\u2019a fait que son travail\u00a0\u00bb<\/p>\n<p>R\u00e9uni dans les locaux parisiens de Reporters sans fronti\u00e8res (RSF), son fr\u00e8re, Maxime Gleizes, a parl\u00e9 d\u2019un \u00ab\u00a0choc immense\u00a0\u00bb. \u00ab\u00a0Le journalisme n\u2019est pas un crime, ce sont juste des mots sur du papier\u00a0\u00bb, insiste-t-il.<\/p>\n<p>Le directeur g\u00e9n\u00e9ral de RSF, Thibaut Bruttin, a d\u00e9nonc\u00e9 une \u00ab\u00a0d\u00e9cision aberrante\u00a0\u00bb visant \u00ab\u00a0un journaliste qui n\u2019a fait que son travail\u00a0\u00bb. L\u2019Ong entend d\u00e9sormais \u00e9largir la mobilisation\u00a0: clubs de <a href=\"https:\/\/www.20minutes.fr\/sport\/ligue-1\/\" class=\"c-link c-link--is-underlined\" target=\"_blank\" rel=\"noopener\">Ligue 1<\/a>, mairies, \u00e9lus\u2026 RSF appelle \u00e0 afficher le visage du reporter \u00ab\u00a0sur les frontons\u00a0\u00bb pour maintenir la pression. \u00ab\u00a0Ce gar\u00e7on n\u2019a rien \u00e0 faire en prison\u00a0\u00bb, insiste-t-il exhortant tous les Fran\u00e7ais \u00e0 signer <a href=\"https:\/\/rsf.org\/fr\/petition-nous-appelons-%C3%A0-la-lib%C3%A9ration-imm%C3%A9diate-du-journaliste-sportif-fran%C3%A7ais-christophe-gleizes\" rel=\"nofollow noopener\" target=\"_blank\" class=\"c-link c-link--is-underlined\">une p\u00e9tition<\/a>. Dans la soir\u00e9e, le patron de RSF a \u00e9galement <a href=\"https:\/\/x.com\/sofoot\/status\/1996293360886170031?s=20\" target=\"_blank\" class=\"c-link c-link--is-underlined\">exhort\u00e9 Emmanuel Macron \u00e0 <\/a>\u00ab\u00a0se bouger\u00a0\u00bb et \u00e0 recevoir \u00ab\u00a0sans d\u00e9lai\u00a0\u00bb les parents du journaliste, assurant que \u00ab\u00a0la mobilisation va monter d\u2019un cran\u00a0\u00bb.<\/p>\n<p class=\"mb-m@xs text-l@xs\">En cliquant sur\u00ab J\u2019accepte \u00bb, vous acceptez le d\u00e9p\u00f4t de cookies par des services externes et aurez ainsi acc\u00e8s aux contenus de nos partenaires.<\/p>\n<p class=\"mb-xl@xs text-s@xs\">Plus d\u2019informations sur la page<a href=\"https:\/\/www.20minutes.fr\/gestion-cookies\" class=\"mx-xxs@xs color-ultramarine\" target=\"_blank\" rel=\"noopener\">Politique de gestion des cookies<\/a><\/p>\n<p>J\u2019accepteUne peine \u00ab\u00a0aussi lourde qu\u2019incompr\u00e9hensible\u00a0\u00bb<\/p>\n<p>Les syndicats de journalistes ont rejoint cet appel. Dans un communiqu\u00e9 commun, le SNJ, le SNJ-CGT, la CFDT-Journalistes et le SGJ-FO font part de leur \u00ab\u00a0consternation\u00a0\u00bb face \u00e0 une peine jug\u00e9e \u00ab\u00a0aussi lourde qu\u2019incompr\u00e9hensible\u00a0\u00bb.<\/p>\n<p>Ils s\u2019indignent que les excuses du reporter, entr\u00e9 en Alg\u00e9rie avec un visa touristique au lieu d\u2019un visa presse, n\u2019aient pas \u00e9t\u00e9 prises en compte, et soutiennent que la justice alg\u00e9rienne lui reproche surtout une rencontre avec un dirigeant de club accus\u00e9 de terrorisme.<\/p>\n<p>\u00ab\u00a0Soutien total\u00a0\u00bb de la F\u00e9d\u00e9ration Fran\u00e7aise de Football<\/p>\n<p>Le s\u00e9isme a gagn\u00e9 le monde du sport. La F\u00e9d\u00e9ration fran\u00e7aise de football a r\u00e9affirm\u00e9 son \u00ab\u00a0soutien total\u00a0\u00bb et appel\u00e9 \u00e0 une lib\u00e9ration \u00ab\u00a0dans les plus brefs d\u00e9lais\u00a0\u00bb.<\/p>\n<p>Les \u00e9quipes \u00e9ditoriales de So Foot et Society, avec lesquelles collaborait Christophe Gleizes depuis une dizaine d\u2019ann\u00e9es, ont \u00e9galement exprim\u00e9 leur solidarit\u00e9. Le fondateur de So Press, Franck Annese, s\u2019est dit \u00ab\u00a0sous le choc\u00a0\u00bb, d\u00e9non\u00e7ant une d\u00e9cision \u00ab\u00a0absurde et injuste\u00a0\u00bb. \u00ab\u00a0Il n\u2019a rien \u00e0 faire en prison. Ce jugement est totalement absurde et injuste\u00a0\u00bb, a poursuivi le patron de presse, appelant \u00e0 \u00ab\u00a0continuer \u00e0 faire tout ce qu\u2019on peut pour le sortir de l\u00e0\u00a0\u00bb.<\/p>\n<p>La France attach\u00e9e \u00e0 \u00ab\u00a0la libert\u00e9 de la presse\u00a0\u00bb dans le monde<\/p>\n<p>Du c\u00f4t\u00e9 du gouvernement, la r\u00e9action est ferme\u00a0: la France \u00ab\u00a0regrette vivement\u00a0\u00bb le verdict et \u00ab\u00a0appelle \u00e0 sa lib\u00e9ration\u00a0\u00bb. Le minist\u00e8re des Affaires \u00e9trang\u00e8res juge la sanction incompr\u00e9hensible au regard de la \u00ab\u00a0pleine coop\u00e9ration\u00a0\u00bb du journaliste, rappelant \u00ab\u00a0l\u2019attachement de la France \u00e0 la libert\u00e9 de la presse partout dans le monde\u00a0\u00bb.<\/p>\n<\/p>\n<p>Dans la classe politique, les r\u00e9actions se multiplient. Bruno Retailleau (LR) parle d\u2019une \u00ab\u00a0profonde injustice\u00a0\u00bb et promet que la France \u00ab\u00a0ne l\u2019abandonnera pas\u00a0\u00bb. Boris Vallaud (PS) d\u00e9nonce une d\u00e9cision \u00ab\u00a0grave et inqui\u00e9tante\u00a0\u00bb et r\u00e9clame une r\u00e9action diplomatique plus ferme.<\/p>\n<p>Des parents \u00ab\u00a0effondr\u00e9s\u00a0\u00bb<\/p>\n<p>En Alg\u00e9rie, les parents du journaliste ont accueilli la d\u00e9cision avec effroi. Sa m\u00e8re dit n\u2019avoir \u00ab\u00a0jamais imagin\u00e9\u00a0\u00bb la confirmation du verdict, malgr\u00e9 des signaux r\u00e9cents d\u2019apaisement entre Paris et Alger. Son beau-p\u00e8re se dit \u00ab\u00a0effondr\u00e9\u00a0\u00bb.<\/p>\n<p><a href=\"https:\/\/www.20minutes.fr\/dossier\/algerie\" class=\"c-link c-btn c-btn--primary\" target=\"_blank\" rel=\"noopener\">Notre dossier sur l&rsquo;Alg\u00e9rie<\/a><\/p>\n<p>Son avocat fran\u00e7ais, Emmanuel Daoud, d\u00e9nonce un dossier \u00ab\u00a0vide\u00a0\u00bb ayant conduit \u00e0 une peine \u00ab\u00a0d\u2019une grande s\u00e9v\u00e9rit\u00e9\u00a0\u00bb.<\/p>\n","protected":false},"excerpt":{"rendered":"L\u2019annonce a stup\u00e9fi\u00e9 ses proches, les d\u00e9fenseurs de la presse et une partie de la classe politique fran\u00e7aise.&hellip;\n","protected":false},"author":2,"featured_media":576573,"comment_status":"","ping_status":"","sticky":false,"template":"","format":"standard","meta":{"footnotes":""},"categories":[1888],"tags":[11,15,6219,1013,1073,1777,674,1011,27,9877,2957,303,261,12,11356,626,25,56751,35302,517],"class_list":{"0":"post-576572","1":"post","2":"type-post","3":"status-publish","4":"format-standard","5":"has-post-thumbnail","7":"category-paris","8":"tag-actualites","9":"tag-algerie","10":"tag-boris-vallaud","11":"tag-bruno-retailleau","12":"tag-emmanuel-macron","13":"tag-eu","14":"tag-europe","15":"tag-fr","16":"tag-france","17":"tag-journalisme","18":"tag-journaliste","19":"tag-justice","20":"tag-ministere-des-affaires-etrangeres","21":"tag-news","22":"tag-ong","23":"tag-paris","24":"tag-republique-francaise","25":"tag-rsf","26":"tag-so-foot","27":"tag-sport"},"share_on_mastodon":{"url":"https:\/\/pubeurope.com\/@fr\/115658883486403837","error":""},"_links":{"self":[{"href":"https:\/\/www.europesays.com\/fr\/wp-json\/wp\/v2\/posts\/576572","targetHints":{"allow":["GET"]}}],"collection":[{"href":"https:\/\/www.europesays.com\/fr\/wp-json\/wp\/v2\/posts"}],"about":[{"href":"https:\/\/www.europesays.com\/fr\/wp-json\/wp\/v2\/types\/post"}],"author":[{"embeddable":true,"href":"https:\/\/www.europesays.com\/fr\/wp-json\/wp\/v2\/users\/2"}],"replies":[{"embeddable":true,"href":"https:\/\/www.europesays.com\/fr\/wp-json\/wp\/v2\/comments?post=576572"}],"version-history":[{"count":0,"href":"https:\/\/www.europesays.com\/fr\/wp-json\/wp\/v2\/posts\/576572\/revisions"}],"wp:featuredmedia":[{"embeddable":true,"href":"https:\/\/www.europesays.com\/fr\/wp-json\/wp\/v2\/media\/576573"}],"wp:attachment":[{"href":"https:\/\/www.europesays.com\/fr\/wp-json\/wp\/v2\/media?parent=576572"}],"wp:term":[{"taxonomy":"category","embeddable":true,"href":"https:\/\/www.europesays.com\/fr\/wp-json\/wp\/v2\/categories?post=576572"},{"taxonomy":"post_tag","embeddable":true,"href":"https:\/\/www.europesays.com\/fr\/wp-json\/wp\/v2\/tags?post=576572"}],"curies":[{"name":"wp","href":"https:\/\/api.w.org\/{rel}","templated":true}]}}