{"id":576574,"date":"2025-12-04T02:14:44","date_gmt":"2025-12-04T02:14:44","guid":{"rendered":"https:\/\/www.europesays.com\/fr\/576574\/"},"modified":"2025-12-04T02:14:44","modified_gmt":"2025-12-04T02:14:44","slug":"un-potentiel-conflit-entre-la-russie-et-leurope-est-pris-au","status":"publish","type":"post","link":"https:\/\/www.europesays.com\/fr\/576574\/","title":{"rendered":"\u00ab\u00a0Un potentiel conflit entre la Russie et l&rsquo;Europe est pris au &#8230;"},"content":{"rendered":"<p>En affirmant ce mardi 2 d\u00e9cembre que son pays \u00e9tait \u00ab\u00a0pr\u00eat\u00a0\u00bb \u00e0 entrer en guerre avec l&rsquo;Europe \u00ab\u00a0si les Europ\u00e9ens le souhaitent et commencent\u00a0\u00bb, <strong>le pr\u00e9sident russe Vladimir Poutine a de nouveau fait monter les hostilit\u00e9s. <\/strong><\/p>\n<p><strong>\u00ab\u00a0Nous n\u2019avons pas l\u2019intention de faire la guerre \u00e0 l\u2019Europe. Mais si c\u2019est elle qui la souhaite et qu\u2019elle la d\u00e9clenche, nous sommes pr\u00eats d\u00e8s maintenant\u00a0\u00bb<\/strong>, a-t-il notamment affirm\u00e9 devant les journalistes. Selon lui, les Europ\u00e9ens veulent \u00ab\u00a0contrarier\u00a0\u00bb les initiatives am\u00e9ricaines visant \u00e0 mettre fin au conflit en Ukraine : \u00ab\u00a0ls n\u2019ont aucun plan de paix, ils se rangent du c\u00f4t\u00e9 de la guerre\u00a0\u00bb.<\/p>\n<p>\u00ab\u00a0Une technique habituelle de guerre psychologique\u00a0\u00bb<\/p>\n<p>Invit\u00e9 au micro de <a href=\"https:\/\/www.sudradio.fr\/nos-biographies\/jean-francois-achilli-biographie\" target=\"_blank\" rel=\"noopener\">Jean-Fran\u00e7ois Achilli<\/a> dans <a href=\"https:\/\/www.sudradio.fr\/programme\/la-verite-en-face\" target=\"_blank\" rel=\"noopener\">La V\u00e9rit\u00e9 en face<\/a> sur Sud Radio, Yves Bourdillon, journaliste sp\u00e9cialis\u00e9 sur les questions internationales, est revenu sur les propos de Vladimir Poutine.<\/p>\n<p>Selon lui,<strong> le risque \u00ab\u00a0d&rsquo;un conflit conventionnel entre la Russie et l&rsquo;Europe est pris au s\u00e9rieux \u00e0 l&rsquo;horizon de 3 \u00e0 4 ans par les services de renseignement et les g\u00e9n\u00e9raux\u00a0\u00bb<\/strong>. Selon le journaliste,<strong> la Russie peut monter en puissance<\/strong> : \u00ab\u00a0la soci\u00e9t\u00e9 russe est tr\u00e8s militaris\u00e9e, les ressources sont dirig\u00e9es majoritairement vers le complexe militaro-industriel\u00a0\u00bb<\/p>\n<blockquote class=\"twitter-tweet\">\n<p lang=\"fr\" dir=\"ltr\">.<a href=\"https:\/\/twitter.com\/yvesbourdillon?ref_src=twsrc%5Etfw\" target=\"_blank\" rel=\"noopener\">@yvesbourdillon<\/a> : \u00ab\u00a0Un conflit conventionnel entre la Russie et l&rsquo;Europe est pris au s\u00e9rieux \u00e0 l&rsquo;horizon de 3 \u00e0 4 ans par les services de renseignement et les g\u00e9n\u00e9raux\u00a0\u00bb <a href=\"https:\/\/twitter.com\/hashtag\/LaV%C3%A9rit%C3%A9EnFace?src=hash&amp;ref_src=twsrc%5Etfw\" target=\"_blank\" rel=\"noopener\">#LaV\u00e9rit\u00e9EnFace<\/a> <\/p>\n<p>Suivez le direct : <a href=\"https:\/\/t.co\/QKa5Efuc2W\">https:\/\/t.co\/QKa5Efuc2W<\/a> <a href=\"https:\/\/t.co\/B5oGsImK1A\">pic.twitter.com\/B5oGsImK1A<\/a><\/p>\n<p>\u2014 Sud Radio (@SudRadio) <a href=\"https:\/\/twitter.com\/SudRadio\/status\/1996140527679414734?ref_src=twsrc%5Etfw\" target=\"_blank\" rel=\"noopener\">December 3, 2025<\/a><\/p><\/blockquote>\n<p>\u00ab\u00a0Il essaye de fragiliser l&rsquo;opinion publique occidentale\u00a0\u00bb<\/p>\n<p>N\u00e9anmoins, Yves Bourdillon a tenu \u00e0 relativiser les propos du pr\u00e9sident russe, habitu\u00e9 \u00e0 tenter de fragiliser les opinions publiques occidentales : \u00ab\u00a0Apr\u00e8s l&rsquo;invasion de l&rsquo;Ukraine, il avait dit que tous <strong>ceux qui se mettraient en travers de son chemin subiraient les armes les plus terribles que l&rsquo;humanit\u00e9 n&rsquo;ait jamais con\u00e7ues\u00a0\u00bb<\/strong>, rappelle-t-il.<\/p>\n<p>\u00ab\u00a0C&rsquo;est une <strong>technique habituelle de guerre psychologique <\/strong>tr\u00e8s classique \u00e0 Moscou. Il ne faut pas s&rsquo;affoler\u00a0\u00bb, a-t-il ajout\u00e9 au micro de Jean-Fran\u00e7ois Achilli. \u00ab\u00a0Il essaye de fragiliser l&rsquo;opinion publique occidentale en esp\u00e9rant qu&rsquo;elle fasse pression sur ses dirigeants pour l\u00e2cher l&rsquo;Ukraine\u00a0\u00bb<\/p>\n<blockquote class=\"twitter-tweet\">\n<p lang=\"fr\" dir=\"ltr\">Poutine se dit \u00ab\u00a0pr\u00eat \u00e0 faire la guerre \u00e0 l&rsquo;Europe\u00a0\u00bb : \u00ab\u00a0C&rsquo;est une technique habituelle de guerre psychologique tr\u00e8s classique \u00e0 Moscou. Il ne faut pas s&rsquo;affoler\u00a0\u00bb assure <a href=\"https:\/\/twitter.com\/yvesbourdillon?ref_src=twsrc%5Etfw\" target=\"_blank\" rel=\"noopener\">@yvesbourdillon<\/a> <a href=\"https:\/\/twitter.com\/hashtag\/LaV%C3%A9rit%C3%A9EnFace?src=hash&amp;ref_src=twsrc%5Etfw\" target=\"_blank\" rel=\"noopener\">#LaV\u00e9rit\u00e9EnFace<\/a><\/p>\n<p>Le direct : <a href=\"https:\/\/t.co\/QKa5Efuc2W\">https:\/\/t.co\/QKa5Efuc2W<\/a> <a href=\"https:\/\/t.co\/l4ZVLjdeMc\">pic.twitter.com\/l4ZVLjdeMc<\/a><\/p>\n<p>\u2014 Sud Radio (@SudRadio) <a href=\"https:\/\/twitter.com\/SudRadio\/status\/1996145162418798768?ref_src=twsrc%5Etfw\" target=\"_blank\" rel=\"noopener\">December 3, 2025<\/a><\/p><\/blockquote>\n<p>70% des Fran\u00e7ais inquiets par l&rsquo;hypoth\u00e8se d&rsquo;une IIIe Guerre mondiale<\/p>\n<p>Ces <strong>provocations multiples du pr\u00e9sident russe ne restent pas sans cons\u00e9quences<\/strong> sur l&rsquo;opinion publique. Selon une \u00e9tude r\u00e9alis\u00e9e par <a href=\"https:\/\/www.ifop.com\/\" target=\"_blank\" rel=\"noopener\">l&rsquo;Ifop<\/a>, d\u00e9crypt\u00e9e par Hugo Lasserre, chef de groupe au sein de l&rsquo;Institut,<strong> un potentiel conflit opposant l&rsquo;Europe \u00e0 la Russie est \u00ab\u00a0une r\u00e9elle source d&rsquo;inqui\u00e9tude pour les Fran\u00e7ais\u00a0\u00bb<\/strong><\/p>\n<p><strong>\u00ab\u00a080% des Fran\u00e7ais sont inquiets par les cons\u00e9quences \u00e9conomiques de la guerre en Ukraine<\/strong>. <a href=\"https:\/\/www.sudradio.fr\/monde\/la-declaration-de-donald-trump-qui-a-fait-le-tour-du-monde\" target=\"_blank\" rel=\"noopener\">La menace d&rsquo;une troisi\u00e8me Guerre mondiale<\/a> inqui\u00e8te quant \u00e0 elle 70% des Fran\u00e7ais et l&rsquo;utilisation d&rsquo;armes nucl\u00e9aires 69%\u00a0\u00bb, explique-t-il au micro de Jean-Fran\u00e7ois Achilli.<\/p>\n<blockquote class=\"twitter-tweet\">\n<p lang=\"fr\" dir=\"ltr\">Hugo Lasserre (<a href=\"https:\/\/twitter.com\/IfopOpinion?ref_src=twsrc%5Etfw\" target=\"_blank\" rel=\"noopener\">@IfopOpinion<\/a>) : \u00ab\u00a0La potentielle menace d&rsquo;une troisi\u00e8me guerre mondiale et l&rsquo;extension du conflit russo-ukrainien en Europe et \u00e0 l&rsquo;\u00e9chelle internationale, est une r\u00e9elle source d&rsquo;inqui\u00e9tude pour les Fran\u00e7ais\u00a0\u00bb <a href=\"https:\/\/twitter.com\/hashtag\/LaV%C3%A9rit%C3%A9EnFace?src=hash&amp;ref_src=twsrc%5Etfw\" target=\"_blank\" rel=\"noopener\">#LaV\u00e9rit\u00e9EnFace<\/a> <\/p>\n<p>Le direct : <a href=\"https:\/\/t.co\/QKa5Efuc2W\">https:\/\/t.co\/QKa5Efuc2W<\/a> <a href=\"https:\/\/t.co\/CzcRQ3Pxvq\">pic.twitter.com\/CzcRQ3Pxvq<\/a><\/p>\n<p>\u2014 Sud Radio (@SudRadio) <a href=\"https:\/\/twitter.com\/SudRadio\/status\/1996143401045999756?ref_src=twsrc%5Etfw\" target=\"_blank\" rel=\"noopener\">December 3, 2025<\/a><\/p><\/blockquote>\n<p>Si vous \u00eates int\u00e9ress\u00e9s par le sujet, vous pouvez retrouver l&rsquo;\u00e9mission int\u00e9grale <a href=\"https:\/\/www.sudradio.fr\/emission\/la-verite-en-face-294\" target=\"_blank\" rel=\"noopener\">ici.<\/a> <\/p>\n<p>                            <script async src=\"https:\/\/platform.twitter.com\/widgets.js\" charset=\"utf-8\"><\/script><\/p>\n","protected":false},"excerpt":{"rendered":"En affirmant ce mardi 2 d\u00e9cembre que son pays \u00e9tait \u00ab\u00a0pr\u00eat\u00a0\u00bb \u00e0 entrer en guerre avec l&rsquo;Europe \u00ab\u00a0si&hellip;\n","protected":false},"author":2,"featured_media":576575,"comment_status":"","ping_status":"","sticky":false,"template":"","format":"standard","meta":{"footnotes":""},"categories":[1591],"tags":[11,1887,12,2405,1885,1886,132],"class_list":{"0":"post-576574","1":"post","2":"type-post","3":"status-publish","4":"format-standard","5":"has-post-thumbnail","7":"category-russie","8":"tag-actualites","9":"tag-federation-de-russie","10":"tag-news","11":"tag-poutine","12":"tag-russia","13":"tag-russian-federation","14":"tag-russie"},"share_on_mastodon":{"url":"https:\/\/pubeurope.com\/@fr\/115658887297874589","error":""},"_links":{"self":[{"href":"https:\/\/www.europesays.com\/fr\/wp-json\/wp\/v2\/posts\/576574","targetHints":{"allow":["GET"]}}],"collection":[{"href":"https:\/\/www.europesays.com\/fr\/wp-json\/wp\/v2\/posts"}],"about":[{"href":"https:\/\/www.europesays.com\/fr\/wp-json\/wp\/v2\/types\/post"}],"author":[{"embeddable":true,"href":"https:\/\/www.europesays.com\/fr\/wp-json\/wp\/v2\/users\/2"}],"replies":[{"embeddable":true,"href":"https:\/\/www.europesays.com\/fr\/wp-json\/wp\/v2\/comments?post=576574"}],"version-history":[{"count":0,"href":"https:\/\/www.europesays.com\/fr\/wp-json\/wp\/v2\/posts\/576574\/revisions"}],"wp:featuredmedia":[{"embeddable":true,"href":"https:\/\/www.europesays.com\/fr\/wp-json\/wp\/v2\/media\/576575"}],"wp:attachment":[{"href":"https:\/\/www.europesays.com\/fr\/wp-json\/wp\/v2\/media?parent=576574"}],"wp:term":[{"taxonomy":"category","embeddable":true,"href":"https:\/\/www.europesays.com\/fr\/wp-json\/wp\/v2\/categories?post=576574"},{"taxonomy":"post_tag","embeddable":true,"href":"https:\/\/www.europesays.com\/fr\/wp-json\/wp\/v2\/tags?post=576574"}],"curies":[{"name":"wp","href":"https:\/\/api.w.org\/{rel}","templated":true}]}}